{"id":30313,"date":"2020-06-04T09:13:11","date_gmt":"2020-06-04T12:13:11","guid":{"rendered":"https:\/\/www.tjes.jus.br\/corregedoria\/?p=30313"},"modified":"2020-06-04T09:24:44","modified_gmt":"2020-06-04T12:24:44","slug":"provimento-no-18-2020-disp-04-06-2020","status":"publish","type":"post","link":"https:\/\/www.tjes.jus.br\/corregedoria\/2020\/06\/04\/provimento-no-18-2020-disp-04-06-2020\/","title":{"rendered":"PROVIMENTO N\u00ba 18\/2020 \u2013 DISP. 04\/06\/2020"},"content":{"rendered":"<p align=\"center\"><strong>ESTADO DO ESP\u00cdRITO SANTO<\/strong><\/p>\n<p align=\"center\"><strong>PODER JUDICI\u00c1RIO<\/strong><\/p>\n<p align=\"center\"><strong>CORREGEDORIA GERAL DA JUSTI\u00c7A<\/strong><\/p>\n<p>&nbsp;<\/p>\n<p align=\"center\"><strong>PROVIMENTO CGJES N\u00ba 18\/2020<\/strong><\/p>\n<p>Prorroga o prazo de vig\u00eancia dos Provimentos <a href=\"https:\/\/www.tjes.jus.br\/corregedoria\/2020\/04\/02\/provimento-cgjes-no-07-2020-disp-02-04-2020\/\">n\u00ba 7\/2020<\/a> e <a href=\"https:\/\/www.tjes.jus.br\/corregedoria\/2020\/04\/03\/provimento-no-9-2020-disp-03-04-2020\/\">n\u00ba 9\/2020<\/a>, todos desta Corregedoria Geral da Justi\u00e7a e d\u00e1 outras provid\u00eancias.<\/p>\n<p style=\"text-align: justify;\">O Desembargador\u00a0<strong>NEY BATISTA COUTINHO<\/strong>, Corregedor Geral da Justi\u00e7a do Estado do Esp\u00edrito Santo, no uso de suas atribui\u00e7\u00f5es legais e,<\/p>\n<p style=\"text-align: justify;\"><strong>CONSIDERANDO\u00a0<\/strong>que compete \u00e0 Corregedoria Geral da\u00a0Justi\u00e7a orientar, normatizar e fiscalizar as atividades das serventias extrajudiciais;<\/p>\n<p style=\"text-align: justify;\"><strong>CONSIDERANDO<\/strong>\u00a0a publica\u00e7\u00e3o da Portaria n\u00ba 79, de 22 de maio de 2020, pelo colendo Conselho Nacional de Justi\u00e7a, que prorroga o prazo de vig\u00eancia das Resolu\u00e7\u00f5es\u00a0<a href=\"https:\/\/atos.cnj.jus.br\/atos\/detalhar\/3249\">n\u00ba 313\/ 2020<\/a>,\u00a0<a href=\"https:\/\/atos.cnj.jus.br\/atos\/detalhar\/3283\">n\u00ba 314\/2020<\/a>\u00a0e\u00a0<a href=\"https:\/\/atos.cnj.jus.br\/atos\/detalhar\/3308\">n\u00ba 318\/2020,<\/a>\u00a0todas daquele Conselho;<\/p>\n<p style=\"text-align: justify;\"><strong>CONSIDERANDO<\/strong>\u00a0a publica\u00e7\u00e3o do Provimento n\u00ba 101, de 27 de maio de 2020, pela colenda Corregedoria Nacional de Justi\u00e7a, que prorroga o prazo de vig\u00eancia dos Provimentos\u00a0n\u00bas 91\/2020, 93\/2020, 94\/2020, 95\/2020, 97\/2020 e 98\/2020, todas daquele Conselho;<\/p>\n<p style=\"text-align: justify;\"><strong>RESOLVE:<\/strong><\/p>\n<p style=\"text-align: justify;\"><strong>\u00a0<\/strong><\/p>\n<p style=\"text-align: justify;\"><strong>Art. 1\u00ba.<\/strong>\u00a0Ficam prorrogados para o dia 14 de junho de 2020 os prazos de vig\u00eancia dos Provimentos <a href=\"https:\/\/www.tjes.jus.br\/corregedoria\/2020\/04\/02\/provimento-cgjes-no-07-2020-disp-02-04-2020\/\">n\u00ba\u00a07\/2020<\/a>\u00a0e <a href=\"https:\/\/www.tjes.jus.br\/corregedoria\/2020\/04\/03\/provimento-no-9-2020-disp-03-04-2020\/\">\u00a0n\u00ba 9\/2020<\/a>, todos desta Corregedoria Geral da Justi\u00e7a, que poder\u00e1 ser ampliado ou reduzido por ato desta Corregedoria em conson\u00e2ncia com a colenda Corregedoria Nacional de Justi\u00e7a, caso necess\u00e1rio.<\/p>\n<p style=\"text-align: justify;\"><strong>\u00a0<\/strong><\/p>\n<p style=\"text-align: justify;\"><strong>Art. 2\u00ba.<\/strong>\u00a0Os casos omissos e eventuais d\u00favidas ser\u00e3o decididos pelo Corregedor Geral da Justi\u00e7a.<\/p>\n<p style=\"text-align: justify;\"><strong>\u00a0<\/strong><\/p>\n<p style=\"text-align: justify;\"><strong>Art. 3\u00ba.<\/strong>\u00a0Este Provimento entrar\u00e1 em vigor a partir de 1\u00ba\u00a0de junho de 2020.<\/p>\n<p style=\"text-align: justify;\"><strong>Publique-se.<\/strong><\/p>\n<p style=\"text-align: left;\" align=\"center\">Vit\u00f3ria (ES), 1\u00ba de junho de 2020.<\/p>\n<p align=\"center\"><strong>DES. NEY BATISTA COUTINHO<\/strong><\/p>\n<p align=\"center\">Corregedor Geral da Justi\u00e7a<\/p>\n","protected":false},"excerpt":{"rendered":"<p>ESTADO DO ESP\u00cdRITO SANTO PODER JUDICI\u00c1RIO CORREGEDORIA GERAL DA JUSTI\u00c7A &nbsp; PROVIMENTO CGJES N\u00ba 18\/2020 Prorroga o prazo de vig\u00eancia dos Provimentos n\u00ba 7\/2020 e n\u00ba 9\/2020, todos desta Corregedoria Geral da Justi\u00e7a e d\u00e1 outras provid\u00eancias. O Desembargador\u00a0NEY BATISTA COUTINHO, Corregedor Geral da Justi\u00e7a do Estado do Esp\u00edrito Santo, no uso de suas atribui\u00e7\u00f5es [&hellip;]<\/p>\n","protected":false},"author":8,"featured_media":0,"comment_status":"closed","ping_status":"closed","sticky":false,"template":"","format":"standard","meta":{"footnotes":""},"categories":[14,16],"tags":[],"_links":{"self":[{"href":"https:\/\/www.tjes.jus.br\/corregedoria\/wp-json\/wp\/v2\/posts\/30313"}],"collection":[{"href":"https:\/\/www.tjes.jus.br\/corregedoria\/wp-json\/wp\/v2\/posts"}],"about":[{"href":"https:\/\/www.tjes.jus.br\/corregedoria\/wp-json\/wp\/v2\/types\/post"}],"author":[{"embeddable":true,"href":"https:\/\/www.tjes.jus.br\/corregedoria\/wp-json\/wp\/v2\/users\/8"}],"replies":[{"embeddable":true,"href":"https:\/\/www.tjes.jus.br\/corregedoria\/wp-json\/wp\/v2\/comments?post=30313"}],"version-history":[{"count":4,"href":"https:\/\/www.tjes.jus.br\/corregedoria\/wp-json\/wp\/v2\/posts\/30313\/revisions"}],"predecessor-version":[{"id":30322,"href":"https:\/\/www.tjes.jus.br\/corregedoria\/wp-json\/wp\/v2\/posts\/30313\/revisions\/30322"}],"wp:attachment":[{"href":"https:\/\/www.tjes.jus.br\/corregedoria\/wp-json\/wp\/v2\/media?parent=30313"}],"wp:term":[{"taxonomy":"category","embeddable":true,"href":"https:\/\/www.tjes.jus.br\/corregedoria\/wp-json\/wp\/v2\/categories?post=30313"},{"taxonomy":"post_tag","embeddable":true,"href":"https:\/\/www.tjes.jus.br\/corregedoria\/wp-json\/wp\/v2\/tags?post=30313"}],"curies":[{"name":"wp","href":"https:\/\/api.w.org\/{rel}","templated":true}]}}