{"id":30316,"date":"2020-06-04T09:14:57","date_gmt":"2020-06-04T12:14:57","guid":{"rendered":"https:\/\/www.tjes.jus.br\/corregedoria\/?p=30316"},"modified":"2020-06-04T09:17:41","modified_gmt":"2020-06-04T12:17:41","slug":"provimento-no-19-2020-disp-04-06-2020","status":"publish","type":"post","link":"https:\/\/www.tjes.jus.br\/corregedoria\/2020\/06\/04\/provimento-no-19-2020-disp-04-06-2020\/","title":{"rendered":"PROVIMENTO N\u00ba 19\/2020 \u2013 DISP. 04\/06\/2020"},"content":{"rendered":"<p align=\"center\"><strong>ESTADO DO ESP\u00cdRITO SANTO<\/strong><\/p>\n<p align=\"center\"><strong>PODER JUDICI\u00c1RIO<\/strong><\/p>\n<p align=\"center\"><strong>CORREGEDORIA GERAL DA JUSTI\u00c7A<\/strong><\/p>\n<p>&nbsp;<\/p>\n<p align=\"center\"><strong>PROVIMENTO CGJES N.\u00ba 019\/2020<\/strong><\/p>\n<p>&nbsp;<\/p>\n<p>O Excelent\u00edssimo Senhor Desembargador\u00a0<strong>NEY BATISTA COUTINHO<\/strong>, Corregedor Geral da Justi\u00e7a do Estado do Esp\u00edrito Santo, no uso de suas atribui\u00e7\u00f5es legais e,<\/p>\n<p style=\"text-align: justify;\"><strong>CONSIDERANDO<\/strong>\u00a0que a Corregedoria Geral da Justi\u00e7a \u00e9 \u00f3rg\u00e3o de fiscaliza\u00e7\u00e3o, disciplina e orienta\u00e7\u00e3o administrativa, com jurisdi\u00e7\u00e3o em todo o Estado, conforme art. 35 da Lei Complementar Estadual n.\u00ba 234\/2002 (COJES) e art. 37 da Lei Federal n.\u00ba 8.935\/94 (Lei dos Not\u00e1rios e Registradores).<\/p>\n<p style=\"text-align: justify;\"><strong>CONSIDERANDO<\/strong>\u00a0a an\u00e1lise da viabilidade de implementa\u00e7\u00e3o da comunica\u00e7\u00e3o eletr\u00f4nica de venda de ve\u00edculos pelos Cart\u00f3rios de Tabelionato de Notas ao DETRAN\/ES;<\/p>\n<p style=\"text-align: justify;\"><strong>CONSIDERANDO<\/strong>\u00a0a necessidade de acompanhar o desenvolvimento social e mercadol\u00f3gico, bem como possibilitar ao usu\u00e1rio do sistema mais comodidade e seguran\u00e7a aos envolvidos;<\/p>\n<p style=\"text-align: justify;\"><strong>RESOLVE:<\/strong><\/p>\n<p style=\"text-align: justify;\"><strong>Art. 1\u00ba<\/strong>\u00a0\u2013 Acrescentar o Art. 696-A, ao C\u00f3digo de Normas da Corregedoria Geral de Justi\u00e7a, com o seguinte teor:<\/p>\n<p style=\"text-align: justify;\">Art. 696-A. No reconhecimento de firma por autenticidade em documento de aliena\u00e7\u00e3o de ve\u00edculo automotor, poder\u00e1 o tabeli\u00e3o de notas, a pedido do interessado, por meio de conv\u00eanio entre entidade de sua classe e o \u00f3rg\u00e3o de tr\u00e2nsito competente, de acordo com a Resolu\u00e7\u00e3o n\u00ba 398, de 13 de dezembro de 2011, do Conselho Nacional de Tr\u00e2nsito, efetuar eletronicamente a comunica\u00e7\u00e3o da aliena\u00e7\u00e3o, na forma e para os fins previstos no art. 134, caput e par\u00e1grafo \u00fanico, do C\u00f3digo de Tr\u00e2nsito Brasileiro.<\/p>\n<p style=\"text-align: justify;\">\u00a7 1\u00ba Feita a comunica\u00e7\u00e3o, o tabeli\u00e3o de notas dever\u00e1 entregar ao interessado certid\u00e3o dando conta disso, na qual constar\u00e1: a) identifica\u00e7\u00e3o do comprador com nome ou raz\u00e3o social, RG, CPF ou CNPJ, endere\u00e7o completo e data; e b) identifica\u00e7\u00e3o do ve\u00edculo por meio da placa e CPF ou CNPJ do antigo propriet\u00e1rio.<\/p>\n<p style=\"text-align: justify;\">\u00a7 2\u00ba Uma via da certid\u00e3o de que trata o par\u00e1grafo anterior dever\u00e1 ser lavrada em cart\u00f3rio, devendo ser apresentada ao \u00f3rg\u00e3o de tr\u00e2nsito, em at\u00e9 48 (quarenta e oito) horas, quando este eventualmente necessitar e solicitar.<\/p>\n<p style=\"text-align: justify;\">\u00a7 3\u00ba Pelo servi\u00e7o prestado ao usu\u00e1rio, o tabeli\u00e3o perceber\u00e1 emolumentos relativos aos atos de transmiss\u00e3o de dados e expedi\u00e7\u00e3o de certid\u00e3o, n\u00e3o podendo repassar \u00e0quele qualquer outro valor de custo.<\/p>\n<p style=\"text-align: justify;\">\u00a7 4\u00ba O tabeli\u00e3o de notas dever\u00e1 esclarecer ao usu\u00e1rio que o servi\u00e7o de que trata este artigo \u00e9 facultativo, podendo ele optar por fazer pessoalmente a comunica\u00e7\u00e3o diretamente ao \u00f3rg\u00e3o de tr\u00e2nsito, de forma gratuita.<\/p>\n<p style=\"text-align: justify;\"><strong>Art. 2\u00ba<\/strong>\u00a0\u2013 Este Provimento entrar\u00e1 em vigor ap\u00f3s decorridos quinze (15) dias de sua publica\u00e7\u00e3o oficial.<\/p>\n<p style=\"text-align: justify;\"><strong>Publique-se. Cumpra-se.<\/strong><\/p>\n<p style=\"text-align: justify;\">Vit\u00f3ria (ES), 26 de maio de 2020.<\/p>\n<p align=\"center\"><strong>Desembargador NEY BATISTA COUTINHO<\/strong><\/p>\n<p align=\"center\"><strong>Corregedor Geral da Justi\u00e7a<\/strong><\/p>\n<p align=\"center\"><strong>\u00a0<\/strong><\/p>\n","protected":false},"excerpt":{"rendered":"<p>ESTADO DO ESP\u00cdRITO SANTO PODER JUDICI\u00c1RIO CORREGEDORIA GERAL DA JUSTI\u00c7A &nbsp; PROVIMENTO CGJES N.\u00ba 019\/2020 &nbsp; O Excelent\u00edssimo Senhor Desembargador\u00a0NEY BATISTA COUTINHO, Corregedor Geral da Justi\u00e7a do Estado do Esp\u00edrito Santo, no uso de suas atribui\u00e7\u00f5es legais e, CONSIDERANDO\u00a0que a Corregedoria Geral da Justi\u00e7a \u00e9 \u00f3rg\u00e3o de fiscaliza\u00e7\u00e3o, disciplina e orienta\u00e7\u00e3o administrativa, com jurisdi\u00e7\u00e3o em [&hellip;]<\/p>\n","protected":false},"author":8,"featured_media":0,"comment_status":"closed","ping_status":"closed","sticky":false,"template":"","format":"standard","meta":{"footnotes":""},"categories":[14,16],"tags":[],"_links":{"self":[{"href":"https:\/\/www.tjes.jus.br\/corregedoria\/wp-json\/wp\/v2\/posts\/30316"}],"collection":[{"href":"https:\/\/www.tjes.jus.br\/corregedoria\/wp-json\/wp\/v2\/posts"}],"about":[{"href":"https:\/\/www.tjes.jus.br\/corregedoria\/wp-json\/wp\/v2\/types\/post"}],"author":[{"embeddable":true,"href":"https:\/\/www.tjes.jus.br\/corregedoria\/wp-json\/wp\/v2\/users\/8"}],"replies":[{"embeddable":true,"href":"https:\/\/www.tjes.jus.br\/corregedoria\/wp-json\/wp\/v2\/comments?post=30316"}],"version-history":[{"count":3,"href":"https:\/\/www.tjes.jus.br\/corregedoria\/wp-json\/wp\/v2\/posts\/30316\/revisions"}],"predecessor-version":[{"id":30320,"href":"https:\/\/www.tjes.jus.br\/corregedoria\/wp-json\/wp\/v2\/posts\/30316\/revisions\/30320"}],"wp:attachment":[{"href":"https:\/\/www.tjes.jus.br\/corregedoria\/wp-json\/wp\/v2\/media?parent=30316"}],"wp:term":[{"taxonomy":"category","embeddable":true,"href":"https:\/\/www.tjes.jus.br\/corregedoria\/wp-json\/wp\/v2\/categories?post=30316"},{"taxonomy":"post_tag","embeddable":true,"href":"https:\/\/www.tjes.jus.br\/corregedoria\/wp-json\/wp\/v2\/tags?post=30316"}],"curies":[{"name":"wp","href":"https:\/\/api.w.org\/{rel}","templated":true}]}}