{"id":30339,"date":"2020-06-10T06:34:57","date_gmt":"2020-06-10T09:34:57","guid":{"rendered":"https:\/\/www.tjes.jus.br\/corregedoria\/?p=30339"},"modified":"2020-06-10T06:34:57","modified_gmt":"2020-06-10T09:34:57","slug":"provimento-no-20-2020-disp-10-06-2020","status":"publish","type":"post","link":"https:\/\/www.tjes.jus.br\/corregedoria\/2020\/06\/10\/provimento-no-20-2020-disp-10-06-2020\/","title":{"rendered":"PROVIMENTO N\u00ba 20\/2020 \u2013 DISP. 10\/06\/2020"},"content":{"rendered":"<p align=\"center\"><strong>PROVIMENTO N.\u00ba 20\/2020<\/strong><\/p>\n<p>&nbsp;<\/p>\n<p style=\"text-align: justify;\">O Excelent\u00edssimo Senhor Desembargador\u00a0<strong>NEY BATISTA COUTINHO<\/strong>, Corregedor Geral da Justi\u00e7a do Estado do Esp\u00edrito Santo, no uso de suas atribui\u00e7\u00f5es legais e,<\/p>\n<p style=\"text-align: justify;\"><strong>CONSIDERANDO<\/strong>\u00a0a <a href=\"https:\/\/atos.cnj.jus.br\/atos\/detalhar\/3333\">Resolu\u00e7\u00e3o n\u00ba 322<\/a>, de 01 de junho de 2020, do Conselho Nacional de Justi\u00e7a, que estabelece, no \u00e2mbito do Poder Judici\u00e1rio, regras m\u00ednimas para a retomada dos servi\u00e7os presenciais, observadas as a\u00e7\u00f5es necess\u00e1rias para preven\u00e7\u00e3o de cont\u00e1gio pelo novo Coronav\u00edrus \u2013 Covid-19, e d\u00e1 outras provid\u00eancias;<\/p>\n<p style=\"text-align: justify;\"><strong>CONSIDERANDO<\/strong>\u00a0que o artigo 2\u00ba, \u00a7 2\u00ba, da <a href=\"https:\/\/atos.cnj.jus.br\/atos\/detalhar\/3333\">Resolu\u00e7\u00e3o n\u00ba 322\/2020<\/a> do CNJ, prev\u00ea que antes de autorizar o in\u00edcio da etapa preliminar para retomada dos servi\u00e7os presenciais, deve haver consulta a diversos \u00f3rg\u00e3os p\u00fablicos, dentre eles o Minist\u00e9rio da Sa\u00fade, a Ag\u00eancia Nacional de Vigil\u00e2ncia Sanit\u00e1ria, a Secretaria Estadual de Sa\u00fade, o Minist\u00e9rio P\u00fabico, a Ordem dos Advogados do Brasil e a Defensoria P\u00fablica;<\/p>\n<p style=\"text-align: justify;\"><strong>CONSIDERANDO<\/strong>\u00a0que o artigo 2\u00ba, \u00a7 4\u00ba, da <a href=\"https:\/\/atos.cnj.jus.br\/atos\/detalhar\/3333\">Resolu\u00e7\u00e3o n\u00ba 322\/2020<\/a> do CNJ, informa que ser\u00e1 preferencialmente mantido o atendimento virtual, na forma das Resolu\u00e7\u00f5es CNJ <a href=\"https:\/\/atos.cnj.jus.br\/atos\/detalhar\/3249\">n\u00ba 313\/2020<\/a>, <a href=\"https:\/\/atos.cnj.jus.br\/atos\/detalhar\/3283\">n\u00ba 314\/2020<\/a> e <a href=\"https:\/\/atos.cnj.jus.br\/atos\/detalhar\/3308\">n\u00ba 318\/2020<\/a>, adotando-se o atendimento presencial apenas quando estritamente necess\u00e1rio;<\/p>\n<p style=\"text-align: justify;\"><strong>CONSIDERANDO<\/strong>\u00a0que o artigo 3\u00ba, II, <a href=\"https:\/\/atos.cnj.jus.br\/atos\/detalhar\/3333\">Resolu\u00e7\u00e3o n\u00ba 322\/2020<\/a> do CNJ, permite a manuten\u00e7\u00e3o da suspens\u00e3o dos prazos processuais apenas dos processos f\u00edsicos, caso seja determinado o prosseguimento do regime especial estabelecido na <a href=\"https:\/\/atos.cnj.jus.br\/atos\/detalhar\/3283\">Resolu\u00e7\u00e3o CNJ n\u00ba 314\/2020<\/a>, pelo per\u00edodo que for necess\u00e1rio;<\/p>\n<p style=\"text-align: justify;\"><strong>CONSIDERANDO<\/strong>\u00a0a Portaria n\u00ba 103-R, de 06 de junho de 2020, da Secretaria de Estado da Sa\u00fade do Esp\u00edrito Santo, na qual estabelece e divulga o mapeamento de risco institu\u00eddo pelo Decreto n\u00ba 4636-R, de 19 de abril de 2020, na forma da Portaria n\u00ba 093-R, de 23 de maio de 2020, onde se constata que praticamente a metade dos munic\u00edpios capixabas atingiram o patamar de RISCO ALTO e a outra metade encontra-se classificada como RISCO MODERADO, exigindo a ado\u00e7\u00e3o de medidas qualificadas para enfrentamento da emerg\u00eancia de sa\u00fade p\u00fablica decorrente do novo coronav\u00edrus (COVID-19);<\/p>\n<p style=\"text-align: justify;\"><strong>CONSIDERANDO\u00a0<\/strong>o <a href=\"https:\/\/www.tjes.jus.br\/corregedoria\/2020\/06\/09\/ato-normativo-no-079-2020-disp-09-06-2020\/\">Ato Normativo n\u00ba 79\/2020<\/a> da Presid\u00eancia do Tribunal de Justi\u00e7a do Estado do Esp\u00edrito Santo, que prorroga, no \u00e2mbito deste Poder Judici\u00e1rio Estadual, o prazo de vig\u00eancia dos Atos Normativos <a href=\"https:\/\/www.tjes.jus.br\/corregedoria\/2020\/03\/23\/ato-normativo-no-064-2020-disp-23-03-2020\/\">n\u00b0 64\/2020<\/a>, <a href=\"https:\/\/www.tjes.jus.br\/corregedoria\/2020\/04\/28\/ato-normativo-no-068-2020-disp-28-04-2020\/\">n\u00ba 68\/2020<\/a> e <a href=\"https:\/\/www.tjes.jus.br\/corregedoria\/2020\/05\/13\/ato-normativo-no-071-2020-disp-13-05-2020-republicacao\/\">n\u00ba 71\/2020<\/a>;<\/p>\n<p style=\"text-align: justify;\"><strong>RESOLVE:<\/strong><\/p>\n<p style=\"text-align: justify;\"><strong>\u00a0<\/strong><\/p>\n<p style=\"text-align: justify;\"><strong>Art. 1\u00ba.\u00a0<\/strong>Ficam prorrogados para o dia 30 de junho de 2020 os prazos de vig\u00eancia dos Provimentos n\u00ba <a href=\"https:\/\/www.tjes.jus.br\/corregedoria\/2020\/03\/23\/provimento-no-05-2020-disp-23-03-2020\/\">5\/2020<\/a>, <a href=\"https:\/\/www.tjes.jus.br\/corregedoria\/2020\/04\/29\/provimento-no-12-2020-disp-29-04-2020\/\">n\u00ba 12\/2020<\/a> e <a href=\"https:\/\/www.tjes.jus.br\/corregedoria\/2020\/05\/12\/provimento-no-14-2020-disp-12-05-2020\/\">n\u00ba 14\/2020<\/a>, todos desta Corregedoria Geral da Justi\u00e7a, que poder\u00e3o ser ampliados ou reduzidos por ato deste \u00f3rg\u00e3o censor em conson\u00e2ncia com a egr\u00e9gia Presid\u00eancia do Conselho Nacional de Justi\u00e7a, caso necess\u00e1rio.<\/p>\n<p style=\"text-align: justify;\"><strong>\u00a0<\/strong><\/p>\n<p style=\"text-align: justify;\"><strong>Art. 2\u00ba.\u00a0<\/strong>Este Provimento entrar\u00e1 em vigor na data de sua publica\u00e7\u00e3o.<\/p>\n<p style=\"text-align: justify;\"><strong>Publique-se.<\/strong><\/p>\n<p align=\"center\">Vit\u00f3ria\/ES, 09 de junho de 2020.<\/p>\n<p align=\"center\"><strong>Desembargador NEY BATISTA COUTINHO<\/strong><\/p>\n<p align=\"center\"><strong>Corregedor Geral da Justi\u00e7a<\/strong><\/p>\n","protected":false},"excerpt":{"rendered":"<p>PROVIMENTO N.\u00ba 20\/2020 &nbsp; O Excelent\u00edssimo Senhor Desembargador\u00a0NEY BATISTA COUTINHO, Corregedor Geral da Justi\u00e7a do Estado do Esp\u00edrito Santo, no uso de suas atribui\u00e7\u00f5es legais e, CONSIDERANDO\u00a0a Resolu\u00e7\u00e3o n\u00ba 322, de 01 de junho de 2020, do Conselho Nacional de Justi\u00e7a, que estabelece, no \u00e2mbito do Poder Judici\u00e1rio, regras m\u00ednimas para a retomada dos servi\u00e7os [&hellip;]<\/p>\n","protected":false},"author":8,"featured_media":0,"comment_status":"closed","ping_status":"closed","sticky":false,"template":"","format":"standard","meta":{"footnotes":""},"categories":[14,16],"tags":[],"_links":{"self":[{"href":"https:\/\/www.tjes.jus.br\/corregedoria\/wp-json\/wp\/v2\/posts\/30339"}],"collection":[{"href":"https:\/\/www.tjes.jus.br\/corregedoria\/wp-json\/wp\/v2\/posts"}],"about":[{"href":"https:\/\/www.tjes.jus.br\/corregedoria\/wp-json\/wp\/v2\/types\/post"}],"author":[{"embeddable":true,"href":"https:\/\/www.tjes.jus.br\/corregedoria\/wp-json\/wp\/v2\/users\/8"}],"replies":[{"embeddable":true,"href":"https:\/\/www.tjes.jus.br\/corregedoria\/wp-json\/wp\/v2\/comments?post=30339"}],"version-history":[{"count":1,"href":"https:\/\/www.tjes.jus.br\/corregedoria\/wp-json\/wp\/v2\/posts\/30339\/revisions"}],"predecessor-version":[{"id":30340,"href":"https:\/\/www.tjes.jus.br\/corregedoria\/wp-json\/wp\/v2\/posts\/30339\/revisions\/30340"}],"wp:attachment":[{"href":"https:\/\/www.tjes.jus.br\/corregedoria\/wp-json\/wp\/v2\/media?parent=30339"}],"wp:term":[{"taxonomy":"category","embeddable":true,"href":"https:\/\/www.tjes.jus.br\/corregedoria\/wp-json\/wp\/v2\/categories?post=30339"},{"taxonomy":"post_tag","embeddable":true,"href":"https:\/\/www.tjes.jus.br\/corregedoria\/wp-json\/wp\/v2\/tags?post=30339"}],"curies":[{"name":"wp","href":"https:\/\/api.w.org\/{rel}","templated":true}]}}