{"id":30364,"date":"2020-06-10T07:16:28","date_gmt":"2020-06-10T10:16:28","guid":{"rendered":"https:\/\/www.tjes.jus.br\/corregedoria\/?p=30364"},"modified":"2020-06-10T07:16:28","modified_gmt":"2020-06-10T10:16:28","slug":"resolucao-no-37-2020-disp-09-06-2020","status":"publish","type":"post","link":"https:\/\/www.tjes.jus.br\/corregedoria\/2020\/06\/10\/resolucao-no-37-2020-disp-09-06-2020\/","title":{"rendered":"RESOLU\u00c7\u00c3O N\u00ba 37\/2020 \u2013 DISP. 09\/06\/2020"},"content":{"rendered":"<p align=\"center\"><strong>ESTADO DO ESP\u00cdRITO SANTO<\/strong><\/p>\n<p align=\"center\"><strong>PODER JUDICI\u00c1RIO<\/strong><\/p>\n<p align=\"center\"><strong>TRIBUNAL DE JUSTI\u00c7A<\/strong><\/p>\n<p align=\"center\"><strong>GABINETE DA PRESID\u00caNCIA<\/strong><\/p>\n<p align=\"center\">\n<p align=\"center\"><strong>RESOLU\u00c7\u00c3O N\u00b0 037\/2020<\/strong><\/p>\n<p>&nbsp;<\/p>\n<p style=\"text-align: justify;\">Disciplina a integra\u00e7\u00e3o das Comarcas de S\u00e3o Jos\u00e9 do Cal\u00e7ado, Bom Jesus do Norte e Apiac\u00e1.<\/p>\n<p style=\"text-align: justify;\">\n<p style=\"text-align: justify;\">O Excelent\u00edssimo Senhor Presidente do Egr\u00e9gio Tribunal de Justi\u00e7a do Estado do Esp\u00edrito Santo, Desembargador RONALDO GON\u00c7ALVES DE SOUSA, no uso de suas atribui\u00e7\u00f5es legais e tendo em vista decis\u00e3o por maioria do Egr\u00e9gio Tribunal Pleno;<\/p>\n<p style=\"text-align: justify;\">\n<p style=\"text-align: justify;\"><strong>CONSIDERANDO\u00a0<\/strong>o disposto no art. 4\u00ba, da Lei Complementar Estadual n\u00ba 234\/2002, que permite a reuni\u00e3o de duas ou mais comarcas cont\u00edguas para que constituam uma comarca integrada;<\/p>\n<p style=\"text-align: justify;\">\n<p style=\"text-align: justify;\"><strong>CONSIDERANDO\u00a0<\/strong>o disposto no art. 9\u00ba, da Resolu\u00e7\u00e3o n\u00ba 184 do Conselho Nacional de Justi\u00e7a \u2013 CNJ, que determina aos tribunais a ado\u00e7\u00e3o de provid\u00eancias para extin\u00e7\u00e3o, transforma\u00e7\u00e3o ou transfer\u00eancia de unidades judici\u00e1rias e\/ou comarcas, podendo, para tanto, transferir a jurisdi\u00e7\u00e3o da unidade judici\u00e1ria ou Comarca para outra, de modo a propiciar aumento da movimenta\u00e7\u00e3o processual para patamar superior;<\/p>\n<p style=\"text-align: justify;\">\n<p style=\"text-align: justify;\"><strong>CONSIDERANDO<\/strong>\u00a0os estudos elaborados pela comiss\u00e3o constitu\u00edda na forma do art. 3\u00ba, da Lei Complementar Estadual n\u00ba 788\/2014;<\/p>\n<p style=\"text-align: justify;\">\n<p style=\"text-align: justify;\">RESOLVE:<\/p>\n<p style=\"text-align: justify;\">\n<p style=\"text-align: justify;\"><strong>Art. 1\u00ba.\u00a0<\/strong>Ficam integradas as Comarcas de S\u00e3o Jos\u00e9 do Cal\u00e7ado, Bom Jesus do Norte e Apiac\u00e1, sendo a sede localizada na Comarca de S\u00e3o Jos\u00e9 do Cal\u00e7ado, todas integrantes da 6\u00aa Regi\u00e3o Judici\u00e1ria.<\/p>\n<p style=\"text-align: justify;\">\n<p style=\"text-align: justify;\"><strong>Par\u00e1grafo \u00fanico.\u00a0<\/strong>Os atos processuais e outras dilig\u00eancias ser\u00e3o realizados, livremente, nos territ\u00f3rios das comarcas integradas.<\/p>\n<p style=\"text-align: justify;\">\n<p style=\"text-align: justify;\"><strong>Art. 2\u00ba.\u00a0<\/strong>Os processos em tr\u00e2mite nas Comarcas de Bom Jesus do Norte e Apiac\u00e1 ser\u00e3o redistribu\u00eddos para a Comarca de S\u00e3o Jos\u00e9 do Cal\u00e7ado.<\/p>\n<p style=\"text-align: justify;\">\n<p style=\"text-align: justify;\"><strong>Par\u00e1grafo \u00fanico.\u00a0<\/strong>O sistema eJUD permitir\u00e1 o lan\u00e7amento de uma identifica\u00e7\u00e3o nos processos relativos \u00e0s Comarcas de Bom Jesus do Norte e Apiac\u00e1, de forma a permitir sua localiza\u00e7\u00e3o em caso de eventual desintegra\u00e7\u00e3o.<\/p>\n<p style=\"text-align: justify;\">\n<p style=\"text-align: justify;\"><strong>Art. 3\u00ba.\u00a0<\/strong>Ficam suspensas as remo\u00e7\u00f5es e promo\u00e7\u00f5es para as Comarcas de Bom Jesus do Norte e Apiac\u00e1 enquanto perdurar a integra\u00e7\u00e3o disciplinada nesta Resolu\u00e7\u00e3o.<\/p>\n<p style=\"text-align: justify;\">\n<p style=\"text-align: justify;\"><strong>Art. 4\u00ba.\u00a0<\/strong>Os servidores efetivos, comissionados e estagi\u00e1rios lotados nas Comarcas de Bom Jesus do Norte e Apiac\u00e1 passam a ser lotados na Comarca de S\u00e3o Jos\u00e9 do Cal\u00e7ado.<\/p>\n<p style=\"text-align: justify;\">\n<p style=\"text-align: justify;\"><strong>\u00a7 1\u00ba.\u00a0<\/strong>Durante os primeiros 30 (trinta) dias contados da publica\u00e7\u00e3o desta Resolu\u00e7\u00e3o, os servidores efetivos, comissionados e estagi\u00e1rios das Comarcas de Bom Jesus do Norte e Apiac\u00e1 far\u00e3o uma revis\u00e3o na taxonomia de todos os processos f\u00edsicos e eletr\u00f4nicos que ser\u00e3o enviados para a Comarca de S\u00e3o Jos\u00e9 do Cal\u00e7ado, sob supervis\u00e3o do Juiz Diretor do Foro da Comarca de S\u00e3o Jos\u00e9 do Cal\u00e7ado.<\/p>\n<p style=\"text-align: justify;\">\n<p style=\"text-align: justify;\"><strong>\u00a7 2\u00ba.\u00a0<\/strong>Os prazos e atos processuais dos processos oriundos das Comarcas de Bom Jesus do Norte e Apiac\u00e1 ficar\u00e3o suspensos pelo prazo de 30 (trinta) dias, de forma a possibilitar a revis\u00e3o prevista no par\u00e1grafo anterior, bem como a distribui\u00e7\u00e3o prevista no art. 2\u00ba.<\/p>\n<p style=\"text-align: justify;\">\n<p style=\"text-align: justify;\"><strong>\u00a7 3\u00ba.\u00a0<\/strong>Respeitado o prazo do par\u00e1grafo primeiro, os servidores efetivos, comissionados e estagi\u00e1rios das Comarcas de Bom Jesus do Norte e Apiac\u00e1 poder\u00e3o ser lotados em outra ou outras Comarcas, atendendo a crit\u00e9rios de conveni\u00eancia e oportunidade da administra\u00e7\u00e3o, oportunidade em que o previsto no caput deste artigo ficar\u00e1 superado.<\/p>\n<p style=\"text-align: justify;\">\n<p style=\"text-align: justify;\"><strong>Art. 5\u00ba.\u00a0<\/strong>O uso dos F\u00f3runs das Comarcas de Bom Jesus do Norte e Apiac\u00e1 ser\u00e1 disciplinado pelo Juiz Diretor do Foro da Comarca de S\u00e3o Jos\u00e9 do Cal\u00e7ado, at\u00e9 que eventualmente seja celebrado conv\u00eanio para sua destina\u00e7\u00e3o.<\/p>\n<p style=\"text-align: justify;\">\n<p style=\"text-align: justify;\"><strong>\u00a7 1\u00ba.\u00a0<\/strong>Poder\u00e3o ser instalados nos F\u00f3runs das Comarcas de Bom Jesus do Norte e Apiac\u00e1 postos avan\u00e7ados de atendimento, cabendo ao Juiz Diretor do Foro da Comarca de S\u00e3o Jos\u00e9 do Cal\u00e7ado definir a estrutura de funcionamento dos aludidos \u00f3rg\u00e3os.<\/p>\n<p style=\"text-align: justify;\">\n<p style=\"text-align: justify;\"><strong>\u00a7 2\u00ba.\u00a0<\/strong>No caso de instala\u00e7\u00e3o dos postos avan\u00e7ados de atendimento previstos no item anterior, poder\u00e3o ser celebradas parcerias ou conv\u00eanios com outros \u00f3rg\u00e3os do Poder Judici\u00e1rio e\/ou institui\u00e7\u00f5es p\u00fablicas, de forma a permitir o seu regular funcionamento.<\/p>\n<p style=\"text-align: justify;\">\n<p style=\"text-align: justify;\"><strong>\u00a7 3\u00ba.\u00a0<\/strong>O Juiz Diretor do Foro da Comarca de S\u00e3o Jos\u00e9 do Cal\u00e7ado pode instituir calend\u00e1rio peri\u00f3dico de atendimento dos jurisdicionados e realiza\u00e7\u00e3o de audi\u00eancias nos postos avan\u00e7ados, em car\u00e1ter itinerante.<\/p>\n<p style=\"text-align: justify;\">\n<p style=\"text-align: justify;\"><strong>Art. 6\u00ba. O<\/strong>s processos das Comarcas de Bom Jesus do Norte e Apiac\u00e1 que ser\u00e3o encaminhados para a Comarca de S\u00e3o Jos\u00e9 do Cal\u00e7ado, ser\u00e3o submetidos ao CEJUSC e \u00e0 for\u00e7a tarefa institu\u00edda pelo <a href=\"https:\/\/www.tjes.jus.br\/corregedoria\/2019\/06\/14\/ato-normativo-no-084-2019-disp-14-06-2019-2\/\">Ato Normativo TJES n\u00ba 84\/2019<\/a>.<\/p>\n<p style=\"text-align: justify;\">\n<p style=\"text-align: justify;\"><strong>Art. 7\u00ba.\u00a0<\/strong>Os casos omissos ser\u00e3o decididos pela Presid\u00eancia do E. TJES.<\/p>\n<p style=\"text-align: justify;\">\n<p style=\"text-align: justify;\"><strong>Art. 8\u00ba.\u00a0<\/strong>Esta resolu\u00e7\u00e3o entre em vigor na data de sua publica\u00e7\u00e3o.<\/p>\n<p style=\"text-align: justify;\">\n<p style=\"text-align: justify;\">Publique-se.<\/p>\n<p style=\"text-align: justify;\">\n<p style=\"text-align: justify;\">Vit\u00f3ria\/ES, 04 de junho de 2020.<\/p>\n<p style=\"text-align: justify;\">\n<p align=\"center\"><strong>Desembargador RONALDO GON\u00c7ALVES DE SOUSA<\/strong><\/p>\n<p align=\"center\"><strong>Presidente do TJES<\/strong><\/p>\n<p align=\"center\">\n<p><strong>Republicada por ter sido publicada anteriormente com incorre\u00e7\u00f5es.<\/strong><\/p>\n","protected":false},"excerpt":{"rendered":"<p>ESTADO DO ESP\u00cdRITO SANTO PODER JUDICI\u00c1RIO TRIBUNAL DE JUSTI\u00c7A GABINETE DA PRESID\u00caNCIA RESOLU\u00c7\u00c3O N\u00b0 037\/2020 &nbsp; Disciplina a integra\u00e7\u00e3o das Comarcas de S\u00e3o Jos\u00e9 do Cal\u00e7ado, Bom Jesus do Norte e Apiac\u00e1. O Excelent\u00edssimo Senhor Presidente do Egr\u00e9gio Tribunal de Justi\u00e7a do Estado do Esp\u00edrito Santo, Desembargador RONALDO GON\u00c7ALVES DE SOUSA, no uso de suas [&hellip;]<\/p>\n","protected":false},"author":8,"featured_media":0,"comment_status":"closed","ping_status":"closed","sticky":false,"template":"","format":"standard","meta":{"footnotes":""},"categories":[14,13],"tags":[],"_links":{"self":[{"href":"https:\/\/www.tjes.jus.br\/corregedoria\/wp-json\/wp\/v2\/posts\/30364"}],"collection":[{"href":"https:\/\/www.tjes.jus.br\/corregedoria\/wp-json\/wp\/v2\/posts"}],"about":[{"href":"https:\/\/www.tjes.jus.br\/corregedoria\/wp-json\/wp\/v2\/types\/post"}],"author":[{"embeddable":true,"href":"https:\/\/www.tjes.jus.br\/corregedoria\/wp-json\/wp\/v2\/users\/8"}],"replies":[{"embeddable":true,"href":"https:\/\/www.tjes.jus.br\/corregedoria\/wp-json\/wp\/v2\/comments?post=30364"}],"version-history":[{"count":1,"href":"https:\/\/www.tjes.jus.br\/corregedoria\/wp-json\/wp\/v2\/posts\/30364\/revisions"}],"predecessor-version":[{"id":30365,"href":"https:\/\/www.tjes.jus.br\/corregedoria\/wp-json\/wp\/v2\/posts\/30364\/revisions\/30365"}],"wp:attachment":[{"href":"https:\/\/www.tjes.jus.br\/corregedoria\/wp-json\/wp\/v2\/media?parent=30364"}],"wp:term":[{"taxonomy":"category","embeddable":true,"href":"https:\/\/www.tjes.jus.br\/corregedoria\/wp-json\/wp\/v2\/categories?post=30364"},{"taxonomy":"post_tag","embeddable":true,"href":"https:\/\/www.tjes.jus.br\/corregedoria\/wp-json\/wp\/v2\/tags?post=30364"}],"curies":[{"name":"wp","href":"https:\/\/api.w.org\/{rel}","templated":true}]}}