{"id":30368,"date":"2020-06-15T09:10:11","date_gmt":"2020-06-15T12:10:11","guid":{"rendered":"https:\/\/www.tjes.jus.br\/corregedoria\/?p=30368"},"modified":"2020-06-15T09:10:11","modified_gmt":"2020-06-15T12:10:11","slug":"oficio-circular-cgjes-0424037-2020-disp-03-06-2020","status":"publish","type":"post","link":"https:\/\/www.tjes.jus.br\/corregedoria\/2020\/06\/15\/oficio-circular-cgjes-0424037-2020-disp-03-06-2020\/","title":{"rendered":"OF\u00cdCIO CIRCULAR CGJES 0424037\/2020 \u2013 DISP. 03\/06\/2020"},"content":{"rendered":"<p style=\"text-align: center;\"><strong>PODER JUDICI\u00c1RIO DO ESTADO DO ESP\u00cdRITO SANTO &#8211; PJES<\/strong><\/p>\n<p style=\"text-align: center;\"><strong>CORREGEDORIA GERAL DA\u00a0JUSTI\u00c7A<\/strong><\/p>\n<p>&nbsp;<\/p>\n<p style=\"text-align: center;\"><strong>OF\u00cdCIO CIRCULAR CGJES\u00a00424037\/7002939-34.2020.8.08.0000<\/strong><\/p>\n<p>&nbsp;<\/p>\n<p style=\"text-align: justify;\">O\u00a0<strong>CORREGEDOR GERAL DA JUSTI\u00c7A, Desembargador Ney Batista Coutinho<\/strong>, no uso de suas atribui\u00e7\u00f5es legais e regimentais e<\/p>\n<p style=\"text-align: justify;\"><strong>\u00a0<\/strong><\/p>\n<p style=\"text-align: justify;\"><strong>CONSIDERANDO<\/strong>\u00a0que compete \u00e0 Corregedoria Geral da Justi\u00e7a orientar, normatizar e fiscalizar os servi\u00e7os extrajudiciais;<\/p>\n<p style=\"text-align: justify;\"><strong>CONSIDERANDO<\/strong>\u00a0a publica\u00e7\u00e3o do <a href=\"https:\/\/atos.cnj.jus.br\/atos\/detalhar\/3334\">Provimento n\u00ba 100<\/a>, de 26 de maio de 2020, pela Corregedoria Nacional de Justi\u00e7a, que disp\u00f5e sobre a pr\u00e1tica de atos notariais eletr\u00f4nicos utilizando o sistema e-Notariado, cria a Matr\u00edcula Notarial Eletr\u00f4nica-MNE e d\u00e1 outras provid\u00eancias;<\/p>\n<p style=\"text-align: justify;\"><strong>CONSIDERANDO<\/strong>\u00a0as vantagens advindas da ado\u00e7\u00e3o de instrumentos tecnol\u00f3gicos que permitam a preserva\u00e7\u00e3o das informa\u00e7\u00f5es prestadas perante os not\u00e1rios, bem como a moderniza\u00e7\u00e3o dos servi\u00e7os;<\/p>\n<p style=\"text-align: justify;\"><strong>CONSIDERANDO<\/strong>\u00a0a Orienta\u00e7\u00e3o n\u00ba 9\/20 da Corregedoria Nacional de Justi\u00e7a, que disp\u00f5e sobre a necessidade de as Corregedorias Gerais do Poder Judici\u00e1rio nacional observarem medidas tempor\u00e1rias de preven\u00e7\u00e3o ao cont\u00e1gio pelo novo coronav\u00edrus (COVID-19);<\/p>\n<p style=\"text-align: justify;\"><strong>CONSIDERANDO<\/strong>\u00a0que os servi\u00e7os notariais s\u00e3o essenciais ao exerc\u00edcio da cidadania e que devem ser prestados, de modo eficiente, adequado e cont\u00ednuo;<\/p>\n<p style=\"text-align: justify;\"><strong>\u00a0<\/strong><\/p>\n<p style=\"text-align: justify;\"><strong>RESOLVE<\/strong>:<\/p>\n<p style=\"text-align: justify;\"><strong>Art. 1\u00ba. DAR CI\u00caNCIA\u00a0<\/strong>aos Cart\u00f3rios de Tabelionato de Notas do Estado do Esp\u00edrito Santo da obrigatoriedade de cumprimento das disposi\u00e7\u00f5es do <a href=\"https:\/\/atos.cnj.jus.br\/atos\/detalhar\/3334\">Provimento n\u00b0 100<\/a>, de 26 de maio de 2020, da Corregedoria Nacional de Justi\u00e7a, que instituiu o Sistema de Atos Notariais Eletr\u00f4nicos (e-Notariado), disponibilizado na internet pelo Col\u00e9gio Notarial do Brasil \u2013 Conselho Federal, com o estabelecimento de normas gerais sobre a pr\u00e1tica de atos notariais eletr\u00f4nicos.<\/p>\n<p style=\"text-align: justify;\"><strong>Art. 2\u00ba. DETERMINAR<\/strong>\u00a0que todos os not\u00e1rios (titulares, interinos e interventores) verifiquem se seus dados cadastrais e dos respectivos prepostos est\u00e3o devidamente atualizados no sistema Justi\u00e7a Aberta do Conselho Nacional de Justi\u00e7a, devendo somente aqueles que n\u00e3o estiverem atualizados enviarem,\u00a0<strong>no prazo de 5 (cinco) dias<\/strong>, os dados corretos para o e-mail\u00a0<i>mboliveira@tjes.jus.br<\/i>, identificando no campo assunto \u201cProvimento n\u00ba\u00a0100\/2020 da Corregedoria Nacional de Justi\u00e7a\u201d.<\/p>\n<p style=\"text-align: justify;\"><strong>Par\u00e1grafo \u00fanico.<\/strong>\u00a0Recebidas as informa\u00e7\u00f5es atualizadas, dever\u00e1 a Coordenadoria de Monitoramento do Foro Judicial e Extrajudicial promover,\u00a0<strong>em at\u00e9 60 (sessenta) dias,<\/strong>\u00a0a atualiza\u00e7\u00e3o dos dados no sistema Justi\u00e7a Aberta.<\/p>\n<p><strong>Publique-se por 3 (tr\u00eas) vezes consecutivas.<\/strong><\/p>\n<p>Vit\u00f3ria\/ES, 04 de junho de 2020.<\/p>\n<p style=\"text-align: center;\"><strong>Corregedor Geral da Justi\u00e7a<\/strong><\/p>\n","protected":false},"excerpt":{"rendered":"<p>PODER JUDICI\u00c1RIO DO ESTADO DO ESP\u00cdRITO SANTO &#8211; PJES CORREGEDORIA GERAL DA\u00a0JUSTI\u00c7A &nbsp; OF\u00cdCIO CIRCULAR CGJES\u00a00424037\/7002939-34.2020.8.08.0000 &nbsp; O\u00a0CORREGEDOR GERAL DA JUSTI\u00c7A, Desembargador Ney Batista Coutinho, no uso de suas atribui\u00e7\u00f5es legais e regimentais e \u00a0 CONSIDERANDO\u00a0que compete \u00e0 Corregedoria Geral da Justi\u00e7a orientar, normatizar e fiscalizar os servi\u00e7os extrajudiciais; CONSIDERANDO\u00a0a publica\u00e7\u00e3o do Provimento n\u00ba 100, [&hellip;]<\/p>\n","protected":false},"author":8,"featured_media":0,"comment_status":"closed","ping_status":"closed","sticky":false,"template":"","format":"standard","meta":{"footnotes":""},"categories":[14,5],"tags":[],"_links":{"self":[{"href":"https:\/\/www.tjes.jus.br\/corregedoria\/wp-json\/wp\/v2\/posts\/30368"}],"collection":[{"href":"https:\/\/www.tjes.jus.br\/corregedoria\/wp-json\/wp\/v2\/posts"}],"about":[{"href":"https:\/\/www.tjes.jus.br\/corregedoria\/wp-json\/wp\/v2\/types\/post"}],"author":[{"embeddable":true,"href":"https:\/\/www.tjes.jus.br\/corregedoria\/wp-json\/wp\/v2\/users\/8"}],"replies":[{"embeddable":true,"href":"https:\/\/www.tjes.jus.br\/corregedoria\/wp-json\/wp\/v2\/comments?post=30368"}],"version-history":[{"count":1,"href":"https:\/\/www.tjes.jus.br\/corregedoria\/wp-json\/wp\/v2\/posts\/30368\/revisions"}],"predecessor-version":[{"id":30369,"href":"https:\/\/www.tjes.jus.br\/corregedoria\/wp-json\/wp\/v2\/posts\/30368\/revisions\/30369"}],"wp:attachment":[{"href":"https:\/\/www.tjes.jus.br\/corregedoria\/wp-json\/wp\/v2\/media?parent=30368"}],"wp:term":[{"taxonomy":"category","embeddable":true,"href":"https:\/\/www.tjes.jus.br\/corregedoria\/wp-json\/wp\/v2\/categories?post=30368"},{"taxonomy":"post_tag","embeddable":true,"href":"https:\/\/www.tjes.jus.br\/corregedoria\/wp-json\/wp\/v2\/tags?post=30368"}],"curies":[{"name":"wp","href":"https:\/\/api.w.org\/{rel}","templated":true}]}}