{"id":30387,"date":"2020-06-23T12:51:35","date_gmt":"2020-06-23T15:51:35","guid":{"rendered":"https:\/\/www.tjes.jus.br\/corregedoria\/?p=30387"},"modified":"2020-06-23T13:00:45","modified_gmt":"2020-06-23T16:00:45","slug":"ato-normativo-no-074-2020-disp-23-06-2020","status":"publish","type":"post","link":"https:\/\/www.tjes.jus.br\/corregedoria\/2020\/06\/23\/ato-normativo-no-074-2020-disp-23-06-2020\/","title":{"rendered":"ATO NORMATIVO N\u00ba 074\/2020 \u2013 DISP. 23\/06\/2020"},"content":{"rendered":"<article id=\"post-30181\" class=\"row-fluid post-30181 post type-post status-publish format-standard hentry category-atos-normativos category-legislacao\">\n<section class=\"entry-content \">\n<div class=\"pf-content\">\n<p align=\"center\"><strong> ESTADO DO ESP\u00cdRITO SANTO<\/strong><\/p>\n<p align=\"center\"><strong>PODER JUDICI\u00c1RIO<\/strong><\/p>\n<p align=\"center\"><strong>TRIBUNAL DE JUSTI\u00c7A<\/strong><\/p>\n<p>&nbsp;<\/p>\n<p align=\"center\"><strong>ATO NORMATIVO N\u00ba 074 \/2020<\/strong><\/p>\n<p>&nbsp;<\/p>\n<p style=\"text-align: justify;\"><strong>O EXCELENT\u00cdSSIMO SENHOR <span style=\"color: #000000;\">DESEMBARGADOR<\/span> RONALDO GON\u00c7ALVES DE SOUSA, PRESIDENTE<\/strong>\u00a0<strong>DO EGR\u00c9GIO TRIBUNAL DE JUSTI\u00c7A DO ESTADO DO ESP\u00cdRITO SANTO<\/strong>, no uso de suas atribui\u00e7\u00f5es legais,<\/p>\n<p style=\"text-align: justify;\"><strong>CONSIDERANDO\u00a0<\/strong>\u00a0a\u00a0 Resolu\u00e7\u00e3o\u00a0 n\u00ba\u00a0 318\/2020 do Conselho Nacional de Justi\u00e7a \u2013 CNJ e o Ato Normativo n\u00ba 64, prorrogado pelo Ato 71 de 11 de maio de 2020 do Tribunal de Justi\u00e7a do\u00a0 Estado do\u00a0 \u00a0Esp\u00edrito Santo, que\u00a0 preveem\u00a0 a ado\u00e7\u00e3o de\u00a0 medidas\u00a0 tempor\u00e1rias\u00a0 \u00a0de\u00a0 preven\u00e7\u00e3o\u00a0 ao\u00a0 COVID-19 (novo coronav\u00edrus), no \u00e2mbito do Poder Judici\u00e1rio;<\/p>\n<p style=\"text-align: justify;\"><strong>CONSIDERANDO<\/strong>\u00a0o artigo 236 do C\u00f3digo de Processo Civil \u2013 CPC que admite \u201ca pr\u00e1tica de atos processuais por meio de videoconfer\u00eancia, ou, outro meio tecnol\u00f3gico de transmiss\u00e3o de sons e imagens em tempo real\u201d, e o artigo 334, \u00a7 7\u00ba,\u00a0 \u00a0do mesmo\u00a0 diploma\u00a0 legal\u00a0 que\u00a0 disp\u00f5e que \u201ca sess\u00e3o de concilia\u00e7\u00e3o ou de media\u00e7\u00e3o pode realizar-se por meio eletr\u00f4nico, nos temos da lei\u201d;<\/p>\n<p style=\"text-align: justify;\"><strong>CONSIDERANDO\u00a0<\/strong>a Resolu\u00e7\u00e3o n\u00ba 125\/2010 do Conselho Nacional de Justi\u00e7a \u2013 CNJ, que disp\u00f5e sobre a Pol\u00edtica Judici\u00e1ria Nacional de tratamento adequado dos conflitos de interesses no \u00e2mbito do Poder Judici\u00e1rio;<\/p>\n<p style=\"text-align: justify;\"><strong>CONSIDERANDO<\/strong>\u00a0a publica\u00e7\u00e3o da Portaria n\u00ba 001\/2020 do N\u00facleo Permanente de M\u00e9todos Consensuais de Conflitos \u2013\u00a0 NUPEMEC, que institui Projeto Piloto e regulamenta os procedimentos para a realiza\u00e7\u00e3o de sess\u00f5es de media\u00e7\u00e3o e concilia\u00e7\u00e3o on-line nos CEJUSCs, para dirimir os conflitos surgidos no per\u00edodo da pandemia do COVID-19 (novo Coronav\u00edrus) e a Recomenda\u00e7\u00e3o Conjunta n\u00ba 001\/2020 do NUPEMEC e da Coordenadoria dos Juizados Especiais C\u00edveis e Criminais, de 22 de abril de 2020;<\/p>\n<p style=\"text-align: justify;\">RESOLVE:<\/p>\n<p style=\"text-align: justify;\">Art. 1\u00ba \u2013 Instituir e designar a Equipe de Trabalho para atuar no projeto piloto que realizar\u00e1 sess\u00f5es on-line nos CEJUSCs em demandas pr\u00e9-processuais e processuais.<\/p>\n<p style=\"text-align: justify;\">Art. 2\u00ba. \u2013 Os trabalhos ser\u00e3o supervisionados pela Desembargadora\u00a0<strong>JANETE VARGAS SIM\u00d5ES\u00a0<\/strong>\u2013 Supervisora do NUPEMEC e Coordenados pelos\u00a0<strong>magistrados integrantes dos grupos de trabalho dos CEJUSCs<\/strong>, aos quais caber\u00e1 a homologa\u00e7\u00e3o dos acordos oriundos das referidas sess\u00f5es pr\u00e9-processuais.<\/p>\n<p style=\"text-align: justify;\">Art. 3\u00ba. \u2013 A servidora\u00a0<strong>IZABELLA DALLA SILY CASAGRANDE<\/strong>\u00a0\u2013 Coordenadora, fica designada para conduzir os trabalhos de execu\u00e7\u00e3o operacional do projeto piloto de sess\u00e3o virtual, com o apoio dos servidores abaixo nominado os:<\/p>\n<p>&nbsp;<\/p>\n<table border=\"1\" cellspacing=\"0\" cellpadding=\"0\" align=\"right\">\n<tbody>\n<tr>\n<td><strong>NOME<\/strong><\/td>\n<td><strong>MATR\u00cdCULA<\/strong><\/td>\n<\/tr>\n<tr>\n<td>IZABELLA DALLA SILY CASA GRANDE<\/td>\n<td>206881-77<\/td>\n<\/tr>\n<tr>\n<td>ADRIANA PAIVA KLAWA CAU<\/td>\n<td>210155-53<\/td>\n<\/tr>\n<tr>\n<td>ALINE CANDIDA MENDON\u00c7A<\/td>\n<td>209800-86<\/td>\n<\/tr>\n<tr>\n<td>JULIANA DA SILVA AGOSTINI<\/td>\n<td>209408-82<\/td>\n<\/tr>\n<tr>\n<td>LEONARDO PEREIRA CHAGAS<\/td>\n<td>209760-46<\/td>\n<\/tr>\n<tr>\n<td>MARCIA CRISTINA DE GODOYS MONTEIRO<\/td>\n<td>206768-61<\/td>\n<\/tr>\n<tr>\n<td>MARIA DILCE LUGON GRACIOSA<\/td>\n<td>208084-19<\/td>\n<\/tr>\n<tr>\n<td>ROBERTO CARLOS MOREIRA BRAGA<\/td>\n<td>205933-02<\/td>\n<\/tr>\n<tr>\n<td>R\u00d4MULO CAMPANA TRIST\u00c3O<\/td>\n<td>204862-95<\/td>\n<\/tr>\n<tr>\n<td>WEBER ANDRADE DE OLIVEIRA<\/td>\n<td>209890-79<\/td>\n<\/tr>\n<\/tbody>\n<\/table>\n<div class=\"override-text\"><\/div>\n<div class=\"override-text\"><\/div>\n<div class=\"override-text\"><\/div>\n<p>&nbsp;<\/p>\n<p>&nbsp;<\/p>\n<p style=\"text-align: justify;\">Par\u00e1grafo \u00fanico. \u2013 As atribui\u00e7\u00f5es de cada servidor ser\u00e3o distribu\u00eddas de acordo com a necessidade do servi\u00e7o no per\u00edodo da pandemia.<\/p>\n<p style=\"text-align: justify;\">Art. 4\u00ba. \u2013 Fica designada a equipe de Mediadores Judiciais\/Servidores que conduzir\u00e3o as sess\u00f5es pr\u00e9-processuais e processuais, conforme abaixo:<\/p>\n<p>&nbsp;<\/p>\n<table border=\"1\" cellspacing=\"0\" cellpadding=\"0\">\n<tbody>\n<tr>\n<td><strong>NOME<\/strong><\/td>\n<td><strong>MATR\u00cdCULA<\/strong><\/td>\n<\/tr>\n<tr>\n<td>ALLINE BERGER DE OLIVEIRA<\/td>\n<td>210566-76<\/td>\n<\/tr>\n<tr>\n<td>AMERICO PINA RAMOS<\/td>\n<td>294390-11<\/td>\n<\/tr>\n<tr>\n<td>CIRLENE FARIA VASCONCELOS GUERRA<\/td>\n<td>207822-48<\/td>\n<\/tr>\n<tr>\n<td>CLAUDIA MORAES FREIRE<\/td>\n<td>208395-39<\/td>\n<\/tr>\n<tr>\n<td>CLAUDIA NADIR FONSECA<\/td>\n<td>209440-17<\/td>\n<\/tr>\n<tr>\n<td>CRISTINA DA ROCHA VERLY LUCIANO<\/td>\n<td>205398-49<\/td>\n<\/tr>\n<tr>\n<td>DEBORA CRISTINA CRUZ CHAVES ROSA<\/td>\n<td>210607-20<\/td>\n<\/tr>\n<tr>\n<td>EDINARA DA SILVA SOUZA DUTRA<\/td>\n<td>206388-69<\/td>\n<\/tr>\n<tr>\n<td>FRANCISCO ALUIZO XAVIER<\/td>\n<td>206264-42<\/td>\n<\/tr>\n<tr>\n<td>JUCELINO MAGNO QUARTEZANI DUARTE<\/td>\n<td>206168-43<\/td>\n<\/tr>\n<tr>\n<td>JUCIARA CRISTINA DE AZEVEDO INDAMI<\/td>\n<td>201147-66<\/td>\n<\/tr>\n<tr>\n<td>KARINA TADDEI LYRA DO NASCIMENTO<\/td>\n<td>206653-43<\/td>\n<\/tr>\n<tr>\n<td>KATIA REGINA MANGABEIRA PINTO<\/td>\n<td>203963-69<\/td>\n<\/tr>\n<tr>\n<td>LUCIANA DA LUZ FERNANDES<\/td>\n<td>208896-55<\/td>\n<\/tr>\n<tr>\n<td>LUCIANA DE CAMPOS PEDROSA MARTINEZ<\/td>\n<td>207937-66<\/td>\n<\/tr>\n<tr>\n<td>LUCIANO MOTTA NUNES LOPES<\/td>\n<td>205501-56<\/td>\n<\/tr>\n<tr>\n<td>LUZIA DE CASSIA MUNOZ SALIBA<\/td>\n<td>200643-47<\/td>\n<\/tr>\n<tr>\n<td>MARCO AURELIO COSTA DE OLIVEIRA<\/td>\n<td>201431-59<\/td>\n<\/tr>\n<tr>\n<td>MARIA DE FATIMA SILVA ALMEIDA<\/td>\n<td>35263-52<\/td>\n<\/tr>\n<tr>\n<td>MARIANA REIS MORAES RODRIGUES<\/td>\n<td>208353-94<\/td>\n<\/tr>\n<tr>\n<td>MICHELI MOREIRA CONTI BALTHAR<\/td>\n<td>208270-11<\/td>\n<\/tr>\n<tr>\n<td>PAMELA DINIZ MARTINS<\/td>\n<td>210746-62<\/td>\n<\/tr>\n<tr>\n<td>PATRICIA ROZINDO ROCHA WNADEKOKEN<\/td>\n<td>206413-94<\/td>\n<\/tr>\n<tr>\n<td>PRISCILA TOSCANO LUPPI<\/td>\n<td>203884-87<\/td>\n<\/tr>\n<tr>\n<td>PRYSCILA MAGALH\u00c3ES SIMOES<\/td>\n<td>209406-80<\/td>\n<\/tr>\n<tr>\n<td>RENATA ADAME RUIZ MARQUES<\/td>\n<td>207526-43<\/td>\n<\/tr>\n<tr>\n<td>ROBERTO CARLOS LIMA GOMES<\/td>\n<td>206579-66<\/td>\n<\/tr>\n<tr>\n<td>ROBERTO RODRIGUES PECHINHO<\/td>\n<td>210386-90<\/td>\n<\/tr>\n<tr>\n<td>RODRIGO MARQUES DA SILVA<\/td>\n<td>209.859-48<\/td>\n<\/tr>\n<tr>\n<td>ROSANA NAUMANN MARGOTTO<\/td>\n<td>200596-00<\/td>\n<\/tr>\n<tr>\n<td>ROSANGELA DE MARIA ALVES\u00a0PARAISO<\/td>\n<td>205334-82<\/td>\n<\/tr>\n<tr>\n<td>SAMUEL DAVI GARCIA MENDON\u00c7A<\/td>\n<td>204653-80<\/td>\n<\/tr>\n<tr>\n<td>SERGIO DE ARAUJO NOBRE<\/td>\n<td>206422-06<\/td>\n<\/tr>\n<tr>\n<td>SIMONE COHEN PERSIANO NEVES<\/td>\n<td>208338-79<\/td>\n<\/tr>\n<tr>\n<td>VALDECI ATAIDE CAPUA<\/td>\n<td>209791-77<\/td>\n<\/tr>\n<\/tbody>\n<\/table>\n<p style=\"text-align: justify;\">Art. 5\u00ba. \u2013 A equipe de Mediadores Judiciais promover\u00e1 os atos executivos necess\u00e1rios \u00e0 realiza\u00e7\u00e3o das sess\u00f5es de media\u00e7\u00e3o e concilia\u00e7\u00e3o, observando o C\u00f3digo de \u00c9tica dos Mediadores Judiciais estabelecido pela Resolu\u00e7\u00e3o n\u00ba 125\/2010, do Conselho Nacional de Justi\u00e7a \u2013 CNJ, ficando respons\u00e1veis pelos documentos e arquivos produzidos nas sess\u00f5es realizadas.<\/p>\n<p style=\"text-align: justify;\">Art. 6\u00ba. \u2013 O N\u00facleo Permanente de M\u00e9todos Consensuais de Solu\u00e7\u00e3o de Conflitos encaminhar\u00e1 \u00e0 Secretaria de Gest\u00e3o de Pessoas, at\u00e9 o 5\u00ba (quinto) dia \u00fatil de cada m\u00eas, informa\u00e7\u00f5es com rela\u00e7\u00e3o \u00e0s horas trabalhadas al\u00e9m do expediente normal, quando for o caso, objetivando anota\u00e7\u00e3o em ficha funcional para fins de compensa\u00e7\u00e3o.<\/p>\n<p style=\"text-align: justify;\">\u00a7 1\u00ba. \u2013 As horas dos Mediadores ser\u00e3o computadas pela plataforma onde ser\u00e3o realizadas as sess\u00f5es.<\/p>\n<p style=\"text-align: justify;\">\u00a7 2\u00ba. \u2013 O Mediador Judicial atuar\u00e1 no contra turno de seu hor\u00e1rio de trabalho, conforme disponibilidade previamente acordado\u00a0com o NUPEMEC.<\/p>\n<p style=\"text-align: justify;\">Art. 7\u00ba. \u2013 Os servidores efetivos constantes desta Equipe de Trabalho ter\u00e3o reconhecido, para fins de promo\u00e7\u00e3o na carreira, a pontua\u00e7\u00e3o equivalente \u00e0 participa\u00e7\u00e3o em Equipe Especial de Trabalho, conforme disposto no Ato Normativo n\u00ba 2773\/2012.<\/p>\n<p style=\"text-align: justify;\">Art. 8\u00ba. \u2013 Este Ato Normativo entra em vigor na data de sua publica\u00e7\u00e3o.<\/p>\n<p>&nbsp;<\/p>\n<p>Publique-se.<\/p>\n<p>Vit\u00f3ria, ES, 18 de maio de 2020.<\/p>\n<p>&nbsp;<\/p>\n<p style=\"text-align: center;\"><strong>Desembargador RONALDO GON\u00c7ALVES DE SOUZA<\/strong><\/p>\n<p style=\"text-align: center;\"><strong>Presidente do TJES<\/strong><\/p>\n<\/div>\n<\/section>\n<\/article>\n","protected":false},"excerpt":{"rendered":"<p>ESTADO DO ESP\u00cdRITO SANTO PODER JUDICI\u00c1RIO TRIBUNAL DE JUSTI\u00c7A &nbsp; ATO NORMATIVO N\u00ba 074 \/2020 &nbsp; O EXCELENT\u00cdSSIMO SENHOR DESEMBARGADOR RONALDO GON\u00c7ALVES DE SOUSA, PRESIDENTE\u00a0DO EGR\u00c9GIO TRIBUNAL DE JUSTI\u00c7A DO ESTADO DO ESP\u00cdRITO SANTO, no uso de suas atribui\u00e7\u00f5es legais, CONSIDERANDO\u00a0\u00a0a\u00a0 Resolu\u00e7\u00e3o\u00a0 n\u00ba\u00a0 318\/2020 do Conselho Nacional de Justi\u00e7a \u2013 CNJ e o Ato Normativo [&hellip;]<\/p>\n","protected":false},"author":12,"featured_media":0,"comment_status":"closed","ping_status":"closed","sticky":false,"template":"","format":"standard","meta":{"footnotes":""},"categories":[4,14],"tags":[],"_links":{"self":[{"href":"https:\/\/www.tjes.jus.br\/corregedoria\/wp-json\/wp\/v2\/posts\/30387"}],"collection":[{"href":"https:\/\/www.tjes.jus.br\/corregedoria\/wp-json\/wp\/v2\/posts"}],"about":[{"href":"https:\/\/www.tjes.jus.br\/corregedoria\/wp-json\/wp\/v2\/types\/post"}],"author":[{"embeddable":true,"href":"https:\/\/www.tjes.jus.br\/corregedoria\/wp-json\/wp\/v2\/users\/12"}],"replies":[{"embeddable":true,"href":"https:\/\/www.tjes.jus.br\/corregedoria\/wp-json\/wp\/v2\/comments?post=30387"}],"version-history":[{"count":7,"href":"https:\/\/www.tjes.jus.br\/corregedoria\/wp-json\/wp\/v2\/posts\/30387\/revisions"}],"predecessor-version":[{"id":30395,"href":"https:\/\/www.tjes.jus.br\/corregedoria\/wp-json\/wp\/v2\/posts\/30387\/revisions\/30395"}],"wp:attachment":[{"href":"https:\/\/www.tjes.jus.br\/corregedoria\/wp-json\/wp\/v2\/media?parent=30387"}],"wp:term":[{"taxonomy":"category","embeddable":true,"href":"https:\/\/www.tjes.jus.br\/corregedoria\/wp-json\/wp\/v2\/categories?post=30387"},{"taxonomy":"post_tag","embeddable":true,"href":"https:\/\/www.tjes.jus.br\/corregedoria\/wp-json\/wp\/v2\/tags?post=30387"}],"curies":[{"name":"wp","href":"https:\/\/api.w.org\/{rel}","templated":true}]}}