{"id":30480,"date":"2020-07-30T14:14:22","date_gmt":"2020-07-30T17:14:22","guid":{"rendered":"https:\/\/www.tjes.jus.br\/corregedoria\/?p=30480"},"modified":"2020-07-30T14:14:22","modified_gmt":"2020-07-30T17:14:22","slug":"ato-normativo-conjunto-no-028-2020-disp-30-07-2020","status":"publish","type":"post","link":"https:\/\/www.tjes.jus.br\/corregedoria\/2020\/07\/30\/ato-normativo-conjunto-no-028-2020-disp-30-07-2020\/","title":{"rendered":"ATO NORMATIVO CONJUNTO N\u00ba 028\/ 2020 \u2013 DISP. 30\/07\/2020"},"content":{"rendered":"<p align=\"center\"><strong>PODER JUDICI\u00c1RIO DO ESTADO DO ESP\u00cdRITO SANTO &#8211; PJES<\/strong><\/p>\n<p align=\"center\"><strong>RUA DESEMBARGADOR HOMERO MAFRA,60 &#8211; Bairro ENSEADA DO SU\u00c1 &#8211; CEP 29050906 &#8211; Vit\u00f3ria &#8211; ES &#8211;\u00a0<a href=\"https:\/\/www.tjes.jus.br\/\">www.tjes.jus.br<\/a><\/strong><\/p>\n<p align=\"center\">\n<p align=\"center\"><strong>ATO NORMATIVO CONJUNTO N\u00ba 028\/2020<\/strong><\/p>\n<p style=\"text-align: justify;\">\n<p style=\"text-align: justify;\">Determina a implanta\u00e7\u00e3o do Sistema Eletr\u00f4nico de Execu\u00e7\u00e3o Unificado \u2013 SEEU na 2\u00aa Vara\u00a0de Concei\u00e7\u00e3o da Barra, 2\u00aa Vara de Afonso Cl\u00e1udio e\u00a02\u00aa Vara\u00a0de Castelo, competentes para processar as guias de execu\u00e7\u00e3o penal do regime aberto, livramento condicional e\/ou penas restritivas de direitos e d\u00e1 outras provid\u00eancias.<\/p>\n<p style=\"text-align: justify;\">\n<p style=\"text-align: justify;\">O Excelent\u00edssimo Senhor Desembargador RONALDO GON\u00c7ALVES DE SOUSA, Presidente do Egr\u00e9gio Tribunal de Justi\u00e7a do Estado do Esp\u00edrito Santo, e o Excelent\u00edssimo Senhor Desembargador FERNANDO ZARDINI ANTONIO, Supervisor das Varas Criminais e Execu\u00e7\u00f5es Penais, no uso de suas atribui\u00e7\u00f5es legais e,<\/p>\n<p style=\"text-align: justify;\">\n<p style=\"text-align: justify;\"><strong>CONSIDERANDO<\/strong>\u00a0a Resolu\u00e7\u00e3o n\u00ba 280\/2019, de 09\/04\/2019, do Colendo Conselho Nacional de Justi\u00e7a, que estabeleceu diretrizes e par\u00e2metros para o processamento da execu\u00e7\u00e3o penal nos tribunais brasileiros por interm\u00e9dio do Sistema Eletr\u00f4nico de Execu\u00e7\u00e3o Unificado \u2013 SEEU e disp\u00f4s sobre a sua governan\u00e7a;<\/p>\n<p style=\"text-align: justify;\">\n<p style=\"text-align: justify;\"><strong>CONSIDERANDO<\/strong>\u00a0que o Ato Normativo Conjunto n\u00ba 01\/2019, publicado no Di\u00e1rio da Justi\u00e7a em 08\/01\/2019, definiu o Sistema Eletr\u00f4nico de Execu\u00e7\u00e3o Unificado \u2013 SEEU desenvolvido pelo Conselho Nacional de Justi\u00e7a, como meio de controle informatizado da execu\u00e7\u00e3o penal, no \u00e2mbito da Justi\u00e7a Comum de Primeiro Grau do Estado do Esp\u00edrito Santo;<\/p>\n<p style=\"text-align: justify;\">\n<p style=\"text-align: justify;\"><strong>CONSIDERANDO<\/strong>\u00a0a necessidade de aprimoramento da gest\u00e3o da informa\u00e7\u00e3o no \u00e2mbito da execu\u00e7\u00e3o penal, tornando seu tr\u00e2mite processual mais c\u00e9lere, eficiente e uniforme;<\/p>\n<p style=\"text-align: justify;\">\n<p style=\"text-align: justify;\"><strong>CONSIDERANDO<\/strong>\u00a0que j\u00e1 ocorreu a implanta\u00e7\u00e3o do SEEU nas Varas com compet\u00eancia exclusiva em execu\u00e7\u00e3o penal deste Estado;<\/p>\n<p style=\"text-align: justify;\">\n<p style=\"text-align: justify;\"><strong>CONSIDERANDO<\/strong>\u00a0que a Resolu\u00e7\u00e3o n\u00ba 304\/2019, do Conselho Nacional de Justi\u00e7a, de 17\/12\/2019, determinou que a partir de 30 de junho de 2020, todos os processos de execu\u00e7\u00e3o penal nos tribunais brasileiros dever\u00e3o tramitar obrigatoriamente pelo SEEU;<\/p>\n<p style=\"text-align: justify;\">\n<p style=\"text-align: justify;\"><strong>CONSIDERANDO\u00a0<\/strong>que<strong>\u00a0<\/strong>a 2\u00aa Vara\u00a0de Concei\u00e7\u00e3o da Barra, 2\u00aa Vara de Afonso Cl\u00e1udio e\u00a02\u00aa Vara\u00a0de Castelo<strong>\u00a0<\/strong>conclu\u00edram os procedimentos de digitaliza\u00e7\u00e3o, cadastramento e implanta\u00e7\u00e3o dos autos f\u00edsicos de execu\u00e7\u00e3o penal, com aux\u00edlio da For\u00e7a Tarefa de implanta\u00e7\u00e3o do SEEU;<\/p>\n<p style=\"text-align: justify;\">\n<p style=\"text-align: justify;\"><strong>RESOLVEM:<\/strong><\/p>\n<p style=\"text-align: justify;\">\n<p style=\"text-align: justify;\"><strong>Art. 1\u00ba.<\/strong>\u00a0Determinar a implanta\u00e7\u00e3o do Sistema Eletr\u00f4nico de Execu\u00e7\u00e3o Unificado \u2013 SEEU, desenvolvido pelo Conselho Nacional de Justi\u00e7a, na 2\u00aa Vara\u00a0de Concei\u00e7\u00e3o da Barra, 2\u00aa Vara de Afonso Cl\u00e1udio e\u00a02\u00aa Vara\u00a0de Castelo,\u00a0<strong>a partir de 03\u00a0de agosto\u00a0de 2020.<\/strong><\/p>\n<p style=\"text-align: justify;\">\n<p style=\"text-align: justify;\"><strong>Art. 2\u00ba.\u00a0<\/strong>A partir da data fixada no artigo anterior, estar\u00e1 vedada a expedi\u00e7\u00e3o de guia de execu\u00e7\u00e3o criminal nova no SIEP para as referidas unidades judici\u00e1rias, devendo, necessariamente, ser expedida nos moldes previstos no art. 6\u00ba do Ato Normativo Conjunto 01\/2019, publicado no Di\u00e1rio da Justi\u00e7a de 08\/01\/2019.<\/p>\n<p style=\"text-align: justify;\">\n<p style=\"text-align: justify;\">\u00a7 1\u00ba. Tratando-se de remessa de guia de execu\u00e7\u00e3o criminal em raz\u00e3o de progress\u00e3o para o regime aberto ou livramento condicional ou mudan\u00e7a de endere\u00e7o, dever\u00e1 ser realizada atrav\u00e9s do SEEU.<\/p>\n<p style=\"text-align: justify;\">\n<p style=\"text-align: justify;\">\u00a7 2\u00ba Em caso de regress\u00e3o ou qualquer outra causa que determine a remessa da guia de execu\u00e7\u00e3o criminal para uma das Varas de Execu\u00e7\u00e3o Penal do Estado, dever\u00e1 ser observado o disposto no art. 28, do Ato Normativo Conjunto n\u00ba 001\/2019.<\/p>\n<p style=\"text-align: justify;\">\n<p style=\"text-align: justify;\"><strong>Art. 3\u00ba.\u00a0<\/strong>Aplicam-se, no que couber, as diretrizes do Ato Normativo Conjunto 01\/2019, publicado no Di\u00e1rio da Justi\u00e7a de 08\/01\/2019.<\/p>\n<p style=\"text-align: justify;\">\n<p style=\"text-align: justify;\"><strong>Art. 4\u00ba<\/strong>. A partir da implanta\u00e7\u00e3o do Sistema Eletr\u00f4nico de Execu\u00e7\u00e3o Unificado \u2013 SEEU fica afastado o peticionamento por outro meio nas Unidades Judici\u00e1rias acima especificadas, salvo exce\u00e7\u00f5es legais.<\/p>\n<p style=\"text-align: justify;\">\n<p style=\"text-align: justify;\"><strong>Art. 5\u00ba.<\/strong>\u00a0Este Ato Normativo Conjunto entra em vigor na data de sua publica\u00e7\u00e3o.<\/p>\n<p style=\"text-align: justify;\">\n<p style=\"text-align: justify;\">Publique-se.<\/p>\n<p style=\"text-align: justify;\">\n<p style=\"text-align: justify;\">Vit\u00f3ria\/ES, 29\u00a0de julho de 2020.<\/p>\n<p>&nbsp;<\/p>\n<p style=\"text-align: center;\" align=\"center\"><strong>Des. RONALDO GON\u00c7ALVES DE SOUSA<\/strong><\/p>\n<p style=\"text-align: center;\" align=\"center\"><strong>Presidente<\/strong><\/p>\n<p style=\"text-align: center;\" align=\"center\">\n<p style=\"text-align: center;\" align=\"center\"><strong>Des. FERNANDO ZARDINI ANTONIO<\/strong><\/p>\n<p style=\"text-align: center;\" align=\"center\"><strong>Supervisor das Varas Criminais, de Execu\u00e7\u00f5es Penais e de Viol\u00eancia Dom\u00e9stica<\/strong><\/p>\n","protected":false},"excerpt":{"rendered":"<p>PODER JUDICI\u00c1RIO DO ESTADO DO ESP\u00cdRITO SANTO &#8211; PJES RUA DESEMBARGADOR HOMERO MAFRA,60 &#8211; Bairro ENSEADA DO SU\u00c1 &#8211; CEP 29050906 &#8211; Vit\u00f3ria &#8211; ES &#8211;\u00a0www.tjes.jus.br ATO NORMATIVO CONJUNTO N\u00ba 028\/2020 Determina a implanta\u00e7\u00e3o do Sistema Eletr\u00f4nico de Execu\u00e7\u00e3o Unificado \u2013 SEEU na 2\u00aa Vara\u00a0de Concei\u00e7\u00e3o da Barra, 2\u00aa Vara de Afonso Cl\u00e1udio e\u00a02\u00aa Vara\u00a0de [&hellip;]<\/p>\n","protected":false},"author":12,"featured_media":0,"comment_status":"closed","ping_status":"closed","sticky":false,"template":"","format":"standard","meta":{"footnotes":""},"categories":[4,14],"tags":[],"_links":{"self":[{"href":"https:\/\/www.tjes.jus.br\/corregedoria\/wp-json\/wp\/v2\/posts\/30480"}],"collection":[{"href":"https:\/\/www.tjes.jus.br\/corregedoria\/wp-json\/wp\/v2\/posts"}],"about":[{"href":"https:\/\/www.tjes.jus.br\/corregedoria\/wp-json\/wp\/v2\/types\/post"}],"author":[{"embeddable":true,"href":"https:\/\/www.tjes.jus.br\/corregedoria\/wp-json\/wp\/v2\/users\/12"}],"replies":[{"embeddable":true,"href":"https:\/\/www.tjes.jus.br\/corregedoria\/wp-json\/wp\/v2\/comments?post=30480"}],"version-history":[{"count":1,"href":"https:\/\/www.tjes.jus.br\/corregedoria\/wp-json\/wp\/v2\/posts\/30480\/revisions"}],"predecessor-version":[{"id":30481,"href":"https:\/\/www.tjes.jus.br\/corregedoria\/wp-json\/wp\/v2\/posts\/30480\/revisions\/30481"}],"wp:attachment":[{"href":"https:\/\/www.tjes.jus.br\/corregedoria\/wp-json\/wp\/v2\/media?parent=30480"}],"wp:term":[{"taxonomy":"category","embeddable":true,"href":"https:\/\/www.tjes.jus.br\/corregedoria\/wp-json\/wp\/v2\/categories?post=30480"},{"taxonomy":"post_tag","embeddable":true,"href":"https:\/\/www.tjes.jus.br\/corregedoria\/wp-json\/wp\/v2\/tags?post=30480"}],"curies":[{"name":"wp","href":"https:\/\/api.w.org\/{rel}","templated":true}]}}