{"id":30483,"date":"2020-07-30T14:21:11","date_gmt":"2020-07-30T17:21:11","guid":{"rendered":"https:\/\/www.tjes.jus.br\/corregedoria\/?p=30483"},"modified":"2020-07-30T14:21:11","modified_gmt":"2020-07-30T17:21:11","slug":"portaria-no-007-2020-disp-30-07-2020","status":"publish","type":"post","link":"https:\/\/www.tjes.jus.br\/corregedoria\/2020\/07\/30\/portaria-no-007-2020-disp-30-07-2020\/","title":{"rendered":"PORTARIA N\u00ba 007\/2020 \u2013 DISP. 30\/07\/2020"},"content":{"rendered":"<div class=\"publicacao-text override-text\">\n<p align=\"center\"><strong>PORTARIA N\u00ba 007\/2020<\/strong><\/p>\n<p><em>\u00a0 \u00a0 \u00a0 \u00a0 \u00a0 \u00a0 \u00a0 \u00a0 \u00a0 \u00a0 \u00a0 \u00a0 \u00a0 \u00a0 \u00a0 \u00a0 \u00a0 \u00a0 \u00a0 \u00a0 \u00a0 \u00a0 \u00a0 \u00a0 \u00a0 \u00a0 \u00a0 \u00a0 \u00a0 \u00a0 \u00a0 \u00a0 \u00a0 \u00a0 \u00a0 \u00a0 \u00a0 \u00a0 \u00a0 \u00a0 \u00a0 \u00a0 \u00a0 \u00a0 \u00a0 \u00a0 \u00a0 \u00a0 \u00a0<\/em><\/p>\n<p style=\"text-align: justify;\"><em>Suspende a realiza\u00e7\u00e3o das correi\u00e7\u00f5es ordin\u00e1rias previstas para o\u00a0meses de agosto e setembro de 2020, por meio da <a href=\"https:\/\/www.tjes.jus.br\/corregedoria\/2020\/02\/05\/portaria-no-002-2020-disp-05-02-2020\/\">Portaria n\u00ba 002\/2020<\/a>, em decorr\u00eancia da infec\u00e7\u00e3o humana pelo novo Coronav\u00edrus (Sars-Cov-2) e d\u00e1 outras provid\u00eancias.<\/em><\/p>\n<p style=\"text-align: justify;\">\n<p style=\"text-align: justify;\">O Desembargador\u00a0<strong>Ney Batista Coutinho<\/strong>, Corregedor Geral da Justi\u00e7a do Estado do Esp\u00edrito Santo, no uso de suas atribui\u00e7\u00f5es legais e,<\/p>\n<p style=\"text-align: justify;\">\n<p style=\"text-align: justify;\"><strong>CONSIDERANDO<\/strong>\u00a0que a classifica\u00e7\u00e3o da situa\u00e7\u00e3o\u00a0da COVID-19 como pandemia significa o risco potencial de a doen\u00e7a infecciosa atingir a popula\u00e7\u00e3o mundial de forma simult\u00e2nea, n\u00e3o se limitando aos locais que j\u00e1 tenham sido identificados como de transmiss\u00e3o interna, tal como previsto pelo Decreto Estadual n\u00ba 4593-R\/2020 e suas sucessivas prorroga\u00e7\u00f5es;<\/p>\n<p style=\"text-align: justify;\">\n<p style=\"text-align: justify;\"><strong>CONSIDERANDO\u00a0<\/strong>a necessidade de conter a propaga\u00e7\u00e3o da doen\u00e7a e\u00a0a transmiss\u00e3o local e\u00a0de preservar a sa\u00fade dos magistrados, servidores, colaboradores, estagi\u00e1rios e terceirizados vinculados \u00e0 Corregedoria Geral de Justi\u00e7a deste Estado, assim como daqueles tamb\u00e9m vinculados \u00e0s unidades judici\u00e1rias a serem correicionadas;<\/p>\n<p style=\"text-align: justify;\">\n<p style=\"text-align: justify;\"><strong>CONSIDERANDO<\/strong>\u00a0o <a href=\"https:\/\/www.tjes.jus.br\/corregedoria\/2020\/03\/16\/ato-normativo-no-060-2020-disp-16-03-2020\/\">Ato Normativo n\u00ba 060\/2020<\/a>, da Presid\u00eancia do Egr\u00e9gio Tribunal de Justi\u00e7a, disponibilizado\u00a0no\u00a0Di\u00e1rio da Justi\u00e7a Eletr\u00f4nico de 16\/03\/2020, que determina a suspens\u00e3o de todas as viagens programadas para Magistrados, servidores, colaboradores, terceirizados e estagi\u00e1rios, enquanto perdurar o estado de emerg\u00eancia de sa\u00fade p\u00fablica de import\u00e2ncia internacional decorrente do coronav\u00edrus (COVID-19);<\/p>\n<p style=\"text-align: justify;\">\n<p style=\"text-align: justify;\"><strong>CONSIDERANDO\u00a0<\/strong>que, neste\u00a0momento, a realiza\u00e7\u00e3o de correi\u00e7\u00f5es ordin\u00e1rias\/presencias, nos moldes previstos na Portaria 002\/2020, desta Corregedoria Geral de Justi\u00e7a, representaria inobserv\u00e2ncia das regras de conten\u00e7\u00e3o da propaga\u00e7\u00e3o do novo Coronav\u00edrus;<\/p>\n<p style=\"text-align: justify;\">\n<p style=\"text-align: justify;\"><strong>CONSIDERANDO<\/strong>, por fim,<strong>\u00a0<\/strong>a possibilidade de altera\u00e7\u00e3o dos per\u00edodos e formas de correi\u00e7\u00f5es nas unidades judici\u00e1rias, em raz\u00e3o de fatores externos e n\u00e3o previstos quando da elabora\u00e7\u00e3o do cronograma, na forma prevista pelo par\u00e1grafo \u00fanico, do art. 1\u00ba, da Portaria 002\/2020, desta\u00a0Corregedoria Geral da Justi\u00e7a.<\/p>\n<p style=\"text-align: justify;\">\n<p style=\"text-align: justify;\">\n<p style=\"text-align: justify;\"><strong>RESOLVE:<\/strong><\/p>\n<p style=\"text-align: justify;\">\n<p style=\"text-align: justify;\"><strong>Art. 1\u00ba.\u00a0<\/strong>\u00a0Ficam suspensas as\u00a0<strong>Correi\u00e7\u00f5es Ordin\u00e1rias<\/strong>\u00a0previstas para os meses\u00a0de\u00a0<strong>agosto e setembro<\/strong>\u00a0de 2020, nas seguintes Unidades Judici\u00e1rias:<\/p>\n<p style=\"text-align: justify;\">\n<p style=\"text-align: justify;\"><strong>\u00a0I<\/strong>\u00a0\u2013 1\u00ba Juizado Especial C\u00edvel do Ju\u00edzo de Viana;<\/p>\n<p style=\"text-align: justify;\"><strong>II\u00a0<\/strong>\u2013 Juizado Especial Criminal e da Fazenda P\u00fablica do Ju\u00edzo de Viana;<\/p>\n<p style=\"text-align: justify;\"><strong>III\u00a0<\/strong>\u2013 2\u00aa Vara Criminal do Ju\u00edzo de Viana;<\/p>\n<p style=\"text-align: justify;\"><strong>IV\u00a0<\/strong>\u2013 Vara de Fam\u00edlia do Ju\u00edzo de Viana;<\/p>\n<p style=\"text-align: justify;\"><strong>V<\/strong>\u00a0\u2013 2\u00aa Vara Criminal da Comarca de Linhares;<\/p>\n<p style=\"text-align: justify;\"><strong>VI<\/strong>\u00a0\u2013 1\u00ba Juizado Especial C\u00edvel da Comarca de Linhares;<\/p>\n<p style=\"text-align: justify;\"><strong>VII\u00a0<\/strong>\u2013 2\u00ba Juizado Especial C\u00edvel da Comarca de Linhares.<\/p>\n<p style=\"text-align: justify;\">\n<p style=\"text-align: justify;\"><strong>Art. 2\u00ba.\u00a0<\/strong>Os casos omissos ser\u00e3o resolvidos pelo Corregedor Geral da Justi\u00e7a.<\/p>\n<p style=\"text-align: justify;\">\n<p style=\"text-align: justify;\"><strong>Art. 3\u00ba.\u00a0<\/strong>Esta Portaria entra em vigor na data de sua publica\u00e7\u00e3o.<\/p>\n<p style=\"text-align: justify;\">\n<p style=\"text-align: justify;\">Vit\u00f3ria, 28 de julho\u00a0de 2020.<\/p>\n<p>&nbsp;<\/p>\n<p style=\"text-align: center;\"><strong>DESEMBARGADOR NEY BATISTA COUTINHO<\/strong><\/p>\n<p style=\"text-align: center;\"><strong>CORREGEDOR GERAL DA JUSTI\u00c7A<\/strong><\/p>\n<\/div>\n<div class=\"title-orgao\" style=\"text-align: center;\"><strong>SECRETARIA DE MONITORAMENTO JUDICIAL E EXTRAJUDICIAL<\/strong><\/div>\n","protected":false},"excerpt":{"rendered":"<p>PORTARIA N\u00ba 007\/2020 \u00a0 \u00a0 \u00a0 \u00a0 \u00a0 \u00a0 \u00a0 \u00a0 \u00a0 \u00a0 \u00a0 \u00a0 \u00a0 \u00a0 \u00a0 \u00a0 \u00a0 \u00a0 \u00a0 \u00a0 \u00a0 \u00a0 \u00a0 \u00a0 \u00a0 \u00a0 \u00a0 \u00a0 \u00a0 \u00a0 \u00a0 \u00a0 \u00a0 \u00a0 \u00a0 \u00a0 \u00a0 \u00a0 \u00a0 \u00a0 \u00a0 \u00a0 \u00a0 \u00a0 \u00a0 \u00a0 \u00a0 \u00a0 \u00a0 Suspende a realiza\u00e7\u00e3o [&hellip;]<\/p>\n","protected":false},"author":12,"featured_media":0,"comment_status":"closed","ping_status":"closed","sticky":false,"template":"","format":"standard","meta":{"footnotes":""},"categories":[14,6],"tags":[],"_links":{"self":[{"href":"https:\/\/www.tjes.jus.br\/corregedoria\/wp-json\/wp\/v2\/posts\/30483"}],"collection":[{"href":"https:\/\/www.tjes.jus.br\/corregedoria\/wp-json\/wp\/v2\/posts"}],"about":[{"href":"https:\/\/www.tjes.jus.br\/corregedoria\/wp-json\/wp\/v2\/types\/post"}],"author":[{"embeddable":true,"href":"https:\/\/www.tjes.jus.br\/corregedoria\/wp-json\/wp\/v2\/users\/12"}],"replies":[{"embeddable":true,"href":"https:\/\/www.tjes.jus.br\/corregedoria\/wp-json\/wp\/v2\/comments?post=30483"}],"version-history":[{"count":1,"href":"https:\/\/www.tjes.jus.br\/corregedoria\/wp-json\/wp\/v2\/posts\/30483\/revisions"}],"predecessor-version":[{"id":30484,"href":"https:\/\/www.tjes.jus.br\/corregedoria\/wp-json\/wp\/v2\/posts\/30483\/revisions\/30484"}],"wp:attachment":[{"href":"https:\/\/www.tjes.jus.br\/corregedoria\/wp-json\/wp\/v2\/media?parent=30483"}],"wp:term":[{"taxonomy":"category","embeddable":true,"href":"https:\/\/www.tjes.jus.br\/corregedoria\/wp-json\/wp\/v2\/categories?post=30483"},{"taxonomy":"post_tag","embeddable":true,"href":"https:\/\/www.tjes.jus.br\/corregedoria\/wp-json\/wp\/v2\/tags?post=30483"}],"curies":[{"name":"wp","href":"https:\/\/api.w.org\/{rel}","templated":true}]}}