{"id":30486,"date":"2020-07-31T16:14:11","date_gmt":"2020-07-31T19:14:11","guid":{"rendered":"https:\/\/www.tjes.jus.br\/corregedoria\/?p=30486"},"modified":"2020-08-13T21:43:26","modified_gmt":"2020-08-14T00:43:26","slug":"provimento-no-25-2020-disp-31-07-2020","status":"publish","type":"post","link":"https:\/\/www.tjes.jus.br\/corregedoria\/2020\/07\/31\/provimento-no-25-2020-disp-31-07-2020\/","title":{"rendered":"PROVIMENTO N\u00ba 25\/2020 \u2013 DISP. 31\/07\/2020"},"content":{"rendered":"<p align=\"center\"><strong>PROVIMENTO CGJES N\u00ba 25\/2020<\/strong><\/p>\n<p style=\"text-align: justify;\" align=\"center\">Prorroga o prazo de vig\u00eancia dos <a href=\"https:\/\/www.tjes.jus.br\/corregedoria\/2020\/03\/23\/provimento-no-05-2020-disp-23-03-2020\/\">Provimentos n\u00ba 5\/2020<\/a>, n\u00ba <a href=\"https:\/\/www.tjes.jus.br\/corregedoria\/2020\/04\/29\/provimento-no-12-2020-disp-29-04-2020\/\">12\/2020<\/a>, n\u00ba <a href=\"https:\/\/www.tjes.jus.br\/corregedoria\/2020\/05\/12\/provimento-no-14-2020-disp-12-05-2020\/\">14\/2020<\/a> e <a href=\"https:\/\/www.tjes.jus.br\/corregedoria\/2020\/07\/02\/provimento-no-23-2020-disp-02-07-2020\/\">23\/2020<\/a>, todos desta Corregedoria Geral da Justi\u00e7a e d\u00e1 outras provid\u00eancias.<\/p>\n<p style=\"text-align: justify;\">O Desembargador\u00a0<strong>NEY BATISTA COUTINHO<\/strong>, Corregedor Geral da Justi\u00e7a do Estado do Esp\u00edrito Santo, no uso de suas atribui\u00e7\u00f5es legais e,<\/p>\n<p style=\"text-align: justify;\"><strong>\u00a0<\/strong><\/p>\n<p style=\"text-align: justify;\"><strong>CONSIDERANDO<\/strong>\u00a0a\u00a0<a href=\"https:\/\/atos.cnj.jus.br\/atos\/detalhar\/3333\" target=\"_blank\" rel=\"noopener\">Resolu\u00e7\u00e3o n\u00ba 322<\/a>, de 1\u00ba de junho de 2020, do Conselho Nacional de Justi\u00e7a, que estabelece, no \u00e2mbito do Poder Judici\u00e1rio, regras m\u00ednimas para a retomada dos servi\u00e7os presenciais, observadas as a\u00e7\u00f5es necess\u00e1rias para preven\u00e7\u00e3o de cont\u00e1gio pelo novo Coronav\u00edrus \u2013 Covid-19, e d\u00e1 outras provid\u00eancias;<\/p>\n<p style=\"text-align: justify;\"><strong>CONSIDERANDO<\/strong>\u00a0o <a href=\"https:\/\/www.tjes.jus.br\/corregedoria\/2020\/07\/30\/ato-normativo-no-085-2020-disp-30-07-2020\/\">Ato Normativo n\u00ba 85\/2020<\/a>, de 30 de julho de 2020, do Tribunal de Justi\u00e7a do Estado do Esp\u00edrito Santo, que prorroga, no \u00e2mbito do Poder Judici\u00e1rio Estadual, as regras do regime de Plant\u00e3o Extraordin\u00e1rio estabelecido em virtude da doen\u00e7a COVID-19 pelos Atos Normativos n\u00b0s 64\/2020, 68\/2020 e 71\/2020.<\/p>\n<p style=\"text-align: justify;\"><strong>CONSIDERANDO<\/strong>\u00a0a Portaria n\u00ba 147-R, de 25 de julho de 2020, da Secretaria de Estado da Sa\u00fade do Esp\u00edrito Santo, na qual estabelece e divulga o mapeamento de risco institu\u00eddo pelo Decreto n\u00ba 4636-R, de 19 de abril de 2020, na forma da Portaria n\u00ba 93-R, de 23 de maio de 2020, onde se constata que houve uma sens\u00edvel melhora no mapa de risco dos munic\u00edpios capixabas, sendo que poucos (18) mant\u00eam o patamar de RISCO ALTO, a grande maioria encontra-se no patamar de RISCO MODERADO, e outros tantos atingindo o patamar de RISCO BAIXO.<\/p>\n<p style=\"text-align: justify;\"><strong>RESOLVE:<\/strong><\/p>\n<p style=\"text-align: justify;\"><strong>\u00a0<\/strong><\/p>\n<p style=\"text-align: justify;\"><strong>Art. 1\u00ba.<\/strong>\u00a0Ficam prorrogados para o dia 9 de agosto de 2020 os prazos de vig\u00eancia dos Provimentos n\u00ba\u00a0<a href=\"https:\/\/www.tjes.jus.br\/corregedoria\/2020\/03\/23\/provimento-no-05-2020-disp-23-03-2020\/\">5\/2020<\/a>, \u00a0<a href=\"https:\/\/www.tjes.jus.br\/corregedoria\/2020\/04\/29\/provimento-no-12-2020-disp-29-04-2020\/\">n\u00ba 12\/2020<\/a>\u00a0e n\u00ba <a href=\"https:\/\/www.tjes.jus.br\/corregedoria\/2020\/05\/12\/provimento-no-14-2020-disp-12-05-2020\/\">14\/2020<\/a> e <a href=\"https:\/\/www.tjes.jus.br\/corregedoria\/2020\/07\/02\/provimento-no-23-2020-disp-02-07-2020\/\">23\/2020<\/a>, todos desta Corregedoria Geral da Justi\u00e7a, que poder\u00e3o ser ampliados ou reduzidos por ato deste \u00f3rg\u00e3o correcional em conson\u00e2ncia com a egr\u00e9gia Presid\u00eancia do Tribunal de Justi\u00e7a, caso necess\u00e1rio.<\/p>\n<p style=\"text-align: justify;\"><strong>\u00a0<\/strong><\/p>\n<p style=\"text-align: justify;\"><del><strong>Art. 2<sup>o<\/sup><\/strong>. Iniciar a partir do dia 10 de agosto de 2020, a fase inicial de retomada das atividades presenciais, conforme provimento a ser publicado<\/del>. <span style=\"color: #ff0000;\"><strong>Revogado pelo <a href=\"https:\/\/www.tjes.jus.br\/corregedoria\/2020\/08\/12\/provimento-no-26-2020-disp-12-08-2020\/\">Provimento n\u00ba 26\/2020<\/a> \u2013 DISP. 12\/08\/2020<\/strong><\/span><\/p>\n<p style=\"text-align: justify;\">Par\u00e1grafo \u00fanico. A data prevista no\u00a0<i>caput<\/i>\u00a0deste artigo poder\u00e1 ser alterada, a depender das situa\u00e7\u00f5es relacionadas \u00e0 pandemia e ao controle de biosseguran\u00e7a.<\/p>\n<p style=\"text-align: justify;\"><strong>Art. 3\u00ba<\/strong>. Este provimento entra em vigor na data de sua disponibiliza\u00e7\u00e3o no DJe.<\/p>\n<p><strong>Publique-se.<\/strong><\/p>\n<p style=\"text-align: left;\" align=\"center\">Vit\u00f3ria (ES), 30 de julho de 2020.<\/p>\n<p align=\"center\"><strong>DES. NEY BATISTA COUTINHO<\/strong><\/p>\n<p align=\"center\"><strong>Corregedor Geral da Justi\u00e7a<\/strong><\/p>\n","protected":false},"excerpt":{"rendered":"<p>PROVIMENTO CGJES N\u00ba 25\/2020 Prorroga o prazo de vig\u00eancia dos Provimentos n\u00ba 5\/2020, n\u00ba 12\/2020, n\u00ba 14\/2020 e 23\/2020, todos desta Corregedoria Geral da Justi\u00e7a e d\u00e1 outras provid\u00eancias. O Desembargador\u00a0NEY BATISTA COUTINHO, Corregedor Geral da Justi\u00e7a do Estado do Esp\u00edrito Santo, no uso de suas atribui\u00e7\u00f5es legais e, \u00a0 CONSIDERANDO\u00a0a\u00a0Resolu\u00e7\u00e3o n\u00ba 322, de 1\u00ba [&hellip;]<\/p>\n","protected":false},"author":12,"featured_media":0,"comment_status":"closed","ping_status":"closed","sticky":false,"template":"","format":"standard","meta":{"footnotes":""},"categories":[14,16],"tags":[],"_links":{"self":[{"href":"https:\/\/www.tjes.jus.br\/corregedoria\/wp-json\/wp\/v2\/posts\/30486"}],"collection":[{"href":"https:\/\/www.tjes.jus.br\/corregedoria\/wp-json\/wp\/v2\/posts"}],"about":[{"href":"https:\/\/www.tjes.jus.br\/corregedoria\/wp-json\/wp\/v2\/types\/post"}],"author":[{"embeddable":true,"href":"https:\/\/www.tjes.jus.br\/corregedoria\/wp-json\/wp\/v2\/users\/12"}],"replies":[{"embeddable":true,"href":"https:\/\/www.tjes.jus.br\/corregedoria\/wp-json\/wp\/v2\/comments?post=30486"}],"version-history":[{"count":5,"href":"https:\/\/www.tjes.jus.br\/corregedoria\/wp-json\/wp\/v2\/posts\/30486\/revisions"}],"predecessor-version":[{"id":30525,"href":"https:\/\/www.tjes.jus.br\/corregedoria\/wp-json\/wp\/v2\/posts\/30486\/revisions\/30525"}],"wp:attachment":[{"href":"https:\/\/www.tjes.jus.br\/corregedoria\/wp-json\/wp\/v2\/media?parent=30486"}],"wp:term":[{"taxonomy":"category","embeddable":true,"href":"https:\/\/www.tjes.jus.br\/corregedoria\/wp-json\/wp\/v2\/categories?post=30486"},{"taxonomy":"post_tag","embeddable":true,"href":"https:\/\/www.tjes.jus.br\/corregedoria\/wp-json\/wp\/v2\/tags?post=30486"}],"curies":[{"name":"wp","href":"https:\/\/api.w.org\/{rel}","templated":true}]}}