{"id":30495,"date":"2020-08-04T14:28:17","date_gmt":"2020-08-04T17:28:17","guid":{"rendered":"https:\/\/www.tjes.jus.br\/corregedoria\/?p=30495"},"modified":"2020-08-04T14:28:17","modified_gmt":"2020-08-04T17:28:17","slug":"portaria-no-008-2020-disp-04-08-2020","status":"publish","type":"post","link":"https:\/\/www.tjes.jus.br\/corregedoria\/2020\/08\/04\/portaria-no-008-2020-disp-04-08-2020\/","title":{"rendered":"PORTARIA N\u00ba 008\/2020 \u2013 DISP. 04\/08\/2020"},"content":{"rendered":"<p align=\"center\"><strong>PORTARIA CGJES N.\u00ba 008\/2020<\/strong><\/p>\n<p align=\"center\">\n<p style=\"text-align: justify;\">\n<p style=\"text-align: justify;\"><strong>CONSIDERANDO\u00a0<\/strong>a altera\u00e7\u00e3o no n\u00facleo de Ju\u00edzes Corregedores desta Corregedoria Geral de Justi\u00e7a;<\/p>\n<p>&nbsp;<\/p>\n<p style=\"text-align: justify;\"><strong>RESOLVE:<\/strong><\/p>\n<p style=\"text-align: justify;\">\n<p style=\"text-align: justify;\"><strong>ALTERAR<\/strong>\u00a0a Portaria n\u00ba 01\/2020, disponibilizada no DJ de 20\/01\/2020, no tocante \u00e0 composi\u00e7\u00e3o da Comiss\u00e3o Revisora do C\u00f3digo de Normas, para constar como membro o MM. Juiz\u00a0<strong>ROGERIO RODRIGUES DE ALMEIDA<\/strong>, em substitui\u00e7\u00e3o ao MM. Juiz\u00a0<strong>ADRIANO CORR\u00caA DE MELLO<\/strong>.<\/p>\n<p>&nbsp;<\/p>\n<p>&nbsp;<\/p>\n<p><strong>Publique-se.<\/strong><\/p>\n<p align=\"center\">\n<p style=\"text-align: left;\" align=\"center\">Vit\u00f3ria\/ES, 3 de agosto de 2020.<\/p>\n<p align=\"center\">\n<p align=\"center\"><strong>Desembargador NEY BATISTA COUTINHO<br \/>\nCorregedor Geral da Justi\u00e7a<\/strong><\/p>\n","protected":false},"excerpt":{"rendered":"<p>PORTARIA CGJES N.\u00ba 008\/2020 CONSIDERANDO\u00a0a altera\u00e7\u00e3o no n\u00facleo de Ju\u00edzes Corregedores desta Corregedoria Geral de Justi\u00e7a; &nbsp; RESOLVE: ALTERAR\u00a0a Portaria n\u00ba 01\/2020, disponibilizada no DJ de 20\/01\/2020, no tocante \u00e0 composi\u00e7\u00e3o da Comiss\u00e3o Revisora do C\u00f3digo de Normas, para constar como membro o MM. Juiz\u00a0ROGERIO RODRIGUES DE ALMEIDA, em substitui\u00e7\u00e3o ao MM. Juiz\u00a0ADRIANO CORR\u00caA DE [&hellip;]<\/p>\n","protected":false},"author":12,"featured_media":0,"comment_status":"closed","ping_status":"closed","sticky":false,"template":"","format":"standard","meta":{"footnotes":""},"categories":[14,6],"tags":[],"_links":{"self":[{"href":"https:\/\/www.tjes.jus.br\/corregedoria\/wp-json\/wp\/v2\/posts\/30495"}],"collection":[{"href":"https:\/\/www.tjes.jus.br\/corregedoria\/wp-json\/wp\/v2\/posts"}],"about":[{"href":"https:\/\/www.tjes.jus.br\/corregedoria\/wp-json\/wp\/v2\/types\/post"}],"author":[{"embeddable":true,"href":"https:\/\/www.tjes.jus.br\/corregedoria\/wp-json\/wp\/v2\/users\/12"}],"replies":[{"embeddable":true,"href":"https:\/\/www.tjes.jus.br\/corregedoria\/wp-json\/wp\/v2\/comments?post=30495"}],"version-history":[{"count":1,"href":"https:\/\/www.tjes.jus.br\/corregedoria\/wp-json\/wp\/v2\/posts\/30495\/revisions"}],"predecessor-version":[{"id":30496,"href":"https:\/\/www.tjes.jus.br\/corregedoria\/wp-json\/wp\/v2\/posts\/30495\/revisions\/30496"}],"wp:attachment":[{"href":"https:\/\/www.tjes.jus.br\/corregedoria\/wp-json\/wp\/v2\/media?parent=30495"}],"wp:term":[{"taxonomy":"category","embeddable":true,"href":"https:\/\/www.tjes.jus.br\/corregedoria\/wp-json\/wp\/v2\/categories?post=30495"},{"taxonomy":"post_tag","embeddable":true,"href":"https:\/\/www.tjes.jus.br\/corregedoria\/wp-json\/wp\/v2\/tags?post=30495"}],"curies":[{"name":"wp","href":"https:\/\/api.w.org\/{rel}","templated":true}]}}