{"id":30510,"date":"2020-08-12T14:14:10","date_gmt":"2020-08-12T17:14:10","guid":{"rendered":"https:\/\/www.tjes.jus.br\/corregedoria\/?p=30510"},"modified":"2020-08-12T14:14:10","modified_gmt":"2020-08-12T17:14:10","slug":"ato-normativo-conjunto-no-030-2020-disp-12-08-2020","status":"publish","type":"post","link":"https:\/\/www.tjes.jus.br\/corregedoria\/2020\/08\/12\/ato-normativo-conjunto-no-030-2020-disp-12-08-2020\/","title":{"rendered":"ATO NORMATIVO CONJUNTO N\u00ba 030\/ 2020 \u2013 DISP. 12\/08\/2020"},"content":{"rendered":"<p style=\"text-align: center;\" align=\"center\"><strong>PODER JUDICI\u00c1RIO DO ESTADO DO ESP\u00cdRITO SANTO &#8211; PJES<\/strong><\/p>\n<p style=\"text-align: center;\" align=\"center\"><strong>RUA DESEMBARGADOR HOMERO MAFRA,60 &#8211; Bairro ENSEADA DO SU\u00c1 &#8211; CEP 29050906 &#8211; Vit\u00f3ria &#8211; ES &#8211; www.tjes.jus.br<\/strong><\/p>\n<p style=\"text-align: center;\" align=\"center\"><strong>\u00a0<\/strong><\/p>\n<p style=\"text-align: center;\"><strong>ATO NORMATIVO CONJUNTO N\u00ba 030\/2020<\/strong><\/p>\n<p style=\"text-align: justify;\">\n<p style=\"text-align: justify;\">Considerando o <a href=\"https:\/\/www.tjes.jus.br\/corregedoria\/2020\/04\/07\/ato-normativo-conjunto-no-012-2020-disp-07-04-2020\/\">Ato Conjunto 12\/2020<\/a>, de 03 de abril de 2020,\u00a0atrav\u00e9s do qual as medidas protetivas em vigor ou prestes a expirar dever\u00e3o ter sua efic\u00e1cia prorrogada at\u00e9 30\/04\/20, nos pr\u00f3prios autos e independente de manifesta\u00e7\u00e3o da v\u00edtima, dentre outras provid\u00eancias;<\/p>\n<p style=\"text-align: justify;\">\n<p style=\"text-align: justify;\">Considerando o <a href=\"https:\/\/www.tjes.jus.br\/corregedoria\/2020\/08\/07\/ato-normativo-no-088-2020-disp-07-08-2020\/\">Ato Normativo 88\/2020<\/a>, deste Egr\u00e9gio Tribunal de Justi\u00e7a, prorrogando para o dia 24 de agosto\u00a0de 2020 a segunda fase do retorno ao atendimento presencial nas unidades judici\u00e1rias;<\/p>\n<p style=\"text-align: justify;\">\n<p style=\"text-align: justify;\">Fica prorrogado o Ato Conjunto 12\/2020 at\u00e9 23\/08\/2020, conforme segunda fase determinada no Ato 88\/2020.<\/p>\n<p style=\"text-align: justify;\">\n<p style=\"text-align: justify;\">Vit\u00f3ria\/ES, 10 de agosto de 2020.<\/p>\n<p>&nbsp;<\/p>\n<p>&nbsp;<\/p>\n<p align=\"center\"><strong>DESEMBARGADOR\u00a0FERNANDO ZARDINI ANTONIO<\/strong><\/p>\n<p align=\"center\"><strong>\u00a0Supervisor das Varas Criminais, de Execu\u00e7\u00e3o Penal e Viol\u00eancia Dom\u00e9stica<\/strong><\/p>\n<p align=\"center\">\n<p align=\"center\">\n<p align=\"center\"><strong>JU\u00cdZA DE DIREITO\u00a0HERMINIA MARIA SILVEIRA AZOURY<\/strong><\/p>\n<p align=\"center\"><strong>Coordenadora da Coordenadoria Estadual da Mulher em Situa\u00e7\u00e3o de Viol\u00eancia Dom\u00e9stica e Familiar<\/strong><\/p>\n","protected":false},"excerpt":{"rendered":"<p>PODER JUDICI\u00c1RIO DO ESTADO DO ESP\u00cdRITO SANTO &#8211; PJES RUA DESEMBARGADOR HOMERO MAFRA,60 &#8211; Bairro ENSEADA DO SU\u00c1 &#8211; CEP 29050906 &#8211; Vit\u00f3ria &#8211; ES &#8211; www.tjes.jus.br \u00a0 ATO NORMATIVO CONJUNTO N\u00ba 030\/2020 Considerando o Ato Conjunto 12\/2020, de 03 de abril de 2020,\u00a0atrav\u00e9s do qual as medidas protetivas em vigor ou prestes a expirar [&hellip;]<\/p>\n","protected":false},"author":12,"featured_media":0,"comment_status":"closed","ping_status":"closed","sticky":false,"template":"","format":"standard","meta":{"footnotes":""},"categories":[4,14],"tags":[],"_links":{"self":[{"href":"https:\/\/www.tjes.jus.br\/corregedoria\/wp-json\/wp\/v2\/posts\/30510"}],"collection":[{"href":"https:\/\/www.tjes.jus.br\/corregedoria\/wp-json\/wp\/v2\/posts"}],"about":[{"href":"https:\/\/www.tjes.jus.br\/corregedoria\/wp-json\/wp\/v2\/types\/post"}],"author":[{"embeddable":true,"href":"https:\/\/www.tjes.jus.br\/corregedoria\/wp-json\/wp\/v2\/users\/12"}],"replies":[{"embeddable":true,"href":"https:\/\/www.tjes.jus.br\/corregedoria\/wp-json\/wp\/v2\/comments?post=30510"}],"version-history":[{"count":1,"href":"https:\/\/www.tjes.jus.br\/corregedoria\/wp-json\/wp\/v2\/posts\/30510\/revisions"}],"predecessor-version":[{"id":30511,"href":"https:\/\/www.tjes.jus.br\/corregedoria\/wp-json\/wp\/v2\/posts\/30510\/revisions\/30511"}],"wp:attachment":[{"href":"https:\/\/www.tjes.jus.br\/corregedoria\/wp-json\/wp\/v2\/media?parent=30510"}],"wp:term":[{"taxonomy":"category","embeddable":true,"href":"https:\/\/www.tjes.jus.br\/corregedoria\/wp-json\/wp\/v2\/categories?post=30510"},{"taxonomy":"post_tag","embeddable":true,"href":"https:\/\/www.tjes.jus.br\/corregedoria\/wp-json\/wp\/v2\/tags?post=30510"}],"curies":[{"name":"wp","href":"https:\/\/api.w.org\/{rel}","templated":true}]}}