{"id":30530,"date":"2020-08-14T16:16:49","date_gmt":"2020-08-14T19:16:49","guid":{"rendered":"https:\/\/www.tjes.jus.br\/corregedoria\/?p=30530"},"modified":"2020-08-14T16:20:32","modified_gmt":"2020-08-14T19:20:32","slug":"corregedoria-entrega-certificado-de-vitaliciamento-a-magistrado","status":"publish","type":"post","link":"https:\/\/www.tjes.jus.br\/corregedoria\/2020\/08\/14\/corregedoria-entrega-certificado-de-vitaliciamento-a-magistrado\/","title":{"rendered":"Corregedoria entrega certificado de vitaliciamento a magistrado"},"content":{"rendered":"<blockquote><p><em>\u00a0A cerim\u00f4nia de entrega foi realizada na tarde desta sexta-feira (14).<\/em><\/p><\/blockquote>\n<p>Na tarde desta sexta-feira (14), em solenidade na Corregedoria Geral da Justi\u00e7a do Esp\u00edrito Santo (CGJ-ES), foi entregue o certificado de vitaliciedade ao magistrado Jo\u00e3o Carlos Lopes Monteiro Lobato Fraga.<\/p>\n<p>A certifica\u00e7\u00e3o acontece ap\u00f3s o magistrado cumprir o per\u00edodo de est\u00e1gio probat\u00f3rio, supervisionado pela Corregedoria, e garante a vitaliciedade na carreira da magistratura.<\/p>\n<p>O processo de est\u00e1gio probat\u00f3rio \u00e9 dividido em etapas e, em cada uma delas, o magistrado tem seus trabalhos avaliados por aspectos qualitativos e quantitativos. Al\u00e9m disso, s\u00e3o analisadas informa\u00e7\u00f5es vindas da Escola da Magistratura do Esp\u00edrito Santo (EMES), sobre o cumprimento da carga hor\u00e1ria exigida pela Escola Nacional da Magistratura. A partir da jun\u00e7\u00e3o de todo esse material, o corregedor faz as avalia\u00e7\u00f5es peri\u00f3dicas e as encaminha para o Conselho da Magistratura, para que sejam cumpridos os tr\u00e2mites finais do vitaliciamento.<\/p>\n","protected":false},"excerpt":{"rendered":"<p>\u00a0A cerim\u00f4nia de entrega foi realizada na tarde desta sexta-feira (14). Na tarde desta sexta-feira (14), em solenidade na Corregedoria Geral da Justi\u00e7a do Esp\u00edrito Santo (CGJ-ES), foi entregue o certificado de vitaliciedade ao magistrado Jo\u00e3o Carlos Lopes Monteiro Lobato Fraga. A certifica\u00e7\u00e3o acontece ap\u00f3s o magistrado cumprir o per\u00edodo de est\u00e1gio probat\u00f3rio, supervisionado pela [&hellip;]<\/p>\n","protected":false},"author":13,"featured_media":30531,"comment_status":"closed","ping_status":"closed","sticky":false,"template":"","format":"standard","meta":{"footnotes":""},"categories":[1],"tags":[],"_links":{"self":[{"href":"https:\/\/www.tjes.jus.br\/corregedoria\/wp-json\/wp\/v2\/posts\/30530"}],"collection":[{"href":"https:\/\/www.tjes.jus.br\/corregedoria\/wp-json\/wp\/v2\/posts"}],"about":[{"href":"https:\/\/www.tjes.jus.br\/corregedoria\/wp-json\/wp\/v2\/types\/post"}],"author":[{"embeddable":true,"href":"https:\/\/www.tjes.jus.br\/corregedoria\/wp-json\/wp\/v2\/users\/13"}],"replies":[{"embeddable":true,"href":"https:\/\/www.tjes.jus.br\/corregedoria\/wp-json\/wp\/v2\/comments?post=30530"}],"version-history":[{"count":2,"href":"https:\/\/www.tjes.jus.br\/corregedoria\/wp-json\/wp\/v2\/posts\/30530\/revisions"}],"predecessor-version":[{"id":30533,"href":"https:\/\/www.tjes.jus.br\/corregedoria\/wp-json\/wp\/v2\/posts\/30530\/revisions\/30533"}],"wp:featuredmedia":[{"embeddable":true,"href":"https:\/\/www.tjes.jus.br\/corregedoria\/wp-json\/wp\/v2\/media\/30531"}],"wp:attachment":[{"href":"https:\/\/www.tjes.jus.br\/corregedoria\/wp-json\/wp\/v2\/media?parent=30530"}],"wp:term":[{"taxonomy":"category","embeddable":true,"href":"https:\/\/www.tjes.jus.br\/corregedoria\/wp-json\/wp\/v2\/categories?post=30530"},{"taxonomy":"post_tag","embeddable":true,"href":"https:\/\/www.tjes.jus.br\/corregedoria\/wp-json\/wp\/v2\/tags?post=30530"}],"curies":[{"name":"wp","href":"https:\/\/api.w.org\/{rel}","templated":true}]}}