{"id":30534,"date":"2020-08-18T13:34:13","date_gmt":"2020-08-18T16:34:13","guid":{"rendered":"https:\/\/www.tjes.jus.br\/corregedoria\/?p=30534"},"modified":"2020-08-18T13:34:13","modified_gmt":"2020-08-18T16:34:13","slug":"oficio-circular-cgjes-0481733-2020-disp-18-08-2020","status":"publish","type":"post","link":"https:\/\/www.tjes.jus.br\/corregedoria\/2020\/08\/18\/oficio-circular-cgjes-0481733-2020-disp-18-08-2020\/","title":{"rendered":"OF\u00cdCIO CIRCULAR CGJES 0481733\/2020 \u2013 DISP. 18\/08\/2020"},"content":{"rendered":"<p align=\"center\"><strong>PODER JUDICI\u00c1RIO DO ESTADO DO ESP\u00cdRITO SANTO &#8211; PJES<\/strong><\/p>\n<p align=\"center\"><strong>CORREGEDORIA GERAL DA\u00a0JUSTI\u00c7A<\/strong><\/p>\n<p align=\"center\">\n<p align=\"center\"><strong>OF\u00cdCIO CIRCULAR CGJES\u00a00481733\/7003984-73.2020.8.08.0000<\/strong><\/p>\n<p align=\"center\">\n<p style=\"text-align: justify;\">O Exmo. Desembargador\u00a0<strong>NEY BATISTA COUTINHO,<\/strong>\u00a0Corregedor Geral da Justi\u00e7a do Estado do Esp\u00edrito Santo, no uso de suas atribui\u00e7\u00f5es legais e,<\/p>\n<p style=\"text-align: justify;\">\n<p style=\"text-align: justify;\"><strong>CONSIDERANDO<\/strong>\u00a0que a Corregedoria Geral da Justi\u00e7a \u00e9 \u00f3rg\u00e3o de fiscaliza\u00e7\u00e3o, disciplina e orienta\u00e7\u00e3o administrativa, com jurisdi\u00e7\u00e3o em todo do Estado, conforme art. 35, da Lei Complementar Estadual n.\u00ba 234\/02;<\/p>\n<p style=\"text-align: justify;\">\n<p style=\"text-align: justify;\"><strong>CONSIDERANDO<\/strong>\u00a0o \u00a0<i>Of\u00edcio-Circular n. 01,<\/i>\u00a0oriundo do Conselho Nacional de Justi\u00e7a, no qual o Exmo. Conselheiro Marcos Vin\u00edcius Jardim Rodrigues, Coordenador do Comit\u00ea Gestor dos Cadastros Nacionais (CGCN\/CNJ), informa que o Sistema Nacional de Controle de Comunica\u00e7\u00f5es de intercepta\u00e7\u00f5es telef\u00f4nicas e de sistemas de inform\u00e1tica e telem\u00e1tica nos \u00f3rg\u00e3os jurisdicionais do Poder Judici\u00e1rio \u2013\u00a0<strong>SNCI foi transformado em pain\u00e9is,<\/strong>\u00a0conforme Resolu\u00e7\u00e3o\/CNJ n. 328\/2020.<\/p>\n<p style=\"text-align: justify;\">\n<p style=\"text-align: justify;\"><strong>CONSIDERANDO<\/strong>\u00a0que a mudan\u00e7a decorreu da necessidade de otimizar os recursos do Poder Judici\u00e1rio e promover o aperfei\u00e7oamento dos bancos de dados e sistemas geridos por este Conselho Nacional de Justi\u00e7a, conforme delibera\u00e7\u00e3o de seu Plen\u00e1rio.<\/p>\n<p style=\"text-align: justify;\">\n<p style=\"text-align: justify;\"><strong>RESOLVE:<\/strong><\/p>\n<p style=\"text-align: justify;\">\n<p style=\"text-align: justify;\"><strong>1. DAR CI\u00caNCIA.<\/strong><\/p>\n<p style=\"text-align: justify;\">\n<p style=\"text-align: justify;\">A todas as unidade judici\u00e1rias\u00a0do Estado do Esp\u00edrito Santo de que a\u00a0<strong>alimenta\u00e7\u00e3o do SNCI ser\u00e1 feita automaticamente,<\/strong>\u00a0a partir de informa\u00e7\u00f5es que constam do Banco Nacional de Dados Processuais do Poder Judici\u00e1rio \u2013 DataJud e que se referem aos pedidos de intercepta\u00e7\u00f5es de comunica\u00e7\u00f5es e \u00e0s decis\u00f5es sobre quebra do sigilo dessas comunica\u00e7\u00f5es,\u00a0<strong>n\u00e3o demandando mais o acesso do juiz ao SNCI,\u00a0<\/strong>para o preenchimento de seus campos.<\/p>\n<p style=\"text-align: justify;\">\n<p style=\"text-align: justify;\">A partir de ent\u00e3o, o\u00a0DataJud extrai, diretamente dos Sistemas Processuais (Pje, E-SAJ, E-Proc etc.), os movimentos e complementos lan\u00e7ados nos processos judiciais, de modo que a correta alimenta\u00e7\u00e3o sobre o tr\u00e2mite processual, por parte dos respectivos ju\u00edzes e servidores, &#8211; e de acordo com as Tabelas Processuais Unificadas (TPUs) &#8211; configura-se medida de extrema import\u00e2ncia para a racionaliza\u00e7\u00e3o e transpar\u00eancia do Poder Judici\u00e1rio.<\/p>\n<p style=\"text-align: justify;\">\n<p style=\"text-align: justify;\">Os pain\u00e9is do SNCI est\u00e3o em desenvolvimento e ser\u00e3o disponibilizados, no\u00a0<i>site\u00a0<\/i>do CNJ, a partir de agosto de 2020.<\/p>\n<p style=\"text-align: justify;\">\n<p style=\"text-align: justify;\"><strong>2. PUBLIQUE-SE.<\/strong><\/p>\n<p style=\"text-align: justify;\">\n<p style=\"text-align: justify;\">Vit\u00f3ria\/ES, 06 de agosto de 2020.<\/p>\n<p>&nbsp;<\/p>\n<p style=\"text-align: center;\"><strong>NEY BATISTA COUTINHO<\/strong><\/p>\n<p align=\"center\"><strong>Corregedor Geral da Justi\u00e7a<\/strong><\/p>\n","protected":false},"excerpt":{"rendered":"<p>PODER JUDICI\u00c1RIO DO ESTADO DO ESP\u00cdRITO SANTO &#8211; PJES CORREGEDORIA GERAL DA\u00a0JUSTI\u00c7A OF\u00cdCIO CIRCULAR CGJES\u00a00481733\/7003984-73.2020.8.08.0000 O Exmo. Desembargador\u00a0NEY BATISTA COUTINHO,\u00a0Corregedor Geral da Justi\u00e7a do Estado do Esp\u00edrito Santo, no uso de suas atribui\u00e7\u00f5es legais e, CONSIDERANDO\u00a0que a Corregedoria Geral da Justi\u00e7a \u00e9 \u00f3rg\u00e3o de fiscaliza\u00e7\u00e3o, disciplina e orienta\u00e7\u00e3o administrativa, com jurisdi\u00e7\u00e3o em todo do Estado, [&hellip;]<\/p>\n","protected":false},"author":12,"featured_media":0,"comment_status":"closed","ping_status":"closed","sticky":false,"template":"","format":"standard","meta":{"footnotes":""},"categories":[14,5],"tags":[],"_links":{"self":[{"href":"https:\/\/www.tjes.jus.br\/corregedoria\/wp-json\/wp\/v2\/posts\/30534"}],"collection":[{"href":"https:\/\/www.tjes.jus.br\/corregedoria\/wp-json\/wp\/v2\/posts"}],"about":[{"href":"https:\/\/www.tjes.jus.br\/corregedoria\/wp-json\/wp\/v2\/types\/post"}],"author":[{"embeddable":true,"href":"https:\/\/www.tjes.jus.br\/corregedoria\/wp-json\/wp\/v2\/users\/12"}],"replies":[{"embeddable":true,"href":"https:\/\/www.tjes.jus.br\/corregedoria\/wp-json\/wp\/v2\/comments?post=30534"}],"version-history":[{"count":1,"href":"https:\/\/www.tjes.jus.br\/corregedoria\/wp-json\/wp\/v2\/posts\/30534\/revisions"}],"predecessor-version":[{"id":30535,"href":"https:\/\/www.tjes.jus.br\/corregedoria\/wp-json\/wp\/v2\/posts\/30534\/revisions\/30535"}],"wp:attachment":[{"href":"https:\/\/www.tjes.jus.br\/corregedoria\/wp-json\/wp\/v2\/media?parent=30534"}],"wp:term":[{"taxonomy":"category","embeddable":true,"href":"https:\/\/www.tjes.jus.br\/corregedoria\/wp-json\/wp\/v2\/categories?post=30534"},{"taxonomy":"post_tag","embeddable":true,"href":"https:\/\/www.tjes.jus.br\/corregedoria\/wp-json\/wp\/v2\/tags?post=30534"}],"curies":[{"name":"wp","href":"https:\/\/api.w.org\/{rel}","templated":true}]}}