{"id":30542,"date":"2020-08-26T16:07:14","date_gmt":"2020-08-26T19:07:14","guid":{"rendered":"https:\/\/www.tjes.jus.br\/corregedoria\/?p=30542"},"modified":"2020-08-26T16:07:14","modified_gmt":"2020-08-26T19:07:14","slug":"oficio-circular-no-24-2020-disp-26-08-2020","status":"publish","type":"post","link":"https:\/\/www.tjes.jus.br\/corregedoria\/2020\/08\/26\/oficio-circular-no-24-2020-disp-26-08-2020\/","title":{"rendered":"OF\u00cdCIO-CIRCULAR N\u00ba 24\/2020 \u2013 DISP. 26\/08\/2020"},"content":{"rendered":"<div class=\"override-text\">\n<p style=\"text-align: center;\"><strong>PODER JUDICI\u00c1RIO DO ESTADO DO ESP\u00cdRITO SANTO &#8211; PJES<\/strong><\/p>\n<p style=\"text-align: center;\"><strong>RUA DESEMBARGADOR HOMERO MAFRA,60 &#8211; Bairro ENSEADA DO SU\u00c1 &#8211; CEP 29050906 &#8211; Vit\u00f3ria &#8211; ES &#8211;\u00a0<a href=\"https:\/\/www.tjes.jus.br\/\">www.tjes.jus.br<\/a><\/strong><\/p>\n<p style=\"text-align: center;\">\n<\/div>\n<p style=\"text-align: center;\"><strong>OF\u00cdCIO-CIRCULAR N\u00ba 24\/2020 &#8211; ASSESSORIA JURIDICA DA CORREGEDORIA<\/strong><\/p>\n<p style=\"text-align: justify;\">\n<p style=\"text-align: justify;\">\n<p style=\"text-align: justify;\">O Exmo. Sr. Desembargador Corregedor Geral da Justi\u00e7a do Estado do Esp\u00edrito Santo, Desembargador\u00a0<strong>NEY BATISTA COUTINHO<\/strong>\u00a0no uso de suas atribui\u00e7\u00f5es legais e:<\/p>\n<p style=\"text-align: justify;\">\n<p style=\"text-align: justify;\"><strong>CONSIDERANDO<\/strong>\u00a0que a Corregedoria Geral da Justi\u00e7a \u00e9 \u00f3rg\u00e3o de fiscaliza\u00e7\u00e3o, disciplina e orienta\u00e7\u00e3o administrativa do foro judicial e extrajudicial, com jurisdi\u00e7\u00e3o em todo o Estado, conforme artigo 35 da Lei Complementar Estadual n.\u00ba 234\/2002 (COJES);<\/p>\n<p style=\"text-align: justify;\">\n<p style=\"text-align: justify;\"><strong>CONSIDERANDO\u00a0<\/strong>a obriga\u00e7\u00e3o dos not\u00e1rios e registradores de cumprir as normas t\u00e9cnicas estabelecidas pelo Poder Judici\u00e1rio (arts. 37 e 38 da Lei n. 8.935, de 18 de novembro de 1994);<\/p>\n<p style=\"text-align: justify;\">\n<p style=\"text-align: justify;\"><strong>CONSIDERANDO\u00a0<\/strong>o disposto nos arts. 83 a 85 da Lei n. 8.069, de 13 de julho de 1990, com reda\u00e7\u00e3o dada pela Lei n. 13.812\/2019, que disciplina a viagem de crian\u00e7as e adolescentes para fora de suas comarcas de resid\u00eancia e a\u00a0necessidade de possibilitar que as autoriza\u00e7\u00f5es sejam realizadas por meio eletr\u00f4nico e<\/p>\n<p style=\"text-align: justify;\">\n<p style=\"text-align: justify;\"><strong>CONSIDERANDO\u00a0<\/strong>o que consta do\u00a0Pedido\u00a0de Provid\u00eancias CNJ n.\u00ba 011315-25.2018.2.00.0000;<\/p>\n<p style=\"text-align: justify;\">\n<p style=\"text-align: justify;\"><strong>RESOLVE:<\/strong><\/p>\n<p style=\"text-align: justify;\">\n<p style=\"text-align: justify;\"><strong>DAR CI\u00caNCIA<\/strong>\u00a0aos Magistrados que atuam nas Varas da Inf\u00e2ncia e Juventude do Estado do Esp\u00edrito Santo, bem como \u00e0s serventias extrajudiciais\u00a0notariais e de registro, acerca da edi\u00e7\u00e3o do Provimento CNJ n\u00ba 103\/2020, que disp\u00f5e sobre a Autoriza\u00e7\u00e3o Eletr\u00f4nica de Viagem nacional e internacional de crian\u00e7as e adolescentes at\u00e9 16 (dezesseis) anos desacompanhados de ambos ou um de seus pais e d\u00e1 outras provid\u00eancias.<\/p>\n<p style=\"text-align: justify;\">\n<p style=\"text-align: justify;\"><strong>Publique-se.<\/strong><\/p>\n<p>Vit\u00f3ria, 14 de agosto de 2020.<\/p>\n<p>&nbsp;<\/p>\n<p style=\"text-align: center;\"><strong>NEY BATISTA COUTINHO<\/strong><\/p>\n<p style=\"text-align: center;\"><strong>CORREGEDOR GERAL DA JUSTI\u00c7A<\/strong><\/p>\n","protected":false},"excerpt":{"rendered":"<p>PODER JUDICI\u00c1RIO DO ESTADO DO ESP\u00cdRITO SANTO &#8211; PJES RUA DESEMBARGADOR HOMERO MAFRA,60 &#8211; Bairro ENSEADA DO SU\u00c1 &#8211; CEP 29050906 &#8211; Vit\u00f3ria &#8211; ES &#8211;\u00a0www.tjes.jus.br OF\u00cdCIO-CIRCULAR N\u00ba 24\/2020 &#8211; ASSESSORIA JURIDICA DA CORREGEDORIA O Exmo. Sr. Desembargador Corregedor Geral da Justi\u00e7a do Estado do Esp\u00edrito Santo, Desembargador\u00a0NEY BATISTA COUTINHO\u00a0no uso de suas atribui\u00e7\u00f5es legais [&hellip;]<\/p>\n","protected":false},"author":12,"featured_media":0,"comment_status":"closed","ping_status":"closed","sticky":false,"template":"","format":"standard","meta":{"footnotes":""},"categories":[14,5],"tags":[],"_links":{"self":[{"href":"https:\/\/www.tjes.jus.br\/corregedoria\/wp-json\/wp\/v2\/posts\/30542"}],"collection":[{"href":"https:\/\/www.tjes.jus.br\/corregedoria\/wp-json\/wp\/v2\/posts"}],"about":[{"href":"https:\/\/www.tjes.jus.br\/corregedoria\/wp-json\/wp\/v2\/types\/post"}],"author":[{"embeddable":true,"href":"https:\/\/www.tjes.jus.br\/corregedoria\/wp-json\/wp\/v2\/users\/12"}],"replies":[{"embeddable":true,"href":"https:\/\/www.tjes.jus.br\/corregedoria\/wp-json\/wp\/v2\/comments?post=30542"}],"version-history":[{"count":1,"href":"https:\/\/www.tjes.jus.br\/corregedoria\/wp-json\/wp\/v2\/posts\/30542\/revisions"}],"predecessor-version":[{"id":30543,"href":"https:\/\/www.tjes.jus.br\/corregedoria\/wp-json\/wp\/v2\/posts\/30542\/revisions\/30543"}],"wp:attachment":[{"href":"https:\/\/www.tjes.jus.br\/corregedoria\/wp-json\/wp\/v2\/media?parent=30542"}],"wp:term":[{"taxonomy":"category","embeddable":true,"href":"https:\/\/www.tjes.jus.br\/corregedoria\/wp-json\/wp\/v2\/categories?post=30542"},{"taxonomy":"post_tag","embeddable":true,"href":"https:\/\/www.tjes.jus.br\/corregedoria\/wp-json\/wp\/v2\/tags?post=30542"}],"curies":[{"name":"wp","href":"https:\/\/api.w.org\/{rel}","templated":true}]}}