{"id":30551,"date":"2020-09-01T13:45:41","date_gmt":"2020-09-01T16:45:41","guid":{"rendered":"https:\/\/www.tjes.jus.br\/corregedoria\/?p=30551"},"modified":"2021-02-26T13:53:25","modified_gmt":"2021-02-26T16:53:25","slug":"portaria-no-010-2020-disp-01-09-2020","status":"publish","type":"post","link":"https:\/\/www.tjes.jus.br\/corregedoria\/2020\/09\/01\/portaria-no-010-2020-disp-01-09-2020\/","title":{"rendered":"PORTARIA N\u00ba 010\/2020 \u2013 DISP. 01\/09\/2020 ALTERADO"},"content":{"rendered":"<p align=\"center\"><strong>PORTARIA CGJES N.\u00ba 10\/2020<\/strong><\/p>\n<p align=\"center\"><strong>\u00a0<\/strong><\/p>\n<p style=\"text-align: justify;\"><i>Constituir a Comiss\u00e3o do<\/i>\u00a0<i>N\u00facleo de Monitoramento do Perfil de Demandas (NUMOPEDE)<\/i><i>.<\/i><\/p>\n<p style=\"text-align: justify;\"><strong>\u00a0<\/strong><\/p>\n<p style=\"text-align: justify;\">O<strong>\u00a0Desembargador NEY BATISTA COUTINHO<\/strong>, Corregedor Geral da Justi\u00e7a do Estado do Esp\u00edrito Santo, no uso de suas atribui\u00e7\u00f5es legais,<\/p>\n<p style=\"text-align: justify;\"><strong>\u00a0<\/strong><\/p>\n<p style=\"text-align: justify;\"><strong>CONSIDERANDO\u00a0<\/strong>que a Corregedoria Geral da Justi\u00e7a do Estado do Esp\u00edrito Santo \u00e9 \u00f3rg\u00e3o de fiscaliza\u00e7\u00e3o, que disciplina a orienta\u00e7\u00e3o administrativa, com jurisdi\u00e7\u00e3o em todo Estado, conforme disp\u00f5e o art. 35 da Lei Complementar Estadual n\u00ba 234\/2002;<\/p>\n<p style=\"text-align: justify;\"><strong>CONSIDERANDO\u00a0<\/strong>o <a href=\"https:\/\/www.tjes.jus.br\/corregedoria\/2020\/02\/06\/provimento-no-02-2020-disp-06-02-2020\/\">Provimento n\u00ba 2\/2020<\/a> da Corregedoria Geral da Justi\u00e7a, que instituiu o N\u00facleo de Monitoramento do Perfil de Demandas (NUMOPEDE) neste \u00e2mbito;<\/p>\n<p style=\"text-align: justify;\"><strong>CONSIDERANDO<\/strong>\u00a0os termos do art. 2\u00ba da mencionada Portaria, que define a composi\u00e7\u00e3o dos membros do NUMOPEDE;<\/p>\n<p style=\"text-align: justify;\"><strong>\u00a0<\/strong><\/p>\n<p style=\"text-align: justify;\"><strong>RESOLVE:<\/strong><\/p>\n<p style=\"text-align: justify;\"><strong>Art. 1\u00ba<\/strong>\u00a0Compor a Comiss\u00e3o do N\u00facleo de Monitoramento do Perfil de Demandas (NUMOPEDE), pelos seguintes membros:<\/p>\n<p style=\"text-align: justify;\">I \u2013 Ju\u00edza Corregedora\u00a0<strong>GISELLE ONIGKEIT<\/strong>;<\/p>\n<p style=\"text-align: justify;\"><del>II \u2013 Juiz Corregedor\u00a0<strong>GIL VELLOZO TADDEI<\/strong>;<\/del><\/p>\n<p>II \u2013 Juiz Corregedor\u00a0<strong>MARCELO MENEZES LOUREIRO<\/strong>;\u00a0( Inclu\u00eddo pela<a href=\"https:\/\/www.tjes.jus.br\/corregedoria\/2021\/02\/26\/portaria-no-20-2021-disp-22-02-2021\/\"> Portaria n\u00ba 20\/2021<\/a>)<\/p>\n<p style=\"text-align: justify;\">III \u2013 Juiz Corregedor\u00a0<strong>ROGERIO RODRIGUES DE ALMEIDA<\/strong>;<\/p>\n<p style=\"text-align: justify;\">IV \u2013 Ju\u00edza Corregedora\u00a0<strong>PAULA AMBROSIN DE ARAUJO MAZZEI<\/strong>;<\/p>\n<p style=\"text-align: justify;\">V \u2013 Coordenador de Monitoramento de Magistrados\u00a0<strong>HUDSON DE ANGELI FERREIRA<\/strong>;<\/p>\n<p style=\"text-align: justify;\">VI \u2013 Secret\u00e1ria de Monitoramento Judicial e Extrajudicial\u00a0<strong>C\u00cdNTHYA TOFANO CUZZUOL PAIER<\/strong>;<\/p>\n<p style=\"text-align: justify;\">VII \u2013 Assessor de N\u00edvel Superior para Assuntos Jur\u00eddicos 02\u00a0<strong>HOMERO OLIVEIRA DE MIRANDA<\/strong>;<\/p>\n<p style=\"text-align: justify;\">VIII \u2013 Assessor de N\u00edvel Superior para Assuntos Jur\u00eddicos 03\u00a0<strong>EMILIA COM\u00c9RIO GAVA<\/strong>.<\/p>\n<p>IX &#8211; Juiz\u00a0<strong>Salom\u00e3o Akhnaton Zoroastro Spencer Elesbon.\u00a0<\/strong>( Inclu\u00eddo pela <a href=\"https:\/\/www.tjes.jus.br\/corregedoria\/2020\/10\/26\/portaria-no-017-2020-disp-26-10-2020\/\">Portaria n\u00ba 17\/2020<\/a>)<\/p>\n<p style=\"text-align: justify;\"><strong>Art. 2\u00ba\u00a0<\/strong>Esta portaria entrar\u00e1 em vigor na data da sua publica\u00e7\u00e3o.<\/p>\n<p style=\"text-align: justify;\"><strong>\u00a0<\/strong><\/p>\n<p style=\"text-align: justify;\"><strong>Publique-se. Cumpra-se.<\/strong><\/p>\n<p style=\"text-align: justify;\" align=\"center\">Vit\u00f3ria\/ES, 31 de agosto de 2020.<\/p>\n<p align=\"center\"><strong>Desembargador NEY BATISTA COUTINHO<br \/>\nCorregedor Geral da Justi\u00e7a<\/strong><\/p>\n","protected":false},"excerpt":{"rendered":"<p>PORTARIA CGJES N.\u00ba 10\/2020 \u00a0 Constituir a Comiss\u00e3o do\u00a0N\u00facleo de Monitoramento do Perfil de Demandas (NUMOPEDE). \u00a0 O\u00a0Desembargador NEY BATISTA COUTINHO, Corregedor Geral da Justi\u00e7a do Estado do Esp\u00edrito Santo, no uso de suas atribui\u00e7\u00f5es legais, \u00a0 CONSIDERANDO\u00a0que a Corregedoria Geral da Justi\u00e7a do Estado do Esp\u00edrito Santo \u00e9 \u00f3rg\u00e3o de fiscaliza\u00e7\u00e3o, que disciplina a [&hellip;]<\/p>\n","protected":false},"author":12,"featured_media":0,"comment_status":"closed","ping_status":"closed","sticky":false,"template":"","format":"standard","meta":{"footnotes":""},"categories":[14,6],"tags":[],"_links":{"self":[{"href":"https:\/\/www.tjes.jus.br\/corregedoria\/wp-json\/wp\/v2\/posts\/30551"}],"collection":[{"href":"https:\/\/www.tjes.jus.br\/corregedoria\/wp-json\/wp\/v2\/posts"}],"about":[{"href":"https:\/\/www.tjes.jus.br\/corregedoria\/wp-json\/wp\/v2\/types\/post"}],"author":[{"embeddable":true,"href":"https:\/\/www.tjes.jus.br\/corregedoria\/wp-json\/wp\/v2\/users\/12"}],"replies":[{"embeddable":true,"href":"https:\/\/www.tjes.jus.br\/corregedoria\/wp-json\/wp\/v2\/comments?post=30551"}],"version-history":[{"count":6,"href":"https:\/\/www.tjes.jus.br\/corregedoria\/wp-json\/wp\/v2\/posts\/30551\/revisions"}],"predecessor-version":[{"id":31171,"href":"https:\/\/www.tjes.jus.br\/corregedoria\/wp-json\/wp\/v2\/posts\/30551\/revisions\/31171"}],"wp:attachment":[{"href":"https:\/\/www.tjes.jus.br\/corregedoria\/wp-json\/wp\/v2\/media?parent=30551"}],"wp:term":[{"taxonomy":"category","embeddable":true,"href":"https:\/\/www.tjes.jus.br\/corregedoria\/wp-json\/wp\/v2\/categories?post=30551"},{"taxonomy":"post_tag","embeddable":true,"href":"https:\/\/www.tjes.jus.br\/corregedoria\/wp-json\/wp\/v2\/tags?post=30551"}],"curies":[{"name":"wp","href":"https:\/\/api.w.org\/{rel}","templated":true}]}}