{"id":30616,"date":"2020-09-23T13:26:22","date_gmt":"2020-09-23T16:26:22","guid":{"rendered":"https:\/\/www.tjes.jus.br\/corregedoria\/?p=30616"},"modified":"2020-09-23T13:26:22","modified_gmt":"2020-09-23T16:26:22","slug":"oficio-circular-cgjes-0494644-2020-disp-23-09-2020","status":"publish","type":"post","link":"https:\/\/www.tjes.jus.br\/corregedoria\/2020\/09\/23\/oficio-circular-cgjes-0494644-2020-disp-23-09-2020\/","title":{"rendered":"OF\u00cdCIO CIRCULAR CGJES 0494644\/2020 \u2013 DISP. 23\/09\/2020"},"content":{"rendered":"<p style=\"text-align: center;\"><strong>PODER JUDICI\u00c1RIO DO ESTADO DO ESP\u00cdRITO SANTO &#8211; PJES<\/strong><\/p>\n<p style=\"text-align: center;\"><strong>CORREGEDORIA GERAL DA\u00a0JUSTI\u00c7A<\/strong><\/p>\n<p style=\"text-align: center;\">\n<p style=\"text-align: center;\"><strong>OF\u00cdCIO CIRCULAR CGJES\u00a00494644\/7000103-88.2020.8.08.0000<\/strong><\/p>\n<p>&nbsp;<\/p>\n<p style=\"text-align: justify;\">O Exmo. Desembargador\u00a0<strong>NEY BATISTA COUTINHO,<\/strong>\u00a0Corregedor Geral da Justi\u00e7a do Estado do Esp\u00edrito Santo, no uso de suas atribui\u00e7\u00f5es legais e,<\/p>\n<p style=\"text-align: justify;\">\n<p style=\"text-align: justify;\"><strong>CONSIDERANDO<\/strong>\u00a0que a Corregedoria Geral da Justi\u00e7a \u00e9 \u00f3rg\u00e3o de fiscaliza\u00e7\u00e3o, disciplina e orienta\u00e7\u00e3o administrativa, com jurisdi\u00e7\u00e3o em todo do Estado, conforme art. 35, da Lei Complementar Estadual n.\u00ba 234\/02;<\/p>\n<p style=\"text-align: justify;\">\n<p style=\"text-align: justify;\"><strong>CONSIDERANDO<\/strong>\u00a0o pedido protocolado pela Secretaria de Estado da Seguran\u00e7a P\u00fablica e Defesa Social do Estado do Esp\u00edrito Santo, objetivando a padroniza\u00e7\u00e3o do preenchimento das certid\u00f5es por parte dos delegat\u00e1rios respons\u00e1veis pelos Cart\u00f3rios de Registro Civil das Pessoas Naturais;<\/p>\n<p style=\"text-align: justify;\">\n<p style=\"text-align: justify;\"><strong>CONSIDERANDO\u00a0<\/strong>que a pretens\u00e3o tem por finalidade auxiliar o trabalho do Departamento de Identifica\u00e7\u00e3o da Pol\u00edcia Civil na emiss\u00e3o de documentos de identifica\u00e7\u00e3o civil e amolda-se \u00e0 previs\u00e3o legal;<\/p>\n<p style=\"text-align: justify;\">\n<p style=\"text-align: justify;\"><strong>RESOLVE:<\/strong><\/p>\n<p style=\"text-align: justify;\">\n<p style=\"text-align: justify;\"><strong>DETERMINAR\u00a0<\/strong>aos delegat\u00e1rios respons\u00e1veis pelos<strong>\u00a0<\/strong>Cart\u00f3rios de Registro Civil das Pessoas Naturais do Estado do Esp\u00edrito Santo,\u00a0no ato de lavratura das certid\u00f5es, que:<\/p>\n<p style=\"text-align: justify;\">\n<p style=\"text-align: justify;\"><strong>1.<\/strong>\u00a0 Na hip\u00f3tese de aus\u00eancia de informa\u00e7\u00e3o, o\u00a0preenchimento das lacunas destinadas \u00e0 naturalidade seja feito com a express\u00e3o \u201cN\u00c3O CONSTA\u201d;<\/p>\n<p style=\"text-align: justify;\">\n<p style=\"text-align: justify;\"><strong>2.<\/strong>\u00a0 Utilizem\u00a0as mesmas informa\u00e7\u00f5es contidas do campo LOCAL DE NASCIMENTO (Munic\u00edpio e\/ou Estado) para o campo NATURALIDADE, quando n\u00e3o houver nenhum outro dado, desde que o registro de nascimento seja anterior \u00e0 Medida Provis\u00f3ria 776, de 2017, convertida na Lei 13.484\/2017, que alterou o art.54, item 11, da Lei 6.015\/73, segundo o qual a inclus\u00e3o da naturalidade \u00e9 obrigat\u00f3ria;<\/p>\n<p style=\"text-align: justify;\">\n<p style=\"text-align: justify;\"><strong>3.\u00a0<\/strong>\u00a0Observem\u00a0a inclus\u00e3o dos dados de nacionalidade no assento de casamento, conforme previs\u00e3o contida no art. 70, da Lei Federal n\u00ba 6.015\/73 e no Provimento n\u00ba 63\/2017, do Conselho Nacional de Justi\u00e7a, desde que existente a informa\u00e7\u00e3o no registro;<\/p>\n<p style=\"text-align: justify;\">\n<p style=\"text-align: justify;\"><strong>4.\u00a0<\/strong>\u00a0Observem a\u00a0men\u00e7\u00e3o do estado civil anterior no assento de casamento, nos termos do art. 70, da Lei Federal n\u00ba 6.015\/73, podendo o Registrador Civil quando da emiss\u00e3o da certid\u00e3o, se valer do campo \u201cAVERBA\u00c7\u00d5ES\/ANOTA\u00c7\u00d5ES A ACRESCER\u201d presente no modelo nacional de certid\u00e3o, desde que existente informa\u00e7\u00e3o no registro;<\/p>\n<p style=\"text-align: justify;\">\n<p style=\"text-align: justify;\"><strong>5.<\/strong>\u00a0Incluam\u00a0a condi\u00e7\u00e3o de g\u00eameo, em rela\u00e7\u00e3o aos novos registros, desde que a informa\u00e7\u00e3o conste da certid\u00e3o de nascimento apresentada no momento da habilita\u00e7\u00e3o do casamento.<\/p>\n<p style=\"text-align: justify;\">\n<p style=\"text-align: justify;\"><strong>PUBLIQUE-SE.<\/strong><\/p>\n<p style=\"text-align: justify;\">\n<p style=\"text-align: justify;\">Vit\u00f3ria\/ES, 18 de agosto de 2020.<\/p>\n<p>&nbsp;<\/p>\n<p style=\"text-align: center;\"><strong>NEY BATISTA COUTINHO<\/strong><\/p>\n<p style=\"text-align: center;\"><strong>Corregedor Geral da Justi\u00e7a<\/strong><\/p>\n","protected":false},"excerpt":{"rendered":"<p>PODER JUDICI\u00c1RIO DO ESTADO DO ESP\u00cdRITO SANTO &#8211; PJES CORREGEDORIA GERAL DA\u00a0JUSTI\u00c7A OF\u00cdCIO CIRCULAR CGJES\u00a00494644\/7000103-88.2020.8.08.0000 &nbsp; O Exmo. Desembargador\u00a0NEY BATISTA COUTINHO,\u00a0Corregedor Geral da Justi\u00e7a do Estado do Esp\u00edrito Santo, no uso de suas atribui\u00e7\u00f5es legais e, CONSIDERANDO\u00a0que a Corregedoria Geral da Justi\u00e7a \u00e9 \u00f3rg\u00e3o de fiscaliza\u00e7\u00e3o, disciplina e orienta\u00e7\u00e3o administrativa, com jurisdi\u00e7\u00e3o em todo do [&hellip;]<\/p>\n","protected":false},"author":12,"featured_media":0,"comment_status":"closed","ping_status":"closed","sticky":false,"template":"","format":"standard","meta":{"footnotes":""},"categories":[14,5],"tags":[],"_links":{"self":[{"href":"https:\/\/www.tjes.jus.br\/corregedoria\/wp-json\/wp\/v2\/posts\/30616"}],"collection":[{"href":"https:\/\/www.tjes.jus.br\/corregedoria\/wp-json\/wp\/v2\/posts"}],"about":[{"href":"https:\/\/www.tjes.jus.br\/corregedoria\/wp-json\/wp\/v2\/types\/post"}],"author":[{"embeddable":true,"href":"https:\/\/www.tjes.jus.br\/corregedoria\/wp-json\/wp\/v2\/users\/12"}],"replies":[{"embeddable":true,"href":"https:\/\/www.tjes.jus.br\/corregedoria\/wp-json\/wp\/v2\/comments?post=30616"}],"version-history":[{"count":1,"href":"https:\/\/www.tjes.jus.br\/corregedoria\/wp-json\/wp\/v2\/posts\/30616\/revisions"}],"predecessor-version":[{"id":30617,"href":"https:\/\/www.tjes.jus.br\/corregedoria\/wp-json\/wp\/v2\/posts\/30616\/revisions\/30617"}],"wp:attachment":[{"href":"https:\/\/www.tjes.jus.br\/corregedoria\/wp-json\/wp\/v2\/media?parent=30616"}],"wp:term":[{"taxonomy":"category","embeddable":true,"href":"https:\/\/www.tjes.jus.br\/corregedoria\/wp-json\/wp\/v2\/categories?post=30616"},{"taxonomy":"post_tag","embeddable":true,"href":"https:\/\/www.tjes.jus.br\/corregedoria\/wp-json\/wp\/v2\/tags?post=30616"}],"curies":[{"name":"wp","href":"https:\/\/api.w.org\/{rel}","templated":true}]}}