{"id":30654,"date":"2020-10-06T14:55:15","date_gmt":"2020-10-06T17:55:15","guid":{"rendered":"https:\/\/www.tjes.jus.br\/corregedoria\/?p=30654"},"modified":"2020-10-06T14:55:15","modified_gmt":"2020-10-06T17:55:15","slug":"ato-normativo-no-100-2020-disp-06-10-2020","status":"publish","type":"post","link":"https:\/\/www.tjes.jus.br\/corregedoria\/2020\/10\/06\/ato-normativo-no-100-2020-disp-06-10-2020\/","title":{"rendered":"ATO NORMATIVO N\u00ba 100\/2020 \u2013 DISP. 06\/10\/2020"},"content":{"rendered":"<p style=\"text-align: center;\" align=\"center\"><strong>PODER JUDICI\u00c1RIO DO ESTADO DO ESP\u00cdRITO SANTO &#8211; PJES<\/strong><\/p>\n<p style=\"text-align: center;\" align=\"center\"><strong>RUA DESEMBARGADOR HOMERO MAFRA,60 &#8211; Bairro ENSEADA DO SU\u00c1 &#8211; CEP 29050906 &#8211; Vit\u00f3ria &#8211; ES &#8211;\u00a0<a href=\"https:\/\/www.tjes.jus.br\/\">www.tjes.jus.br<\/a><\/strong><\/p>\n<p style=\"text-align: center;\" align=\"center\">\n<p style=\"text-align: center;\" align=\"center\"><strong>\u00a0<\/strong><\/p>\n<p style=\"text-align: center;\" align=\"justify\"><strong>ATO NORMATIVO n\u00ba 100\/2020<\/strong><\/p>\n<p align=\"justify\">\n<p style=\"text-align: justify;\" align=\"justify\">O Excelent\u00edssimo Senhor Desembargador Ronaldo Gon\u00e7alves de Sousa, Presidente do Egr\u00e9gio Tribunal de Justi\u00e7a do Estado do Esp\u00edrito Santo, no uso de suas atribui\u00e7\u00f5es legais,<\/p>\n<p style=\"text-align: justify;\" align=\"justify\">\n<p style=\"text-align: justify;\" align=\"justify\">CONSIDERANDO o teor do expediente protocolado neste Egr\u00e9gio Tribunal de Justi\u00e7a sob o n\u00famero 7005408-53.2020.8.08.0000, encaminhado pela\u00a0Exma.\u00a0Magistrada\u00a0da Comarca de Fund\u00e3o\/ES,\u00a0Dr\u00aa.\u00a0Priscila de Castro Murad, atrav\u00e9s do qual informa que um servidor testou positivo para a COVID-19\u00a0e solicita\u00a0seja determinada a\u00a0suspens\u00e3o do trabalho presencial e dos prazos pelo prazo de 14 (quatorze) dias de manifesta\u00e7\u00e3o da doen\u00e7a;<\/p>\n<p style=\"text-align: justify;\" align=\"justify\">\n<p style=\"text-align: justify;\" align=\"justify\">CONSIDERANDO o\u00a0item 2.5.2 da Portaria Conjunta n\u00ba 20\/2020\u00a0da Secretaria\u00a0Especial de Previd\u00eancia e Trabalho do Minist\u00e9rio da Economia e do\u00a0Minist\u00e9rio da Sa\u00fade, que prev\u00ea ainda que os\u00a0trabalhadores afastados considerados\u00a0casos suspeitos\u00a0poder\u00e3o retornar \u00e0s suas atividades laborais presenciais antes do per\u00edodo determinado de afastamento\u00a0quando:\u00a0a) exame laboratorial descartar a COVID-19, de acordo com as orienta\u00e7\u00f5es do Minist\u00e9rio da Sa\u00fade; e\u00a0b)\u00a0estiverem assintom\u00e1ticos por mais de 72 horas;<\/p>\n<p style=\"text-align: justify;\" align=\"justify\">\n<p style=\"text-align: justify;\" align=\"justify\">RESOLVE:<\/p>\n<p style=\"text-align: justify;\" align=\"justify\"><strong>SUSPENDER<\/strong>\u00a0os prazos processuais na Comarca de Fund\u00e3o\u00a0no per\u00edodo de\u00a0<strong>01\u00a0a 08 de outubro de 2020<\/strong>.<\/p>\n<p style=\"text-align: justify;\" align=\"justify\">\n<p style=\"text-align: justify;\" align=\"justify\">Publique-se.<\/p>\n<p style=\"text-align: justify;\" align=\"justify\">\n<p style=\"text-align: justify;\" align=\"justify\">Vit\u00f3ria, 05 de outubro 2020.<\/p>\n<p align=\"justify\">\n<p style=\"text-align: center;\" align=\"justify\"><strong>Desembargador RONALDO GON\u00c7ALVES DE SOUSA<\/strong><\/p>\n<p style=\"text-align: center;\" align=\"justify\"><strong>Presidente<\/strong><\/p>\n","protected":false},"excerpt":{"rendered":"<p>PODER JUDICI\u00c1RIO DO ESTADO DO ESP\u00cdRITO SANTO &#8211; PJES RUA DESEMBARGADOR HOMERO MAFRA,60 &#8211; Bairro ENSEADA DO SU\u00c1 &#8211; CEP 29050906 &#8211; Vit\u00f3ria &#8211; ES &#8211;\u00a0www.tjes.jus.br \u00a0 ATO NORMATIVO n\u00ba 100\/2020 O Excelent\u00edssimo Senhor Desembargador Ronaldo Gon\u00e7alves de Sousa, Presidente do Egr\u00e9gio Tribunal de Justi\u00e7a do Estado do Esp\u00edrito Santo, no uso de suas atribui\u00e7\u00f5es [&hellip;]<\/p>\n","protected":false},"author":12,"featured_media":0,"comment_status":"closed","ping_status":"closed","sticky":false,"template":"","format":"standard","meta":{"footnotes":""},"categories":[4,14],"tags":[],"_links":{"self":[{"href":"https:\/\/www.tjes.jus.br\/corregedoria\/wp-json\/wp\/v2\/posts\/30654"}],"collection":[{"href":"https:\/\/www.tjes.jus.br\/corregedoria\/wp-json\/wp\/v2\/posts"}],"about":[{"href":"https:\/\/www.tjes.jus.br\/corregedoria\/wp-json\/wp\/v2\/types\/post"}],"author":[{"embeddable":true,"href":"https:\/\/www.tjes.jus.br\/corregedoria\/wp-json\/wp\/v2\/users\/12"}],"replies":[{"embeddable":true,"href":"https:\/\/www.tjes.jus.br\/corregedoria\/wp-json\/wp\/v2\/comments?post=30654"}],"version-history":[{"count":1,"href":"https:\/\/www.tjes.jus.br\/corregedoria\/wp-json\/wp\/v2\/posts\/30654\/revisions"}],"predecessor-version":[{"id":30655,"href":"https:\/\/www.tjes.jus.br\/corregedoria\/wp-json\/wp\/v2\/posts\/30654\/revisions\/30655"}],"wp:attachment":[{"href":"https:\/\/www.tjes.jus.br\/corregedoria\/wp-json\/wp\/v2\/media?parent=30654"}],"wp:term":[{"taxonomy":"category","embeddable":true,"href":"https:\/\/www.tjes.jus.br\/corregedoria\/wp-json\/wp\/v2\/categories?post=30654"},{"taxonomy":"post_tag","embeddable":true,"href":"https:\/\/www.tjes.jus.br\/corregedoria\/wp-json\/wp\/v2\/tags?post=30654"}],"curies":[{"name":"wp","href":"https:\/\/api.w.org\/{rel}","templated":true}]}}