{"id":30657,"date":"2020-10-07T13:29:20","date_gmt":"2020-10-07T16:29:20","guid":{"rendered":"https:\/\/www.tjes.jus.br\/corregedoria\/?p=30657"},"modified":"2020-10-07T13:29:20","modified_gmt":"2020-10-07T16:29:20","slug":"oficio-circular-cgjes-0536808-2020-disp-07-10-2020","status":"publish","type":"post","link":"https:\/\/www.tjes.jus.br\/corregedoria\/2020\/10\/07\/oficio-circular-cgjes-0536808-2020-disp-07-10-2020\/","title":{"rendered":"OF\u00cdCIO CIRCULAR CGJES 0536808\/2020 \u2013 DISP. 07\/10\/2020"},"content":{"rendered":"<p align=\"center\"><strong>PODER JUDICI\u00c1RIO DO ESTADO DO ESP\u00cdRITO SANTO &#8211; PJES<\/strong><\/p>\n<p align=\"center\"><strong>CORREGEDORIA GERAL DA\u00a0JUSTI\u00c7A<\/strong><\/p>\n<p>&nbsp;<\/p>\n<p align=\"center\"><strong>OF\u00cdCIO CIRCULAR CGJES\u00a00536808\/7005092-40.2020.8.08.0000<\/strong><\/p>\n<p align=\"center\">\n<p align=\"center\"><strong>ESTADO DO ESP\u00cdRITO SANTO<\/strong><\/p>\n<p align=\"center\"><strong>PODER JUDICI\u00c1RIO<\/strong><\/p>\n<p align=\"center\"><strong>CORREGEDORIA GERAL DA JUSTI\u00c7A<\/strong><\/p>\n<p align=\"center\">\n<p align=\"center\"><strong>OF\u00cdCIO-CIRCULAR<\/strong><\/p>\n<p>&nbsp;<\/p>\n<p style=\"text-align: justify;\" align=\"justify\">O Exmo. Sr. Desembargador Corregedor-Geral da Justi\u00e7a do Estado do Esp\u00edrito Santo, no uso de suas atribui\u00e7\u00f5es legais e,<\/p>\n<p style=\"text-align: justify;\" align=\"justify\">\n<p style=\"text-align: justify;\" align=\"justify\"><strong>CONSIDERANDO\u00a0<\/strong>que a Corregedoria Geral da Justi\u00e7a \u00e9 \u00f3rg\u00e3o de fiscaliza\u00e7\u00e3o, disciplina e orienta\u00e7\u00e3o administrativa, com circunscri\u00e7\u00e3o em todo o Estado, conforme art. 35 da Lei Complementar Estadual n\u00ba 234\/2002 (COJES);<\/p>\n<p style=\"text-align: justify;\" align=\"justify\">\n<p style=\"text-align: justify;\" align=\"justify\"><strong>CONSIDERANDO<\/strong>\u00a0o recebimento do expediente no processo SEI n\u00ba 7005092-40.2020.8.08.0000, da lavra da delegat\u00e1ria do Cart\u00f3rio do Registro Civil e Tabelionato de notas da Sede da Comarca de Ibira\u00e7u\/ES;<\/p>\n<p style=\"text-align: justify;\" align=\"justify\">\n<p style=\"text-align: justify;\" align=\"justify\"><strong>CONSIDERANDO<\/strong>\u00a0que o referido expediente informa sobre a falsifica\u00e7\u00e3o de 3 (tr\u00eas) certid\u00f5es, conforme consta em anexo.<\/p>\n<p style=\"text-align: justify;\" align=\"justify\">\n<p style=\"text-align: justify;\" align=\"justify\"><strong>RECOMENDO<\/strong>\u00a0aos Ju\u00edzes de Direito Diretores dos F\u00f3runs, Membros do Minist\u00e9rio P\u00fablico, Advogados, Not\u00e1rios e Registradores, Serventu\u00e1rios e a quem mais possa interessar, que observem o expediente supracitado e adotem as provid\u00eancias que entenderem pertinentes.<\/p>\n<p style=\"text-align: justify;\" align=\"justify\">\n<p style=\"text-align: justify;\" align=\"justify\"><strong>Publique-se. Cumpra-se.<\/strong><\/p>\n<p style=\"text-align: justify;\" align=\"justify\">\n<p style=\"text-align: justify;\" align=\"left\">Vit\u00f3ria\/ES, 30 de setembro de 2020.<\/p>\n<p align=\"left\">\n<p align=\"center\"><strong>NEY BATISTA COUTINHO<\/strong><\/p>\n<p align=\"center\"><strong>Corregedor Geral da Justi\u00e7a<\/strong><\/p>\n<p align=\"center\">\n<p align=\"center\"><strong><a href=\"https:\/\/sistemas.tjes.jus.br\/ediario\/images\/Malote_Digital_0526030_80820202021225___SEDE_DE_IBIRACU.pdf\" target=\"_blank\" rel=\"noopener\">ANEXO &#8211; CLIQUE AQUI<\/a><\/strong><\/p>\n","protected":false},"excerpt":{"rendered":"<p>PODER JUDICI\u00c1RIO DO ESTADO DO ESP\u00cdRITO SANTO &#8211; PJES CORREGEDORIA GERAL DA\u00a0JUSTI\u00c7A &nbsp; OF\u00cdCIO CIRCULAR CGJES\u00a00536808\/7005092-40.2020.8.08.0000 ESTADO DO ESP\u00cdRITO SANTO PODER JUDICI\u00c1RIO CORREGEDORIA GERAL DA JUSTI\u00c7A OF\u00cdCIO-CIRCULAR &nbsp; O Exmo. Sr. Desembargador Corregedor-Geral da Justi\u00e7a do Estado do Esp\u00edrito Santo, no uso de suas atribui\u00e7\u00f5es legais e, CONSIDERANDO\u00a0que a Corregedoria Geral da Justi\u00e7a \u00e9 \u00f3rg\u00e3o [&hellip;]<\/p>\n","protected":false},"author":12,"featured_media":0,"comment_status":"closed","ping_status":"closed","sticky":false,"template":"","format":"standard","meta":{"footnotes":""},"categories":[14,5],"tags":[],"_links":{"self":[{"href":"https:\/\/www.tjes.jus.br\/corregedoria\/wp-json\/wp\/v2\/posts\/30657"}],"collection":[{"href":"https:\/\/www.tjes.jus.br\/corregedoria\/wp-json\/wp\/v2\/posts"}],"about":[{"href":"https:\/\/www.tjes.jus.br\/corregedoria\/wp-json\/wp\/v2\/types\/post"}],"author":[{"embeddable":true,"href":"https:\/\/www.tjes.jus.br\/corregedoria\/wp-json\/wp\/v2\/users\/12"}],"replies":[{"embeddable":true,"href":"https:\/\/www.tjes.jus.br\/corregedoria\/wp-json\/wp\/v2\/comments?post=30657"}],"version-history":[{"count":1,"href":"https:\/\/www.tjes.jus.br\/corregedoria\/wp-json\/wp\/v2\/posts\/30657\/revisions"}],"predecessor-version":[{"id":30658,"href":"https:\/\/www.tjes.jus.br\/corregedoria\/wp-json\/wp\/v2\/posts\/30657\/revisions\/30658"}],"wp:attachment":[{"href":"https:\/\/www.tjes.jus.br\/corregedoria\/wp-json\/wp\/v2\/media?parent=30657"}],"wp:term":[{"taxonomy":"category","embeddable":true,"href":"https:\/\/www.tjes.jus.br\/corregedoria\/wp-json\/wp\/v2\/categories?post=30657"},{"taxonomy":"post_tag","embeddable":true,"href":"https:\/\/www.tjes.jus.br\/corregedoria\/wp-json\/wp\/v2\/tags?post=30657"}],"curies":[{"name":"wp","href":"https:\/\/api.w.org\/{rel}","templated":true}]}}