{"id":30660,"date":"2020-10-08T13:06:06","date_gmt":"2020-10-08T16:06:06","guid":{"rendered":"https:\/\/www.tjes.jus.br\/corregedoria\/?p=30660"},"modified":"2020-10-08T13:06:06","modified_gmt":"2020-10-08T16:06:06","slug":"oficio-circular-no-28-2020-disp-08-10-2020","status":"publish","type":"post","link":"https:\/\/www.tjes.jus.br\/corregedoria\/2020\/10\/08\/oficio-circular-no-28-2020-disp-08-10-2020\/","title":{"rendered":"OF\u00cdCIO-CIRCULAR N\u00ba 28\/2020 \u2013 DISP. 08\/10\/2020"},"content":{"rendered":"<p align=\"center\"><strong>PODER JUDICI\u00c1RIO DO ESTADO DO ESP\u00cdRITO SANTO &#8211; PJES<\/strong><\/p>\n<p align=\"center\"><strong>RUA DESEMBARGADOR HOMERO MAFRA,60 &#8211; Bairro ENSEADA DO SU\u00c1 &#8211; CEP 29050906 &#8211; Vit\u00f3ria &#8211; ES &#8211;\u00a0<a href=\"https:\/\/www.tjes.jus.br\/\">www.tjes.jus.br<\/a><\/strong><\/p>\n<p align=\"center\">\n<p align=\"center\"><strong>OF\u00cdCIO-CIRCULAR N\u00ba 28\/2020 &#8211; ASSESSORIA JURIDICA DA CORREGEDORIA<\/strong><\/p>\n<p align=\"center\">\n<p style=\"text-align: left;\" align=\"right\">Vit\u00f3ria, 25 de setembro de 2020.<\/p>\n<p style=\"text-align: justify;\" align=\"right\">\n<p style=\"text-align: justify;\" align=\"justify\">O Exmo. Sr. Desembargador Corregedor Geral da Justi\u00e7a do Estado do Esp\u00edrito Santo, Desembargador\u00a0<strong>NEY BATISTA COUTINHO<\/strong>\u00a0no uso de suas atribui\u00e7\u00f5es legais e:<\/p>\n<p style=\"text-align: justify;\" align=\"justify\">\n<p style=\"text-align: justify;\" align=\"justify\"><strong>CONSIDERANDO<\/strong>\u00a0que a Corregedoria Geral da Justi\u00e7a \u00e9 \u00f3rg\u00e3o de fiscaliza\u00e7\u00e3o, disciplina e orienta\u00e7\u00e3o administrativa do foro judicial e extrajudicial, com jurisdi\u00e7\u00e3o em todo o Estado, conforme artigo 35 da Lei Complementar Estadual n.\u00ba 234\/2002 (COJES);<\/p>\n<p style=\"text-align: justify;\" align=\"justify\">\n<p style=\"text-align: justify;\" align=\"justify\"><strong>CONSIDERANDO\u00a0<\/strong>a\u00a0coopera\u00e7\u00e3o t\u00e9cnica para informa\u00e7\u00f5es\u00a0on-line\u00a0dos d\u00e9bitos de custas processuais vencidas e demais receitas existente entre o Poder Judici\u00e1rio do Estado do Esp\u00edrito Santo e a Secretaria Estadual da Fazenda &#8211; SEFAZ\u00a0e;<\/p>\n<p style=\"text-align: justify;\" align=\"justify\">\n<p style=\"text-align: justify;\" align=\"justify\"><strong>CONSIDERANDO\u00a0<\/strong>o que foi apurado do Processo SEI\u00a0n.\u00ba 7002863-10.2020.8.08.0000, pelo N\u00facleo de Controle de Fundos;<\/p>\n<p style=\"text-align: justify;\" align=\"justify\">\n<p style=\"text-align: justify;\" align=\"justify\"><strong>RESOLVE:<\/strong><\/p>\n<p style=\"text-align: justify;\" align=\"justify\">\n<p style=\"text-align: justify;\" align=\"justify\"><strong>DETERMINAR\u00a0<\/strong>aos Magistrados e Magistradas\u00a0do Estado do Esp\u00edrito Santo o integral cumprimento do artigo 297, \u00a7 4\u00ba, do C\u00f3digo de Normas desta Corregedoria Geral da Justi\u00e7a, em rela\u00e7\u00e3o \u00e0 eventual guia em d\u00e9bito referente a processos que tramitam ou tramitaram na unidade judici\u00e1ria, ainda que necess\u00e1rio\u00a0o revolvimento dos feitos arquivados em momento oportuno, levando-se em conta\u00a0o disposto no artigo 173, do CTN.<\/p>\n<p style=\"text-align: justify;\" align=\"justify\">\n<p style=\"text-align: justify;\" align=\"justify\"><strong>DAR CI\u00caNCIA<\/strong>\u00a0aos Magistrados e Magistradas\u00a0deste Estado, acerca do uso das funcionalidades do conv\u00eanio de coopera\u00e7\u00e3o t\u00e9cnica para informa\u00e7\u00f5es\u00a0on-line\u00a0dos d\u00e9bitos de custas processuais vencidas e demais receitas existente entre o Poder Judici\u00e1rio do Estado do Esp\u00edrito Santo\u00a0e a Secretaria Estadual da Fazenda &#8211; SEFAZ, conforme o manual de procedimento atualizado, anexado ao presente e que ser\u00e1 publicado no s\u00edtio eletr\u00f4nico desta Corregedoria Geral da Justi\u00e7a.<\/p>\n<p style=\"text-align: justify;\" align=\"justify\">\n<p style=\"text-align: justify;\" align=\"justify\"><strong>PUBLIQUE-SE.<\/strong><\/p>\n<p>&nbsp;<\/p>\n<p style=\"text-align: center;\" align=\"left\"><strong>NEY BATISTA COUTINHO<\/strong><\/p>\n<p style=\"text-align: center;\" align=\"left\"><strong>CORREGEDOR\u00a0GERAL DA JUSTI\u00c7A<\/strong><\/p>\n<p style=\"text-align: center;\" align=\"left\">\n<p style=\"text-align: center;\" align=\"left\"><strong><a href=\"https:\/\/sistemas.tjes.jus.br\/ediario\/images\/Microsoft_Word_-_Manual_de_uso_das_funcionalidades_do_conv%C3%83%C2%AAnio_da_SEFAZ_-_vers%C3%83o_4_de_30_de_julho_de_2020.pdf\" target=\"_blank\" rel=\"noopener\">Manual de uso das funcionalidades do conv\u00eanio da SEFAZ &#8211; CLIQUE AQUI<\/a><\/strong><\/p>\n","protected":false},"excerpt":{"rendered":"<p>PODER JUDICI\u00c1RIO DO ESTADO DO ESP\u00cdRITO SANTO &#8211; PJES RUA DESEMBARGADOR HOMERO MAFRA,60 &#8211; Bairro ENSEADA DO SU\u00c1 &#8211; CEP 29050906 &#8211; Vit\u00f3ria &#8211; ES &#8211;\u00a0www.tjes.jus.br OF\u00cdCIO-CIRCULAR N\u00ba 28\/2020 &#8211; ASSESSORIA JURIDICA DA CORREGEDORIA Vit\u00f3ria, 25 de setembro de 2020. O Exmo. Sr. Desembargador Corregedor Geral da Justi\u00e7a do Estado do Esp\u00edrito Santo, Desembargador\u00a0NEY BATISTA [&hellip;]<\/p>\n","protected":false},"author":12,"featured_media":0,"comment_status":"closed","ping_status":"closed","sticky":false,"template":"","format":"standard","meta":{"footnotes":""},"categories":[14,5],"tags":[],"_links":{"self":[{"href":"https:\/\/www.tjes.jus.br\/corregedoria\/wp-json\/wp\/v2\/posts\/30660"}],"collection":[{"href":"https:\/\/www.tjes.jus.br\/corregedoria\/wp-json\/wp\/v2\/posts"}],"about":[{"href":"https:\/\/www.tjes.jus.br\/corregedoria\/wp-json\/wp\/v2\/types\/post"}],"author":[{"embeddable":true,"href":"https:\/\/www.tjes.jus.br\/corregedoria\/wp-json\/wp\/v2\/users\/12"}],"replies":[{"embeddable":true,"href":"https:\/\/www.tjes.jus.br\/corregedoria\/wp-json\/wp\/v2\/comments?post=30660"}],"version-history":[{"count":1,"href":"https:\/\/www.tjes.jus.br\/corregedoria\/wp-json\/wp\/v2\/posts\/30660\/revisions"}],"predecessor-version":[{"id":30661,"href":"https:\/\/www.tjes.jus.br\/corregedoria\/wp-json\/wp\/v2\/posts\/30660\/revisions\/30661"}],"wp:attachment":[{"href":"https:\/\/www.tjes.jus.br\/corregedoria\/wp-json\/wp\/v2\/media?parent=30660"}],"wp:term":[{"taxonomy":"category","embeddable":true,"href":"https:\/\/www.tjes.jus.br\/corregedoria\/wp-json\/wp\/v2\/categories?post=30660"},{"taxonomy":"post_tag","embeddable":true,"href":"https:\/\/www.tjes.jus.br\/corregedoria\/wp-json\/wp\/v2\/tags?post=30660"}],"curies":[{"name":"wp","href":"https:\/\/api.w.org\/{rel}","templated":true}]}}