{"id":30686,"date":"2020-10-19T13:16:38","date_gmt":"2020-10-19T16:16:38","guid":{"rendered":"https:\/\/www.tjes.jus.br\/corregedoria\/?p=30686"},"modified":"2020-10-19T13:16:53","modified_gmt":"2020-10-19T16:16:53","slug":"ato-normativo-no-101-2020-disp-19-10-2020","status":"publish","type":"post","link":"https:\/\/www.tjes.jus.br\/corregedoria\/2020\/10\/19\/ato-normativo-no-101-2020-disp-19-10-2020\/","title":{"rendered":"ATO NORMATIVO N\u00ba 101\/2020 \u2013 DISP. 19\/10\/2020"},"content":{"rendered":"<p align=\"center\"><strong>ESTADO DO ESP\u00cdRITO SANTO<\/strong><\/p>\n<p align=\"center\"><strong>PODER JUDICI\u00c1RIO<\/strong><\/p>\n<p align=\"center\"><strong>ATO NORMATIVO N. 101\/ 2020<\/strong><\/p>\n<p style=\"text-align: justify;\" align=\"justify\"><strong>Disciplina\u00a0<\/strong><strong>os procedimentos para\u00a0<\/strong><strong>a\u00a0<\/strong><strong>instala\u00e7\u00e3o<\/strong><strong>\u00a0da\u00a0<\/strong><strong>V<\/strong><strong>ers\u00e3o 2.1.<\/strong><strong>5.0<\/strong><strong>\u00a0do sistema Processo Judicial Eletr\u00f4nico \u2013 P<\/strong><strong>J<\/strong><strong>e,\u00a0<\/strong><strong>em substitui\u00e7\u00e3o \u00e0 Vers\u00e3o\u00a0<\/strong><strong><span lang=\"zxx\">2.1.1.1.<\/span><\/strong><\/p>\n<p style=\"text-align: justify;\" align=\"justify\"><strong>O EXCELENT\u00cdSSIMO SENHOR DESEMBARGADOR RONALDO GONC\u0327ALVES DE SOUSA, PRESIDENTE DO E. TRIBUNAL DE JUSTI\u00c7A DO ESTADO DO ESP\u00cdRITO SANTO<\/strong>, no uso de suas atribuic\u0327o\u0303es legais e,<\/p>\n<p style=\"text-align: justify;\" align=\"justify\">CONSIDERANDO que o Poder Judici\u00e1rio do Estado do Esp\u00edrito Santo adotou o Processo Judicial Eletr\u00f4nico \u2013 PJe como sistema informatizado de registro, armazenamento e tramita\u00e7\u00e3o de processo judicial, a teor da Resolu\u00e7\u00e3o TJES n\u00ba 19\/2014, de 11\/04\/2014;<\/p>\n<p style=\"text-align: justify;\" align=\"justify\">CONSIDERANDO a recomenda\u00e7\u00e3o do Conselho Nacional de Justi\u00e7a para que os tribunais realizem sistematicamente a atualiza\u00e7\u00e3o do sistema Processo Judicial Eletr\u00f4nico \u2013 PJe, em observ\u00e2ncia ao art. 37 da Resolu\u00e7\u00e3o CNJ n\u00ba 185\/13, e devidamente aprovada pelo Comit\u00ea de Governan\u00e7a deste Tribunal e pelo Comit\u00ea Gestor PJe\/ES;<\/p>\n<p style=\"text-align: justify;\" align=\"justify\">CONSIDERANDO que a atualiza\u00e7\u00e3o da vers\u00e3o do PJe visa a\u00a0assegurar\u00a0a expans\u00e3o\u00a0e usabilidade\u00a0do sistema no \u00e2mbito do Poder Judici\u00e1rio do Estado do Esp\u00edrito Santo,\u00a0tendo em vista as\u00a0melhorias corretivas e evolutivas decorrentes;<\/p>\n<p align=\"justify\"><strong>RESOLVE<\/strong>:<\/p>\n<p style=\"text-align: justify;\" align=\"justify\"><strong>Art. 1\u00ba.\u00a0<\/strong>Fica autorizada a instala\u00e7\u00e3o da vers\u00e3o\u00a02.1.5.0\u00a0do sistema Processo Judicial Eletr\u00f4nico \u2013 PJe em todas Unidades Judici\u00e1rias de Primeiro Grau, Turma Recursal\u00a0e Tribunal de Justi\u00e7a\u00a0que atualmente utilizam o sistema no \u00e2mbito do Estado do Esp\u00edrito Santo no dia\u00a028\u00a0de\u00a0outubro\u00a0de 2020.<\/p>\n<p style=\"text-align: justify;\" align=\"justify\"><strong>\u00a71\u00ba\u00a0<\/strong>Ser\u00e1 realizada parada programada a partir de 0h00min do dia\u00a028\u00a0de\u00a0outubro\u00a0de 2020, para permitir a transi\u00e7\u00e3o das vers\u00f5es e migra\u00e7\u00e3o dos dados processuais\u00a0em\u00a0produ\u00e7\u00e3o.<\/p>\n<p style=\"text-align: justify;\" align=\"justify\"><strong>\u00a72\u00ba\u00a0<\/strong>Todos os servi\u00e7os do sistema PJe\u00a0poder\u00e3o ficar\u00a0indispon\u00edveis aos usu\u00e1rios internos e externos at\u00e9 as 23h59min do dia\u00a006\u00a0de\u00a0novembro\u00a0de 2020, podendo retornar antes do prazo previsto.<\/p>\n<p style=\"text-align: justify;\" align=\"justify\"><strong>Art. 2\u00ba\u00a0<\/strong>Ficam suspensos os prazos dos processos que tramitam no PJe no per\u00edodo de 28\u00a0de\u00a0outubro\u00a0a\u00a006 novembro\u00a0de 2020, ainda que a conclus\u00e3o dos trabalhos de migra\u00e7\u00e3o sejam antecipados.<\/p>\n<p style=\"text-align: justify;\" align=\"justify\"><strong>Art. 3\u00ba\u00a0<\/strong>Ser\u00e3o admitidos, excepcionalmente, peticionamentos fora do PJe, para impedir poss\u00edvel perecimento do direito durante a indisponibilidade do sistema.<\/p>\n<p style=\"text-align: justify;\" align=\"justify\"><strong>\u00a71\u00ba\u00a0<\/strong>Nos casos urgentes, fica autorizada a pr\u00e1tica de atos processuais segundo as regras ordin\u00e1rias, cumprindo \u00e0 Unidade Judici\u00e1ria digitalizar e anexar os documentos posteriormente, com o devido registro dos\u00a0atos\u00a0proferidos.<\/p>\n<p style=\"text-align: justify;\" align=\"justify\"><strong>\u00a72\u00ba\u00a0<\/strong>Faculta-se a possibilidade de realiza\u00e7\u00e3o de audi\u00eancias no decurso do prazo da indisponibilidade,\u00a0fazendo uso, para tanto, do\u00a0<i>download\u00a0<\/i><span lang=\"zxx\">pr\u00e9vio dos documentos, hip\u00f3tese\u00a0<\/span><span lang=\"zxx\">em\u00a0<\/span><span lang=\"zxx\">que ser\u00e1 reduzida a termo, e lan\u00e7ada no sistema posteriormente, juntamente aos documentos apresentados.<\/span><\/p>\n<p style=\"text-align: justify;\" align=\"justify\"><strong><span lang=\"zxx\">\u00a73\u00ba\u00a0<\/span><\/strong><span lang=\"zxx\">Fica suspensa a realiza\u00e7\u00e3o de sess\u00f5es nas Turmas Recursais e no egr\u00e9gio Tribunal de Justi\u00e7a, relativamente aos processos que tramitam no sistema P<\/span><span lang=\"zxx\">J<\/span><span lang=\"zxx\">e, durante o per\u00edodo de 28 de outubro a 06 novembro de 2020.<\/span><\/p>\n<p style=\"text-align: justify;\" align=\"justify\"><strong><span lang=\"zxx\">\u00a74\u00ba\u00a0<\/span><\/strong><span lang=\"zxx\">Os documentos f\u00edsicos apresentados com fundamento no\u00a0<\/span><span lang=\"zxx\"><i>caput\u00a0<\/i><\/span><span lang=\"zxx\">deste artigo dever\u00e3o ser retirados pelos interessados no prazo de 45 (quarenta e cinco) dias, nos termos do art. 11, \u00a7 3\u00ba, da Lei n. 11.419, de 19 de dezembro de 2006, e, findo o prazo, a Unidade Judici\u00e1ria correspondente poder\u00e1 inutilizar os documentos mantidos sob sua guarda em meio impresso.<\/span><\/p>\n<p style=\"text-align: justify;\" align=\"justify\"><strong><span lang=\"zxx\">Art. 4\u00ba\u00a0<\/span><\/strong><span lang=\"zxx\">Cumpre \u00e0 Secretaria de Tecnologia da Informa\u00e7\u00e3o detalhar os procedimentos a serem adotados pelas Unidades Judici\u00e1rias para a regular migra\u00e7\u00e3o dos processos, mediante publica\u00e7\u00e3o no \u201cQuadro de Avisos\u201d do PJe, tendo\u00a0<\/span><span lang=\"zxx\">essas<\/span><span lang=\"zxx\">\u00a0orienta\u00e7\u00f5es car\u00e1ter obrigat\u00f3rio.<\/span><\/p>\n<p style=\"text-align: justify;\" align=\"justify\"><strong><span lang=\"zxx\">Art. 5\u00ba\u00a0<\/span><\/strong><span lang=\"zxx\">Eventuais d\u00favidas e impactos decorrentes da atualiza\u00e7\u00e3o da vers\u00e3o do sistema PJe dever\u00e3o ser reportados, exclusivamente, \u00e0 Central de Atendimento da Secretaria de Tecnologia da Informa\u00e7\u00e3o, podendo o contato ser realizado pelo telefone (27) 3334-2201.<\/span><\/p>\n<p lang=\"zxx\" style=\"text-align: justify;\" align=\"justify\">Publique-se por 05 (cinco) dias consecutivos no Di\u00e1rio da Justi\u00e7a eletr\u00f4nico \u2013 DJe.<\/p>\n<p align=\"justify\">Vit\u00f3ria, 16 de outubro de 2020.<\/p>\n<p align=\"center\"><strong>Desembargador RONALDO GONC\u0327ALVES DE SOUSA<\/strong><\/p>\n<p align=\"center\"><strong>Presidente do Tribunal de Justi\u00e7a do Esp\u00edrito Santo<\/strong><\/p>\n","protected":false},"excerpt":{"rendered":"<p>ESTADO DO ESP\u00cdRITO SANTO PODER JUDICI\u00c1RIO ATO NORMATIVO N. 101\/ 2020 Disciplina\u00a0os procedimentos para\u00a0a\u00a0instala\u00e7\u00e3o\u00a0da\u00a0Vers\u00e3o 2.1.5.0\u00a0do sistema Processo Judicial Eletr\u00f4nico \u2013 PJe,\u00a0em substitui\u00e7\u00e3o \u00e0 Vers\u00e3o\u00a02.1.1.1. O EXCELENT\u00cdSSIMO SENHOR DESEMBARGADOR RONALDO GONC\u0327ALVES DE SOUSA, PRESIDENTE DO E. TRIBUNAL DE JUSTI\u00c7A DO ESTADO DO ESP\u00cdRITO SANTO, no uso de suas atribuic\u0327o\u0303es legais e, CONSIDERANDO que o Poder Judici\u00e1rio [&hellip;]<\/p>\n","protected":false},"author":12,"featured_media":0,"comment_status":"closed","ping_status":"closed","sticky":false,"template":"","format":"standard","meta":{"footnotes":""},"categories":[4,14],"tags":[],"_links":{"self":[{"href":"https:\/\/www.tjes.jus.br\/corregedoria\/wp-json\/wp\/v2\/posts\/30686"}],"collection":[{"href":"https:\/\/www.tjes.jus.br\/corregedoria\/wp-json\/wp\/v2\/posts"}],"about":[{"href":"https:\/\/www.tjes.jus.br\/corregedoria\/wp-json\/wp\/v2\/types\/post"}],"author":[{"embeddable":true,"href":"https:\/\/www.tjes.jus.br\/corregedoria\/wp-json\/wp\/v2\/users\/12"}],"replies":[{"embeddable":true,"href":"https:\/\/www.tjes.jus.br\/corregedoria\/wp-json\/wp\/v2\/comments?post=30686"}],"version-history":[{"count":2,"href":"https:\/\/www.tjes.jus.br\/corregedoria\/wp-json\/wp\/v2\/posts\/30686\/revisions"}],"predecessor-version":[{"id":30688,"href":"https:\/\/www.tjes.jus.br\/corregedoria\/wp-json\/wp\/v2\/posts\/30686\/revisions\/30688"}],"wp:attachment":[{"href":"https:\/\/www.tjes.jus.br\/corregedoria\/wp-json\/wp\/v2\/media?parent=30686"}],"wp:term":[{"taxonomy":"category","embeddable":true,"href":"https:\/\/www.tjes.jus.br\/corregedoria\/wp-json\/wp\/v2\/categories?post=30686"},{"taxonomy":"post_tag","embeddable":true,"href":"https:\/\/www.tjes.jus.br\/corregedoria\/wp-json\/wp\/v2\/tags?post=30686"}],"curies":[{"name":"wp","href":"https:\/\/api.w.org\/{rel}","templated":true}]}}