{"id":30693,"date":"2020-10-20T13:55:01","date_gmt":"2020-10-20T16:55:01","guid":{"rendered":"https:\/\/www.tjes.jus.br\/corregedoria\/?p=30693"},"modified":"2020-10-20T13:55:01","modified_gmt":"2020-10-20T16:55:01","slug":"ato-no-004-2020-disp-20-10-2020","status":"publish","type":"post","link":"https:\/\/www.tjes.jus.br\/corregedoria\/2020\/10\/20\/ato-no-004-2020-disp-20-10-2020\/","title":{"rendered":"ATO N\u00ba 004\/2020 \u2013 DISP. 20\/10\/2020"},"content":{"rendered":"<p align=\"center\"><strong>ESTADO DO ESP\u00cdRITO SANTO<\/strong><\/p>\n<p align=\"center\"><strong>PODER JUDICI\u00c1RIO<\/strong><\/p>\n<p align=\"center\"><strong>CORREGEDORIA GERAL DA JUSTI\u00c7A<\/strong><\/p>\n<p align=\"center\">\n<p align=\"center\"><strong>ATO N\u00ba 004\/2020<\/strong><\/p>\n<p style=\"text-align: justify;\" align=\"justify\">O Desembargador NEY BATISTA COUTINHO, Corregedor-Geral da Justi\u00e7a do Estado do Esp\u00edrito Santo, no uso de suas atribui\u00e7\u00f5es legais, com fulcro no art. 234, inciso II, da Lei Complementar Estadual n\u00ba 46\/94:<\/p>\n<p style=\"text-align: justify;\" align=\"justify\">REVOGAR os termos do <a href=\"https:\/\/www.tjes.jus.br\/corregedoria\/2019\/07\/29\/ato-no-44-2019-disp-29-07-2019\/\">Ato n\u00ba 44\/2019<\/a>, publicado no DJES de 29\/07\/2019, que aplicou a penalidade de Suspens\u00e3o, pelo prazo de 60 (sessenta) dias, ao servidor\u00a0<strong>LUIZ FERNANDO GOMES SCHAIDER,\u00a0<\/strong>conforme r. Decis\u00e3o\/Of\u00edcio CMFJ n\u00ba 0121\/2020 de fls. 232\/234, proferida nos autos do Processo n\u00ba 2016.00.181.830 (0022767-72.2019.8.08.0000)<\/p>\n<p align=\"justify\">Publique-se.<\/p>\n<p style=\"text-align: justify;\" align=\"center\">Vit\u00f3ria-ES, 29 de setembro de 2020.<\/p>\n<p align=\"center\"><strong>Desembargador\u00a0<\/strong><strong>NEY BATISTA COUTINHO<\/strong><\/p>\n<p align=\"center\"><strong>Corregedor-Geral da Justi\u00e7a<\/strong><\/p>\n","protected":false},"excerpt":{"rendered":"<p>ESTADO DO ESP\u00cdRITO SANTO PODER JUDICI\u00c1RIO CORREGEDORIA GERAL DA JUSTI\u00c7A ATO N\u00ba 004\/2020 O Desembargador NEY BATISTA COUTINHO, Corregedor-Geral da Justi\u00e7a do Estado do Esp\u00edrito Santo, no uso de suas atribui\u00e7\u00f5es legais, com fulcro no art. 234, inciso II, da Lei Complementar Estadual n\u00ba 46\/94: REVOGAR os termos do Ato n\u00ba 44\/2019, publicado no DJES [&hellip;]<\/p>\n","protected":false},"author":12,"featured_media":0,"comment_status":"closed","ping_status":"closed","sticky":false,"template":"","format":"standard","meta":{"footnotes":""},"categories":[18,14],"tags":[],"_links":{"self":[{"href":"https:\/\/www.tjes.jus.br\/corregedoria\/wp-json\/wp\/v2\/posts\/30693"}],"collection":[{"href":"https:\/\/www.tjes.jus.br\/corregedoria\/wp-json\/wp\/v2\/posts"}],"about":[{"href":"https:\/\/www.tjes.jus.br\/corregedoria\/wp-json\/wp\/v2\/types\/post"}],"author":[{"embeddable":true,"href":"https:\/\/www.tjes.jus.br\/corregedoria\/wp-json\/wp\/v2\/users\/12"}],"replies":[{"embeddable":true,"href":"https:\/\/www.tjes.jus.br\/corregedoria\/wp-json\/wp\/v2\/comments?post=30693"}],"version-history":[{"count":1,"href":"https:\/\/www.tjes.jus.br\/corregedoria\/wp-json\/wp\/v2\/posts\/30693\/revisions"}],"predecessor-version":[{"id":30694,"href":"https:\/\/www.tjes.jus.br\/corregedoria\/wp-json\/wp\/v2\/posts\/30693\/revisions\/30694"}],"wp:attachment":[{"href":"https:\/\/www.tjes.jus.br\/corregedoria\/wp-json\/wp\/v2\/media?parent=30693"}],"wp:term":[{"taxonomy":"category","embeddable":true,"href":"https:\/\/www.tjes.jus.br\/corregedoria\/wp-json\/wp\/v2\/categories?post=30693"},{"taxonomy":"post_tag","embeddable":true,"href":"https:\/\/www.tjes.jus.br\/corregedoria\/wp-json\/wp\/v2\/tags?post=30693"}],"curies":[{"name":"wp","href":"https:\/\/api.w.org\/{rel}","templated":true}]}}