{"id":30718,"date":"2020-10-21T13:41:54","date_gmt":"2020-10-21T16:41:54","guid":{"rendered":"https:\/\/www.tjes.jus.br\/corregedoria\/?p=30718"},"modified":"2020-10-21T13:41:54","modified_gmt":"2020-10-21T16:41:54","slug":"portaria-no-013-2020-disp-01-10-2020","status":"publish","type":"post","link":"https:\/\/www.tjes.jus.br\/corregedoria\/2020\/10\/21\/portaria-no-013-2020-disp-01-10-2020\/","title":{"rendered":"PORTARIA N\u00ba 013\/2020 \u2013 DISP. 01\/10\/2020"},"content":{"rendered":"<p style=\"text-align: center;\"><strong>PORTARIA N\u00ba 13\/2020<\/strong><\/p>\n<p><em><strong>\u00a0 \u00a0 \u00a0 \u00a0 \u00a0 \u00a0 \u00a0 \u00a0 \u00a0 \u00a0 \u00a0 \u00a0 \u00a0 \u00a0 \u00a0 \u00a0 \u00a0 \u00a0 \u00a0 \u00a0 \u00a0 \u00a0 \u00a0 \u00a0 \u00a0 \u00a0 \u00a0 \u00a0 \u00a0 \u00a0 \u00a0 \u00a0 \u00a0 \u00a0 \u00a0 \u00a0 \u00a0 \u00a0 \u00a0 \u00a0 \u00a0 \u00a0 \u00a0 \u00a0 \u00a0 \u00a0 \u00a0 \u00a0 \u00a0<\/strong><\/em><\/p>\n<p style=\"text-align: justify;\">Cancela as correi\u00e7\u00f5es ordin\u00e1rias nas Unidades Judici\u00e1rias do\u00a0Ju\u00edzo de Cariacica &#8211; Comarca da Capital, prevista\u00a0na <a href=\"https:\/\/www.tjes.jus.br\/corregedoria\/2020\/02\/05\/portaria-no-002-2020-disp-05-02-2020\/\">Portaria n\u00ba 002\/2020<\/a>, em decorr\u00eancia da infec\u00e7\u00e3o humana pelo novo Coronav\u00edrus (Sars-Cov-2) e d\u00e1 outras provid\u00eancias.<\/p>\n<p style=\"text-align: justify;\">\n<p style=\"text-align: justify;\">O Desembargador\u00a0<strong>Ney Batista Coutinho<\/strong>, Corregedor Geral da Justi\u00e7a do Estado do Esp\u00edrito Santo, no uso de suas atribui\u00e7\u00f5es legais e,<\/p>\n<p style=\"text-align: justify;\">\n<p style=\"text-align: justify;\"><strong>CONSIDERANDO\u00a0<\/strong>que a pandemia causada pelo novo coronavi\u0301rus (Covid-19) e declarada pela Organizac\u0327a\u0303o Mundial de Sau\u0301de (OMS) ainda persiste;<\/p>\n<p style=\"text-align: justify;\"><strong>CONSIDERANDO\u00a0<\/strong>que, apesar da ado\u00e7\u00e3o de medidas para retomada dos servi\u00e7os presenciais no \u00e2mbito do Poder Judici\u00e1rio, observadas as a\u00e7\u00f5es necess\u00e1rias para preven\u00e7\u00e3o de cont\u00e1gio pelo novo coronav\u00edrus \u2013 Covid-19, neste momento, a realiza\u00e7\u00e3o de correi\u00e7\u00f5es ordin\u00e1rias\/presencias, tais\u00a0como previstas na Portaria 002\/2020 desta Corregedoria Geral de Justi\u00e7a, representaria inobserv\u00e2ncia das regras de conten\u00e7\u00e3o da propaga\u00e7\u00e3o do novo Coronav\u00edrus;<\/p>\n<p style=\"text-align: justify;\"><strong>CONSIDERANDO<\/strong><strong>\u00a0<\/strong>a possibilidade de altera\u00e7\u00e3o do cronograma de correi\u00e7\u00f5es, em raz\u00e3o de fatores externos e n\u00e3o previstos quando de sua elabora\u00e7\u00e3o, na forma do par\u00e1grafo \u00fanico, do art. 1\u00ba, da <a href=\"https:\/\/www.tjes.jus.br\/corregedoria\/2020\/02\/05\/portaria-no-002-2020-disp-05-02-2020\/\">Portaria 002\/2020<\/a>;<\/p>\n<p style=\"text-align: justify;\"><strong>CONSIDERANDO<\/strong>, por fim, a necessidade de\u00a0continuidade dos trabalhos correicionais, que podem ser realizados na modalidade virtual, tal como prev\u00ea o art. 13, inciso III, do C\u00f3digo de Normas, notadamente nas Unidades que n\u00e3o possuem registro de realiza\u00e7\u00e3o de correi\u00e7\u00e3o em anos anteriores.<\/p>\n<p style=\"text-align: justify;\"><strong>\u00a0<\/strong><\/p>\n<p style=\"text-align: justify;\"><strong>RESOLVE:<\/strong><\/p>\n<p style=\"text-align: justify;\">\n<p style=\"text-align: justify;\"><strong>Art. 1\u00ba.\u00a0CANCELAR<\/strong>\u00a0as correi\u00e7\u00f5es ordin\u00e1rias nas Unidades Judici\u00e1rias do\u00a0Ju\u00edzo de Cariacica &#8211; Comarca da Capital, previstas na Portaria n\u00ba 002\/2020,\u00a0<strong>com exce\u00e7\u00e3o<\/strong>\u00a0das seguintes unidades:<\/p>\n<p style=\"text-align: justify;\">\n<p style=\"text-align: justify;\"><strong>I .\u00a0<\/strong>1\u00ba Juizado Especial C\u00edvel do Ju\u00edzo de Cariacica;<\/p>\n<p style=\"text-align: justify;\"><strong>II.\u00a0<\/strong>1\u00ba Juizado Especial Criminal e da Fazenda P\u00fablica do Ju\u00edzo de Cariacica;<\/p>\n<p style=\"text-align: justify;\"><strong>III.\u00a0<\/strong>2\u00ba Juizado Especial Criminal e da Fazenda P\u00fablica do Ju\u00edzo de Cariacica;<\/p>\n<p style=\"text-align: justify;\"><strong>IV.<\/strong>\u00a03\u00ba Juizado Especial C\u00edvel do Ju\u00edzo de Cariacica;<\/p>\n<p style=\"text-align: justify;\"><strong>V.\u00a0<\/strong>4\u00aa Vara C\u00edvel, \u00d3rf\u00e3os e Sucess\u00f5es\u00a0do Ju\u00edzo de Cariacica;<\/p>\n<p style=\"text-align: justify;\"><strong>VI.\u00a0<\/strong>4\u00ba Juizado Especial C\u00edvel do Ju\u00edzo de Cariacica.<\/p>\n<p style=\"text-align: justify;\">\n<p style=\"text-align: justify;\"><strong>Art. 2\u00ba.\u00a0<\/strong>As correi\u00e7\u00f5es ordin\u00e1rias ficam convertidas em correi\u00e7\u00f5es virtuais nas\u00a0unidades judici\u00e1rias\u00a0listadas nos incisos I a VI, do art.1\u00ba,\u00a0desta Portaria, e ser\u00e3o todas realizadas no m\u00eas de\u00a0<strong>outubro de 2020<\/strong>, sem preju\u00edzo daquelas\u00a0j\u00e1 previstas para o mesmo per\u00edodo, mediante pr\u00e9via publica\u00e7\u00e3o dos editais, na forma do par\u00e1grafo 5\u00ba, do art. 13, do C\u00f3digo de Normas.<\/p>\n<p style=\"text-align: justify;\">\n<p style=\"text-align: justify;\"><strong>Art. 3\u00ba.\u00a0<\/strong>As\u00a0Unidades Judici\u00e1rias do\u00a0Ju\u00edzo de Cariacica &#8211; Comarca da Capital\u00a0permanecem dispensadas da apresenta\u00e7\u00e3o do relat\u00f3rio de inspe\u00e7\u00e3o judicial referente ao ano de 2020, conforme mencionado no art. 6\u00ba da Portaria n\u00ba 002\/2020.<\/p>\n<p style=\"text-align: justify;\">\n<p style=\"text-align: justify;\"><strong>Art. 4\u00ba.<\/strong>\u00a0Os casos omissos ser\u00e3o resolvidos pelo Corregedor Geral da Justi\u00e7a.<strong>\u00a0<\/strong><\/p>\n<p style=\"text-align: justify;\">\n<p style=\"text-align: justify;\"><strong>Art. 5\u00ba.\u00a0<\/strong>\u00a0Esta Portaria entra em vigor na data de sua publica\u00e7\u00e3o.<\/p>\n<p style=\"text-align: justify;\">\n<p style=\"text-align: justify;\">Vit\u00f3ria\/ES, 17\u00a0de setembro de 2020.<\/p>\n<p>&nbsp;<\/p>\n<p style=\"text-align: center;\"><strong>DESEMBARGADOR NEY BATISTA COUTINHO<\/strong><\/p>\n<p style=\"text-align: center;\"><strong>CORREGEDOR GERAL DA JUSTI\u00c7A<\/strong><\/p>\n","protected":false},"excerpt":{"rendered":"<p>PORTARIA N\u00ba 13\/2020 \u00a0 \u00a0 \u00a0 \u00a0 \u00a0 \u00a0 \u00a0 \u00a0 \u00a0 \u00a0 \u00a0 \u00a0 \u00a0 \u00a0 \u00a0 \u00a0 \u00a0 \u00a0 \u00a0 \u00a0 \u00a0 \u00a0 \u00a0 \u00a0 \u00a0 \u00a0 \u00a0 \u00a0 \u00a0 \u00a0 \u00a0 \u00a0 \u00a0 \u00a0 \u00a0 \u00a0 \u00a0 \u00a0 \u00a0 \u00a0 \u00a0 \u00a0 \u00a0 \u00a0 \u00a0 \u00a0 \u00a0 \u00a0 \u00a0 Cancela as correi\u00e7\u00f5es [&hellip;]<\/p>\n","protected":false},"author":12,"featured_media":0,"comment_status":"closed","ping_status":"closed","sticky":false,"template":"","format":"standard","meta":{"footnotes":""},"categories":[14,6],"tags":[],"_links":{"self":[{"href":"https:\/\/www.tjes.jus.br\/corregedoria\/wp-json\/wp\/v2\/posts\/30718"}],"collection":[{"href":"https:\/\/www.tjes.jus.br\/corregedoria\/wp-json\/wp\/v2\/posts"}],"about":[{"href":"https:\/\/www.tjes.jus.br\/corregedoria\/wp-json\/wp\/v2\/types\/post"}],"author":[{"embeddable":true,"href":"https:\/\/www.tjes.jus.br\/corregedoria\/wp-json\/wp\/v2\/users\/12"}],"replies":[{"embeddable":true,"href":"https:\/\/www.tjes.jus.br\/corregedoria\/wp-json\/wp\/v2\/comments?post=30718"}],"version-history":[{"count":1,"href":"https:\/\/www.tjes.jus.br\/corregedoria\/wp-json\/wp\/v2\/posts\/30718\/revisions"}],"predecessor-version":[{"id":30719,"href":"https:\/\/www.tjes.jus.br\/corregedoria\/wp-json\/wp\/v2\/posts\/30718\/revisions\/30719"}],"wp:attachment":[{"href":"https:\/\/www.tjes.jus.br\/corregedoria\/wp-json\/wp\/v2\/media?parent=30718"}],"wp:term":[{"taxonomy":"category","embeddable":true,"href":"https:\/\/www.tjes.jus.br\/corregedoria\/wp-json\/wp\/v2\/categories?post=30718"},{"taxonomy":"post_tag","embeddable":true,"href":"https:\/\/www.tjes.jus.br\/corregedoria\/wp-json\/wp\/v2\/tags?post=30718"}],"curies":[{"name":"wp","href":"https:\/\/api.w.org\/{rel}","templated":true}]}}