{"id":30720,"date":"2020-10-21T13:42:57","date_gmt":"2020-10-21T16:42:57","guid":{"rendered":"https:\/\/www.tjes.jus.br\/corregedoria\/?p=30720"},"modified":"2020-10-21T13:42:57","modified_gmt":"2020-10-21T16:42:57","slug":"portaria-no-014-2020-disp-01-10-2020","status":"publish","type":"post","link":"https:\/\/www.tjes.jus.br\/corregedoria\/2020\/10\/21\/portaria-no-014-2020-disp-01-10-2020\/","title":{"rendered":"PORTARIA N\u00ba 014\/2020 \u2013 DISP. 01\/10\/2020"},"content":{"rendered":"<p style=\"text-align: center;\"><strong>PORTARIA N\u00ba 14\/2020<\/strong><\/p>\n<p><em><strong>\u00a0 \u00a0 \u00a0 \u00a0 \u00a0 \u00a0 \u00a0 \u00a0 \u00a0 \u00a0 \u00a0 \u00a0 \u00a0 \u00a0 \u00a0 \u00a0 \u00a0 \u00a0 \u00a0 \u00a0 \u00a0 \u00a0 \u00a0 \u00a0 \u00a0 \u00a0 \u00a0 \u00a0 \u00a0 \u00a0 \u00a0 \u00a0 \u00a0 \u00a0 \u00a0 \u00a0 \u00a0 \u00a0 \u00a0 \u00a0 \u00a0 \u00a0 \u00a0 \u00a0 \u00a0 \u00a0 \u00a0 \u00a0 \u00a0<\/strong><\/em><\/p>\n<p style=\"text-align: justify;\">Inclui Unidades Judici\u00e1rias no cronograma de correi\u00e7\u00f5es 2020,\u00a0previsto\u00a0na <a href=\"https:\/\/www.tjes.jus.br\/corregedoria\/2020\/02\/05\/portaria-no-002-2020-disp-05-02-2020\/\">Portaria n\u00ba 002\/2020<\/a>.<\/p>\n<p style=\"text-align: justify;\">\n<p style=\"text-align: justify;\">O Desembargador\u00a0<strong>Ney Batista Coutinho<\/strong>, Corregedor Geral da Justi\u00e7a do Estado do Esp\u00edrito Santo, no uso de suas atribui\u00e7\u00f5es legais e,<\/p>\n<p style=\"text-align: justify;\">\n<p style=\"text-align: justify;\"><strong>CONSIDERANDO\u00a0<\/strong>que a pandemia causada pelo novo coronavi\u0301rus (Covid-19) e declarada pela Organizac\u0327a\u0303o Mundial de Sau\u0301de (OMS) impossibilitou a realiza\u00e7\u00e3o de algumas correi\u00e7\u00f5es previstas na Portaria n\u00ba 002\/2020;<\/p>\n<p style=\"text-align: justify;\"><strong>CONSIDERANDO\u00a0<\/strong>a necessidade de cumprimento do percentual m\u00ednimo de correi\u00e7\u00f5es anuais, conforme disposto no art. 12, \u00a7 1\u00ba do C\u00f3digo de Normas desta Corregedoria Geral da Justi\u00e7a;<\/p>\n<p style=\"text-align: justify;\"><strong>CONSIDERANDO<\/strong><strong>\u00a0<\/strong>a possibilidade de altera\u00e7\u00e3o do cronograma de correi\u00e7\u00f5es, em raz\u00e3o de fatores externos e n\u00e3o previstos quando de sua elabora\u00e7\u00e3o, na forma do par\u00e1grafo \u00fanico, do art. 1\u00ba, da Portaria 002\/2020;<\/p>\n<p style=\"text-align: justify;\"><strong>CONSIDERANDO<\/strong>, por fim, a necessidade da continuidade dos trabalhos correicionais, que podem ser realizados na modalidade virtual, tal como prev\u00ea o art. 13, inciso III, do C\u00f3digo de Normas, notadamente nas Unidades que n\u00e3o possuem registro de realiza\u00e7\u00e3o de correi\u00e7\u00e3o em anos anteriores.<\/p>\n<p style=\"text-align: justify;\"><strong>\u00a0<\/strong><\/p>\n<p style=\"text-align: justify;\"><strong>RESOLVE:<\/strong><\/p>\n<p style=\"text-align: justify;\">\n<p style=\"text-align: justify;\"><strong>Art. 1\u00ba.\u00a0INCLUIR<\/strong>\u00a0as seguintes\u00a0Unidades Judici\u00e1rias no cronograma de correi\u00e7\u00f5es 2020, previsto\u00a0na Portaria n\u00ba 002\/2020:<\/p>\n<p style=\"text-align: justify;\">\n<p style=\"text-align: justify;\"><strong>I .\u00a0<\/strong>1\u00ba Juizado Especial C\u00edvel do Ju\u00edzo de Serra;<\/p>\n<p style=\"text-align: justify;\"><strong>II.\u00a0<\/strong>1\u00ba Juizado Especial Criminal e da Fazenda P\u00fablica do Ju\u00edzo de Serra;<\/p>\n<p style=\"text-align: justify;\"><strong>III.\u00a0<\/strong>2\u00ba Juizado Especial C\u00edvel\u00a0do Ju\u00edzo de Serra;<\/p>\n<p style=\"text-align: justify;\"><strong>IV.\u00a0<\/strong>2\u00ba Juizado Especial\u00a0Criminal e da Fazenda P\u00fablica do Ju\u00edzo de Serra;<\/p>\n<p style=\"text-align: justify;\"><strong>V.<\/strong>\u00a03\u00ba Juizado Especial C\u00edvel do Ju\u00edzo de Serra;<\/p>\n<p style=\"text-align: justify;\"><strong>VI.\u00a0<\/strong>4\u00ba Juizado Especial C\u00edvel do Ju\u00edzo de Serra.<\/p>\n<p style=\"text-align: justify;\">\n<p style=\"text-align: justify;\"><strong>Art. 2\u00ba.\u00a0<\/strong>As correi\u00e7\u00f5es virtuais nas\u00a0unidades judici\u00e1rias\u00a0listadas nos incisos I a VI, do art.1\u00ba, desta Portaria,\u00a0ser\u00e3o realizadas no m\u00eas de\u00a0<strong>novembro de 2020<\/strong>, sem preju\u00edzo daquelas\u00a0j\u00e1 previstas para o mesmo per\u00edodo, mediante pr\u00e9via publica\u00e7\u00e3o dos editais, na forma do par\u00e1grafo 5\u00ba, do art. 13, do C\u00f3digo de Normas.<\/p>\n<p style=\"text-align: justify;\">\n<p style=\"text-align: justify;\"><strong>Art. 3\u00ba.\u00a0<\/strong>\u00a0Nos termos do art. 13, \u00a710\u00ba do C\u00f3digo de Normas, as unidades judici\u00e1rias mencionadas no art. 1\u00ba, desta Portaria, ficam dispensadas da apresenta\u00e7\u00e3o do relat\u00f3rio de inspe\u00e7\u00e3o judicial\u00a0no ano de 2020.<\/p>\n<p style=\"text-align: justify;\">\n<p style=\"text-align: justify;\"><strong>Art. 4\u00ba.\u00a0<\/strong>Os casos omissos ser\u00e3o resolvidos pelo Corregedor Geral da Justi\u00e7a.<strong>\u00a0<\/strong><\/p>\n<p style=\"text-align: justify;\">\n<p style=\"text-align: justify;\"><strong>Art. 5\u00ba.\u00a0<\/strong>\u00a0Esta Portaria entra em vigor na data de sua publica\u00e7\u00e3o.<\/p>\n<p style=\"text-align: justify;\">\n<p style=\"text-align: justify;\">Vit\u00f3ria\/ES, 17\u00a0de setembro de 2020.<\/p>\n<p>&nbsp;<\/p>\n<p style=\"text-align: center;\"><strong>DESEMBARGADOR NEY BATISTA COUTINHO<\/strong><\/p>\n<p style=\"text-align: center;\"><strong>CORREGEDOR GERAL DA JUSTI\u00c7A<\/strong><\/p>\n","protected":false},"excerpt":{"rendered":"<p>PORTARIA N\u00ba 14\/2020 \u00a0 \u00a0 \u00a0 \u00a0 \u00a0 \u00a0 \u00a0 \u00a0 \u00a0 \u00a0 \u00a0 \u00a0 \u00a0 \u00a0 \u00a0 \u00a0 \u00a0 \u00a0 \u00a0 \u00a0 \u00a0 \u00a0 \u00a0 \u00a0 \u00a0 \u00a0 \u00a0 \u00a0 \u00a0 \u00a0 \u00a0 \u00a0 \u00a0 \u00a0 \u00a0 \u00a0 \u00a0 \u00a0 \u00a0 \u00a0 \u00a0 \u00a0 \u00a0 \u00a0 \u00a0 \u00a0 \u00a0 \u00a0 \u00a0 Inclui Unidades Judici\u00e1rias [&hellip;]<\/p>\n","protected":false},"author":12,"featured_media":0,"comment_status":"closed","ping_status":"closed","sticky":false,"template":"","format":"standard","meta":{"footnotes":""},"categories":[14,6],"tags":[],"_links":{"self":[{"href":"https:\/\/www.tjes.jus.br\/corregedoria\/wp-json\/wp\/v2\/posts\/30720"}],"collection":[{"href":"https:\/\/www.tjes.jus.br\/corregedoria\/wp-json\/wp\/v2\/posts"}],"about":[{"href":"https:\/\/www.tjes.jus.br\/corregedoria\/wp-json\/wp\/v2\/types\/post"}],"author":[{"embeddable":true,"href":"https:\/\/www.tjes.jus.br\/corregedoria\/wp-json\/wp\/v2\/users\/12"}],"replies":[{"embeddable":true,"href":"https:\/\/www.tjes.jus.br\/corregedoria\/wp-json\/wp\/v2\/comments?post=30720"}],"version-history":[{"count":1,"href":"https:\/\/www.tjes.jus.br\/corregedoria\/wp-json\/wp\/v2\/posts\/30720\/revisions"}],"predecessor-version":[{"id":30721,"href":"https:\/\/www.tjes.jus.br\/corregedoria\/wp-json\/wp\/v2\/posts\/30720\/revisions\/30721"}],"wp:attachment":[{"href":"https:\/\/www.tjes.jus.br\/corregedoria\/wp-json\/wp\/v2\/media?parent=30720"}],"wp:term":[{"taxonomy":"category","embeddable":true,"href":"https:\/\/www.tjes.jus.br\/corregedoria\/wp-json\/wp\/v2\/categories?post=30720"},{"taxonomy":"post_tag","embeddable":true,"href":"https:\/\/www.tjes.jus.br\/corregedoria\/wp-json\/wp\/v2\/tags?post=30720"}],"curies":[{"name":"wp","href":"https:\/\/api.w.org\/{rel}","templated":true}]}}