{"id":30724,"date":"2020-10-21T13:52:46","date_gmt":"2020-10-21T16:52:46","guid":{"rendered":"https:\/\/www.tjes.jus.br\/corregedoria\/?p=30724"},"modified":"2020-10-21T13:52:46","modified_gmt":"2020-10-21T16:52:46","slug":"portaria-no-012-2020-disp-17-09-2020","status":"publish","type":"post","link":"https:\/\/www.tjes.jus.br\/corregedoria\/2020\/10\/21\/portaria-no-012-2020-disp-17-09-2020\/","title":{"rendered":"PORTARIA N\u00ba 012\/2020 \u2013 DISP. 17\/09\/2020"},"content":{"rendered":"<p align=\"center\"><strong>PORTARIA N\u00ba 12\/2020<\/strong><\/p>\n<p align=\"center\"><i>Determina instaura\u00e7\u00e3o de pedido de provid\u00eancias com o objetivo de acompanhar e apurar a pr\u00e1tica, pelos delegat\u00e1rios do foro extrajudicial, dos atos de natureza gratuita garantidos aos necessitados.<\/i><\/p>\n<p style=\"text-align: justify;\" align=\"justify\">\n<p style=\"text-align: justify;\" align=\"justify\">O Desembargador\u00a0<strong>Ney Batista Coutinho<\/strong>, Corregedor Geral da Justi\u00e7a do Estado do Esp\u00edrito Santo, no uso de suas atribui\u00e7\u00f5es legais e,<\/p>\n<p style=\"text-align: justify;\" align=\"justify\"><strong>CONSIDERANDO\u00a0<\/strong>que a ado\u00e7\u00e3o de solu\u00e7\u00f5es alternativas de conflito, atrav\u00e9s do fomento de meios extrajudiciais para resolu\u00e7\u00e3o negociada, com a participa\u00e7\u00e3o ativa do cidad\u00e3o, era uma das metas dos Macros desafios presentes no Planejamento Estrat\u00e9gico Nacional do Poder Judici\u00e1rio 2015\/2020;<\/p>\n<p style=\"text-align: justify;\" align=\"justify\"><strong>CONSIDERANDO\u00a0<\/strong>que o fortalecimento da Pol\u00edtica Judici\u00e1ria de solu\u00e7\u00f5es alternativas de conflitos e a desjudicializa\u00e7\u00e3o comp\u00f5em a Estrat\u00e9gia Nacional do Poder Judici\u00e1rio 2021-2026, aprovada pelo Conselho Nacional de Justi\u00e7a no processo n\u00ba\u00a0<a href=\"https:\/\/www.cnj.jus.br\/pjecnj\/ConsultaPublica\/DetalheProcessoConsultaPublica\/listView.seam?ca=cccd6fb65ed0dc38a1c187e4543bcde199009654a1964999\">0004411-18.2020.2.00.0000<\/a>;<\/p>\n<p style=\"text-align: justify;\" align=\"justify\"><strong>CONSIDERANDO\u00a0<\/strong>que o inciso LXXIV do artigo 5\u00ba da Constitui\u00e7\u00e3o Federal prev\u00ea que o Estado prestar\u00e1 assist\u00eancia jur\u00eddica integral e gratuita aos que comprovarem insufici\u00eancia de recursos;<\/p>\n<p style=\"text-align: justify;\" align=\"justify\"><strong>CONSIDERANDO\u00a0<\/strong>que o artigo 134 da Constitui\u00e7\u00e3o Federal prev\u00ea que a Defensoria P\u00fablica \u00e9 institui\u00e7\u00e3o \u00e0 fun\u00e7\u00e3o jurisdicional do Estado, incumbindo-lhe a orienta\u00e7\u00e3o jur\u00eddica, a promo\u00e7\u00e3o dos direitos humanos e a defesa, em todos os graus, judicial e extrajudicial, dos direitos individuais e coletivos, de forma integral e gratuita, aos necessitados;<\/p>\n<p style=\"text-align: justify;\" align=\"justify\"><strong>CONSIDERANDO\u00a0<\/strong>que a Lei n\u00ba 11.441, de 4 de janeiro de 2007, possibilitou a realiza\u00e7\u00e3o de invent\u00e1rio, partilha, separa\u00e7\u00e3o consensual e div\u00f3rcio consensual por via administrativa, disposi\u00e7\u00f5es que foram incorporadas pela Lei n\u00ba 13.105, de 16 de mar\u00e7o de 2015, C\u00f3digo de Processo Civil;<\/p>\n<p style=\"text-align: justify;\" align=\"justify\"><strong>CONSIDERANDO\u00a0<\/strong>que a Resolu\u00e7\u00e3o n\u00ba 35, 24.4.2007, com a r<a href=\"https:\/\/atos.cnj.jus.br\/atos\/detalhar\/3366\">eda\u00e7\u00e3o dada pela Resolu\u00e7\u00e3o n\u00ba 326, de 26.6.2020<\/a>, ambas do Conselho Nacional de Justi\u00e7a, disciplina a lavratura dos atos notariais relacionados a invent\u00e1rio, partilha, separa\u00e7\u00e3o consensual, div\u00f3rcio consensual e extin\u00e7\u00e3o consensual de uni\u00e3o est\u00e1vel por via administrativa, e que seu artigo 6\u00ba disp\u00f5e que a gratuidade prevista na norma adjetiva compreende as escrituras de invent\u00e1rio, partilha, separa\u00e7\u00e3o e div\u00f3rcio consensuais;<\/p>\n<p style=\"text-align: justify;\" align=\"justify\"><strong>CONSIDERANDO\u00a0<\/strong>que o art. 7\u00ba da resolu\u00e7\u00e3o n\u00ba 35, 24.4.2007, com a r<a href=\"https:\/\/atos.cnj.jus.br\/atos\/detalhar\/3366\">eda\u00e7\u00e3o dada pela Resolu\u00e7\u00e3o n\u00ba 326, de 26.6.2020<\/a>, ambas\u00a0do Conselho Nacional de Justi\u00e7a, disp\u00f5e que para a obten\u00e7\u00e3o da gratuidade basta a simples declara\u00e7\u00e3o dos interessados de que n\u00e3o possuem condi\u00e7\u00f5es de arcar com os emolumentos, ainda que as partes estejam assistidas por advogado constitu\u00eddo;<\/p>\n<p style=\"text-align: justify;\" align=\"justify\"><strong>CONSIDERANDO\u00a0<\/strong>que o art. 14 da resolu\u00e7\u00e3o n\u00ba 35, 24.4.2007,\u00a0do Conselho Nacional de Justi\u00e7a, disp\u00f5e que para as verbas previstas na\u00a0<a href=\"http:\/\/www.planalto.gov.br\/ccivil_03\/leis\/L6858.htm\">Lei n\u00b0 6.858\/80<\/a>, \u00e9 tamb\u00e9m admiss\u00edvel a escritura p\u00fablica de invent\u00e1rio e partilha.<\/p>\n<p style=\"text-align: justify;\" align=\"justify\"><strong>CONSIDERANDO<\/strong>, por fim, as reuni\u00f5es realizadas nesta Corregedoria Geral da Justi\u00e7a, no decorrer desta gest\u00e3o, com o Sindicato dos Not\u00e1rios e Registradores do Estado do Esp\u00edrito Santo, Secretaria de Estado da Fazenda do Estado do Esp\u00edrito Santo e com a Defensoria P\u00fablica Estadual para tratar da pr\u00e1tica de atos gratuitos aos necessitados;<\/p>\n<p style=\"text-align: justify;\" align=\"justify\">\n<p style=\"text-align: justify;\" align=\"justify\"><strong>RESOLVE:<\/strong><\/p>\n<p style=\"text-align: justify;\" align=\"justify\">\n<p style=\"text-align: justify;\" align=\"justify\"><strong>Art. 1\u00ba.\u00a0<\/strong>Determinar instaura\u00e7\u00e3o, pela Coordenadoria de Monitoramento de Foro Judicial e Extrajudicial, de pedido de provid\u00eancias com o objetivo de acompanhar e apurar a pratica, pelos delegat\u00e1rios do foro extrajudicial, dos atos de natureza gratuita garantidos aos necessitados pela legisla\u00e7\u00e3o.<\/p>\n<p style=\"text-align: justify;\" align=\"justify\"><strong>Art. 2\u00ba.\u00a0<\/strong>Delegar aos Ju\u00edzes Corregedores e, especialmente, \u00e0 comiss\u00e3o respons\u00e1vel pelos assuntos dos servi\u00e7os extrajudiciais a realiza\u00e7\u00e3o de dilig\u00eancias preliminares para a consecu\u00e7\u00e3o dos objetivos da portaria.<\/p>\n<p style=\"text-align: justify;\" align=\"justify\"><strong>Art. 3\u00ba.\u00a0<\/strong>Esta Portaria entra em vigor na data de sua publica\u00e7\u00e3o.<\/p>\n<p style=\"text-align: justify;\" align=\"justify\">\n<p style=\"text-align: justify;\" align=\"justify\">Vit\u00f3ria, 14 de setembro de 2020.<\/p>\n<p align=\"justify\">\n<p align=\"justify\">\n<p align=\"center\"><strong>Ney Batista Coutinho<\/strong><\/p>\n<p align=\"center\"><strong>Corregedor Geral da Justi\u00e7a<\/strong><\/p>\n","protected":false},"excerpt":{"rendered":"<p>PORTARIA N\u00ba 12\/2020 Determina instaura\u00e7\u00e3o de pedido de provid\u00eancias com o objetivo de acompanhar e apurar a pr\u00e1tica, pelos delegat\u00e1rios do foro extrajudicial, dos atos de natureza gratuita garantidos aos necessitados. O Desembargador\u00a0Ney Batista Coutinho, Corregedor Geral da Justi\u00e7a do Estado do Esp\u00edrito Santo, no uso de suas atribui\u00e7\u00f5es legais e, CONSIDERANDO\u00a0que a ado\u00e7\u00e3o de [&hellip;]<\/p>\n","protected":false},"author":12,"featured_media":0,"comment_status":"closed","ping_status":"closed","sticky":false,"template":"","format":"standard","meta":{"footnotes":""},"categories":[14,6],"tags":[],"_links":{"self":[{"href":"https:\/\/www.tjes.jus.br\/corregedoria\/wp-json\/wp\/v2\/posts\/30724"}],"collection":[{"href":"https:\/\/www.tjes.jus.br\/corregedoria\/wp-json\/wp\/v2\/posts"}],"about":[{"href":"https:\/\/www.tjes.jus.br\/corregedoria\/wp-json\/wp\/v2\/types\/post"}],"author":[{"embeddable":true,"href":"https:\/\/www.tjes.jus.br\/corregedoria\/wp-json\/wp\/v2\/users\/12"}],"replies":[{"embeddable":true,"href":"https:\/\/www.tjes.jus.br\/corregedoria\/wp-json\/wp\/v2\/comments?post=30724"}],"version-history":[{"count":1,"href":"https:\/\/www.tjes.jus.br\/corregedoria\/wp-json\/wp\/v2\/posts\/30724\/revisions"}],"predecessor-version":[{"id":30725,"href":"https:\/\/www.tjes.jus.br\/corregedoria\/wp-json\/wp\/v2\/posts\/30724\/revisions\/30725"}],"wp:attachment":[{"href":"https:\/\/www.tjes.jus.br\/corregedoria\/wp-json\/wp\/v2\/media?parent=30724"}],"wp:term":[{"taxonomy":"category","embeddable":true,"href":"https:\/\/www.tjes.jus.br\/corregedoria\/wp-json\/wp\/v2\/categories?post=30724"},{"taxonomy":"post_tag","embeddable":true,"href":"https:\/\/www.tjes.jus.br\/corregedoria\/wp-json\/wp\/v2\/tags?post=30724"}],"curies":[{"name":"wp","href":"https:\/\/api.w.org\/{rel}","templated":true}]}}