{"id":30731,"date":"2020-10-23T12:44:23","date_gmt":"2020-10-23T15:44:23","guid":{"rendered":"https:\/\/www.tjes.jus.br\/corregedoria\/?p=30731"},"modified":"2020-10-23T12:44:23","modified_gmt":"2020-10-23T15:44:23","slug":"oficio-circular-no-9-2020-disp-23-10-2020","status":"publish","type":"post","link":"https:\/\/www.tjes.jus.br\/corregedoria\/2020\/10\/23\/oficio-circular-no-9-2020-disp-23-10-2020\/","title":{"rendered":"OF\u00cdCIO-CIRCULAR N\u00ba 9\/2020 \u2013 DISP. 23\/10\/2020"},"content":{"rendered":"<div class=\"override-text\">\n<p style=\"text-align: center;\"><strong>PODER JUDICI\u00c1RIO DO ESTADO DO ESP\u00cdRITO SANTO &#8211; PJES<\/strong><\/p>\n<p style=\"text-align: center;\"><strong>RUA DESEMBARGADOR HOMERO MAFRA,60 &#8211; Bairro ENSEADA DO SU\u00c1 &#8211; CEP 29050906 &#8211; Vit\u00f3ria &#8211; ES &#8211;\u00a0<a href=\"https:\/\/www.tjes.jus.br\/\">www.tjes.jus.br<\/a><\/strong><\/p>\n<p style=\"text-align: center;\">\n<\/div>\n<p style=\"text-align: center;\"><strong>OF\u00cdCIO-CIRCULAR N\u00ba 9\/2020 &#8211; SECAO DE MONITORAMENTO DE FORO EXTRAJUDICIAL<\/strong><\/p>\n<div id=\"icpbravoaccess_loaded\" class=\"override-text\"><\/div>\n<p>Vit\u00f3ria, 20 de outubro de 2020.<\/p>\n<p>&nbsp;<\/p>\n<p style=\"text-align: justify;\">A Secretaria de Monitoramento Judicial e Extrajudicial da Eg. Corregedoria Geral da Justi\u00e7a do Estado do Esp\u00edrito Santo, no uso de suas atribui\u00e7\u00f5es legais:<\/p>\n<p style=\"text-align: justify;\">\n<p style=\"text-align: justify;\"><strong>CONSIDERANDO<\/strong>\u00a0que a Corregedoria Geral da Justi\u00e7a \u00e9 \u00f3rg\u00e3o de fiscaliza\u00e7\u00e3o, disciplina e orienta\u00e7\u00e3o administrativa, com circunscri\u00e7\u00e3o em todo o Estado, conforme art. 35 da Lei Complementar Estadual n.\u00ba 234\/2002 (COJES);<\/p>\n<p style=\"text-align: justify;\">\n<p style=\"text-align: justify;\"><strong>CONSIDERANDO<\/strong>\u00a0o disposto no art. 12, do Provimento n\u00ba 45\/2011,\u00a0desta Corregedoria Geral da Justi\u00e7a;<\/p>\n<p style=\"text-align: justify;\">\n<p style=\"text-align: justify;\"><strong>CONSIDERANDO<\/strong>, ainda, os termos do Provimento n\u00ba 31\/2019, desta Corregedoria Geral da Justi\u00e7a, que delegou \u00e0 Coordenadora de Monitoramento de Foro Judicial e Extrajudicial a atribui\u00e7\u00e3o de proceder, de of\u00edcio, a publica\u00e7\u00e3o de Of\u00edcio-Circular acerca da inutiliza\u00e7\u00e3o dos pap\u00e9is de seguran\u00e7a noticiada pelas autoridades apostilantes por meio de certid\u00e3o, a fim de que seja dada ampla publicidade.<\/p>\n<p style=\"text-align: justify;\">\n<p style=\"text-align: justify;\"><strong>CONSIDERANDO<\/strong>\u00a0o recebimento do comunicado enviado a esta Corregedoria, por meio do Malote digital, com c\u00f3digo\u00a0c\u00f3digo de rastreabilidade n\u00ba 80820201855235\u00a0(A5622015)<strong>,<\/strong>\u00a0do Cart\u00f3rio de Registro Civil e Tabelionato de Notas da Sede\u00a0da Comarca de Barra de S\u00e3o Francisco\/ES (SEI n\u00ba 7003060-62.2020.8.08.0000);<\/p>\n<p style=\"text-align: justify;\">\n<p style=\"text-align: justify;\"><strong>CONSIDERANDO<\/strong>\u00a0que o referido comunicado informa sobre a inutiliza\u00e7\u00e3o de pap\u00e9is de seguran\u00e7a para o ato de aposi\u00e7\u00e3o de apostila, conforme consta em anexo.<\/p>\n<p style=\"text-align: justify;\">\n<p style=\"text-align: justify;\"><strong>RECOMENDA<\/strong>\u00a0aos Ju\u00edzes de Direito Diretores dos Foros, Membros do Minist\u00e9rio P\u00fablico, Advogados, Not\u00e1rios e Registradores, Serventu\u00e1rios e a quem mais possa interessar, que observem o\u00a0comunicado\u00a0anexo e adotem as provid\u00eancias que entenderem pertinentes.<\/p>\n<p style=\"text-align: justify;\">\n<p style=\"text-align: justify;\"><strong>Publique-se.<\/strong><\/p>\n<p style=\"text-align: center;\"><strong>Secret\u00e1ria de Monitoramento\u00a0Judicial e Extrajudicial<\/strong><\/p>\n<p style=\"text-align: center;\">\n<p style=\"text-align: center;\"><strong><a href=\"https:\/\/sistemas.tjes.jus.br\/ediario\/images\/Oficio_0429942_OFICIO___111___TJES___CNJ___INCINERA_PAPEL_MOEDA___APOSTILAMENTO.pdf\" target=\"_blank\" rel=\"noopener\">ANEXO &#8211; CLIQUE AQUI<\/a><\/strong><\/p>\n","protected":false},"excerpt":{"rendered":"<p>PODER JUDICI\u00c1RIO DO ESTADO DO ESP\u00cdRITO SANTO &#8211; PJES RUA DESEMBARGADOR HOMERO MAFRA,60 &#8211; Bairro ENSEADA DO SU\u00c1 &#8211; CEP 29050906 &#8211; Vit\u00f3ria &#8211; ES &#8211;\u00a0www.tjes.jus.br OF\u00cdCIO-CIRCULAR N\u00ba 9\/2020 &#8211; SECAO DE MONITORAMENTO DE FORO EXTRAJUDICIAL Vit\u00f3ria, 20 de outubro de 2020. &nbsp; A Secretaria de Monitoramento Judicial e Extrajudicial da Eg. Corregedoria Geral da [&hellip;]<\/p>\n","protected":false},"author":12,"featured_media":0,"comment_status":"closed","ping_status":"closed","sticky":false,"template":"","format":"standard","meta":{"footnotes":""},"categories":[14,5],"tags":[],"_links":{"self":[{"href":"https:\/\/www.tjes.jus.br\/corregedoria\/wp-json\/wp\/v2\/posts\/30731"}],"collection":[{"href":"https:\/\/www.tjes.jus.br\/corregedoria\/wp-json\/wp\/v2\/posts"}],"about":[{"href":"https:\/\/www.tjes.jus.br\/corregedoria\/wp-json\/wp\/v2\/types\/post"}],"author":[{"embeddable":true,"href":"https:\/\/www.tjes.jus.br\/corregedoria\/wp-json\/wp\/v2\/users\/12"}],"replies":[{"embeddable":true,"href":"https:\/\/www.tjes.jus.br\/corregedoria\/wp-json\/wp\/v2\/comments?post=30731"}],"version-history":[{"count":1,"href":"https:\/\/www.tjes.jus.br\/corregedoria\/wp-json\/wp\/v2\/posts\/30731\/revisions"}],"predecessor-version":[{"id":30732,"href":"https:\/\/www.tjes.jus.br\/corregedoria\/wp-json\/wp\/v2\/posts\/30731\/revisions\/30732"}],"wp:attachment":[{"href":"https:\/\/www.tjes.jus.br\/corregedoria\/wp-json\/wp\/v2\/media?parent=30731"}],"wp:term":[{"taxonomy":"category","embeddable":true,"href":"https:\/\/www.tjes.jus.br\/corregedoria\/wp-json\/wp\/v2\/categories?post=30731"},{"taxonomy":"post_tag","embeddable":true,"href":"https:\/\/www.tjes.jus.br\/corregedoria\/wp-json\/wp\/v2\/tags?post=30731"}],"curies":[{"name":"wp","href":"https:\/\/api.w.org\/{rel}","templated":true}]}}