{"id":30740,"date":"2020-10-26T13:38:02","date_gmt":"2020-10-26T16:38:02","guid":{"rendered":"https:\/\/www.tjes.jus.br\/corregedoria\/?p=30740"},"modified":"2020-10-26T13:38:02","modified_gmt":"2020-10-26T16:38:02","slug":"provimento-no-31-2020-disp-26-10-2020","status":"publish","type":"post","link":"https:\/\/www.tjes.jus.br\/corregedoria\/2020\/10\/26\/provimento-no-31-2020-disp-26-10-2020\/","title":{"rendered":"PROVIMENTO N\u00ba 31\/2020 \u2013 DISP. 26\/10\/2020"},"content":{"rendered":"<p style=\"text-align: center;\"><strong>PROVIMENTO N.\u00ba\u00a0<\/strong><strong>31<\/strong><strong>\/2020<\/strong><\/p>\n<p>&nbsp;<\/p>\n<p style=\"text-align: justify;\">Acresce\u00a0o inciso VII, ao artigo 259, no Tomo I (Judicial), do Novo C\u00f3digo de Normas da Corregedoria Geral da Justi\u00e7a do Estado do Esp\u00edrito Santo.<\/p>\n<p style=\"text-align: justify;\">\n<p style=\"text-align: justify;\">\n<p style=\"text-align: justify;\">O Excelent\u00edssimo Senhor Desembargador\u00a0<strong>NEY BATISTA COUTINHO<\/strong>, Corregedor Geral da Justi\u00e7a do Estado do Esp\u00edrito Santo, no uso de suas atribui\u00e7\u00f5es legais e,<\/p>\n<p style=\"text-align: justify;\">\n<p style=\"text-align: justify;\"><strong>CONSIDERANDO\u00a0<\/strong>que a Corregedoria Geral da Justi\u00e7a do Estado do Esp\u00edrito Santo \u00e9 \u00f3rg\u00e3o de fiscaliza\u00e7\u00e3o, que disciplina a orienta\u00e7\u00e3o administrativa, com jurisdi\u00e7\u00e3o em todo Estado, conforme disp\u00f5e o art. 35, da Lei Complementar Estadual n\u00ba 234\/2002;<\/p>\n<p style=\"text-align: justify;\">\n<p style=\"text-align: justify;\"><strong>CONSIDERANDO\u00a0<\/strong>ser o C\u00f3digo de Normas a principal ferramenta de que disp\u00f5e a Corregedoria Geral da Justi\u00e7a para uniformizar a orienta\u00e7\u00e3o administrativa do foro judicial em todo o Estado, sendo imperioso e necess\u00e1rio o constante aprimoramento das diversas disposi\u00e7\u00f5es nele contidas;<\/p>\n<p style=\"text-align: justify;\">\n<p style=\"text-align: justify;\"><strong>CONSIDERANDO\u00a0<\/strong>a necessidade de regulamenta\u00e7\u00e3o da proposta de acordo de n\u00e3o persecu\u00e7\u00e3o penal pelo Minist\u00e9rio P\u00fablico prevista no\u00a0art. 28-A, introduzido no C\u00f3digo de Processo Penal pela Lei n\u00ba 13.964\/2019;<\/p>\n<p style=\"text-align: justify;\">\n<p style=\"text-align: justify;\"><strong>RESOLVE:<\/strong><\/p>\n<p style=\"text-align: justify;\">\n<p style=\"text-align: justify;\"><strong>Art. 1\u00ba.<\/strong>\u00a0Acrescer o inciso VII, ao artigo 259, no Tomo I (Judicial), do Novo C\u00f3digo de Normas da Corregedoria Geral do Estado do Esp\u00edrito Santo, o qual ter\u00e1 a seguinte reda\u00e7\u00e3o:<\/p>\n<p style=\"text-align: justify;\">\n<p style=\"text-align: justify;\"><strong>VII.\u00a0proposto o acordo de n\u00e3o persecu\u00e7\u00e3o penal pelo Minist\u00e9rio P\u00fablico<\/strong><\/p>\n<p style=\"text-align: justify;\">\n<p style=\"text-align: justify;\"><strong>Art. 2\u00ba.\u00a0<\/strong>Este provimento entra em vigor na data da publica\u00e7\u00e3o, revogando-se as disposi\u00e7\u00f5es em contr\u00e1rio.<\/p>\n<p style=\"text-align: justify;\">\n<p style=\"text-align: justify;\"><strong>PUBLIQUE-SE. REGISTRE-SE. CUMPRA-SE.<\/strong><\/p>\n<p style=\"text-align: justify;\">\n<p style=\"text-align: justify;\">Vit\u00f3ria\/ES, 22 de outubro de 2020.<\/p>\n<p>&nbsp;<\/p>\n<p style=\"text-align: center;\"><strong>Desembargador NEY BATISTA COUTINHO<\/strong><\/p>\n<p style=\"text-align: center;\"><strong>Corregedor Geral da Justi\u00e7a<\/strong><\/p>\n","protected":false},"excerpt":{"rendered":"<p>PROVIMENTO N.\u00ba\u00a031\/2020 &nbsp; Acresce\u00a0o inciso VII, ao artigo 259, no Tomo I (Judicial), do Novo C\u00f3digo de Normas da Corregedoria Geral da Justi\u00e7a do Estado do Esp\u00edrito Santo. O Excelent\u00edssimo Senhor Desembargador\u00a0NEY BATISTA COUTINHO, Corregedor Geral da Justi\u00e7a do Estado do Esp\u00edrito Santo, no uso de suas atribui\u00e7\u00f5es legais e, CONSIDERANDO\u00a0que a Corregedoria Geral da [&hellip;]<\/p>\n","protected":false},"author":12,"featured_media":0,"comment_status":"closed","ping_status":"closed","sticky":false,"template":"","format":"standard","meta":{"footnotes":""},"categories":[14,16],"tags":[],"_links":{"self":[{"href":"https:\/\/www.tjes.jus.br\/corregedoria\/wp-json\/wp\/v2\/posts\/30740"}],"collection":[{"href":"https:\/\/www.tjes.jus.br\/corregedoria\/wp-json\/wp\/v2\/posts"}],"about":[{"href":"https:\/\/www.tjes.jus.br\/corregedoria\/wp-json\/wp\/v2\/types\/post"}],"author":[{"embeddable":true,"href":"https:\/\/www.tjes.jus.br\/corregedoria\/wp-json\/wp\/v2\/users\/12"}],"replies":[{"embeddable":true,"href":"https:\/\/www.tjes.jus.br\/corregedoria\/wp-json\/wp\/v2\/comments?post=30740"}],"version-history":[{"count":1,"href":"https:\/\/www.tjes.jus.br\/corregedoria\/wp-json\/wp\/v2\/posts\/30740\/revisions"}],"predecessor-version":[{"id":30741,"href":"https:\/\/www.tjes.jus.br\/corregedoria\/wp-json\/wp\/v2\/posts\/30740\/revisions\/30741"}],"wp:attachment":[{"href":"https:\/\/www.tjes.jus.br\/corregedoria\/wp-json\/wp\/v2\/media?parent=30740"}],"wp:term":[{"taxonomy":"category","embeddable":true,"href":"https:\/\/www.tjes.jus.br\/corregedoria\/wp-json\/wp\/v2\/categories?post=30740"},{"taxonomy":"post_tag","embeddable":true,"href":"https:\/\/www.tjes.jus.br\/corregedoria\/wp-json\/wp\/v2\/tags?post=30740"}],"curies":[{"name":"wp","href":"https:\/\/api.w.org\/{rel}","templated":true}]}}