{"id":30743,"date":"2020-10-26T13:39:03","date_gmt":"2020-10-26T16:39:03","guid":{"rendered":"https:\/\/www.tjes.jus.br\/corregedoria\/?p=30743"},"modified":"2020-10-26T16:12:41","modified_gmt":"2020-10-26T19:12:41","slug":"portaria-no-017-2020-disp-26-10-2020","status":"publish","type":"post","link":"https:\/\/www.tjes.jus.br\/corregedoria\/2020\/10\/26\/portaria-no-017-2020-disp-26-10-2020\/","title":{"rendered":"PORTARIA N\u00ba 017\/2020 \u2013 DISP. 26\/10\/2020"},"content":{"rendered":"<p align=\"center\"><strong>PORTARIA CGJES N.\u00ba 017\/2020<\/strong><\/p>\n<p align=\"center\"><strong>\u00a0<\/strong><\/p>\n<p align=\"center\"><strong>\u00a0<\/strong><\/p>\n<p style=\"text-align: justify;\"><strong>CONSIDERANDO\u00a0<\/strong>a necessidade de contribuir com a execu\u00e7\u00e3o das atividades do N\u00facleo de Monitoramento do Perfil de Demandas &#8211; NUMOPEDE;<\/p>\n<p style=\"text-align: justify;\"><strong>CONSIDERANDO<\/strong>\u00a0os termos do art. 2\u00ba, \u00a7 2\u00ba, do Provimento n\u00ba 2\/2020 desta Corregedoria Geral da Justi\u00e7a;<\/p>\n<p style=\"text-align: justify;\"><strong>RESOLVE:<\/strong><\/p>\n<p style=\"text-align: justify;\"><strong>\u00a0<\/strong><\/p>\n<p style=\"text-align: justify;\"><strong>ALTERAR<\/strong>\u00a0a <a href=\"https:\/\/www.tjes.jus.br\/corregedoria\/2020\/09\/01\/portaria-no-010-2020-disp-01-09-2020\/\">Portaria n\u00ba 10\/2020<\/a> no tocante \u00e0 composi\u00e7\u00e3o do N\u00facleo de Monitoramento do Perfil de Demandas &#8211; NUMOPEDE, para incluir como membro o magistrado Salom\u00e3o Akhnaton Zoroastro Spencer Elesbon.<\/p>\n<p style=\"text-align: justify;\"><strong>Publique-se.<\/strong><\/p>\n<p align=\"center\">Vit\u00f3ria\/ES, 23 de outubro de 2020.<\/p>\n<p align=\"center\"><strong>DES. NEY BATISTA COUTINHO<\/strong><\/p>\n<p align=\"center\"><strong>Corregedor Geral da Justi\u00e7a<\/strong><\/p>\n","protected":false},"excerpt":{"rendered":"<p>PORTARIA CGJES N.\u00ba 017\/2020 \u00a0 \u00a0 CONSIDERANDO\u00a0a necessidade de contribuir com a execu\u00e7\u00e3o das atividades do N\u00facleo de Monitoramento do Perfil de Demandas &#8211; NUMOPEDE; CONSIDERANDO\u00a0os termos do art. 2\u00ba, \u00a7 2\u00ba, do Provimento n\u00ba 2\/2020 desta Corregedoria Geral da Justi\u00e7a; RESOLVE: \u00a0 ALTERAR\u00a0a Portaria n\u00ba 10\/2020 no tocante \u00e0 composi\u00e7\u00e3o do N\u00facleo de Monitoramento [&hellip;]<\/p>\n","protected":false},"author":12,"featured_media":0,"comment_status":"closed","ping_status":"closed","sticky":false,"template":"","format":"standard","meta":{"footnotes":""},"categories":[14,6],"tags":[],"_links":{"self":[{"href":"https:\/\/www.tjes.jus.br\/corregedoria\/wp-json\/wp\/v2\/posts\/30743"}],"collection":[{"href":"https:\/\/www.tjes.jus.br\/corregedoria\/wp-json\/wp\/v2\/posts"}],"about":[{"href":"https:\/\/www.tjes.jus.br\/corregedoria\/wp-json\/wp\/v2\/types\/post"}],"author":[{"embeddable":true,"href":"https:\/\/www.tjes.jus.br\/corregedoria\/wp-json\/wp\/v2\/users\/12"}],"replies":[{"embeddable":true,"href":"https:\/\/www.tjes.jus.br\/corregedoria\/wp-json\/wp\/v2\/comments?post=30743"}],"version-history":[{"count":2,"href":"https:\/\/www.tjes.jus.br\/corregedoria\/wp-json\/wp\/v2\/posts\/30743\/revisions"}],"predecessor-version":[{"id":30751,"href":"https:\/\/www.tjes.jus.br\/corregedoria\/wp-json\/wp\/v2\/posts\/30743\/revisions\/30751"}],"wp:attachment":[{"href":"https:\/\/www.tjes.jus.br\/corregedoria\/wp-json\/wp\/v2\/media?parent=30743"}],"wp:term":[{"taxonomy":"category","embeddable":true,"href":"https:\/\/www.tjes.jus.br\/corregedoria\/wp-json\/wp\/v2\/categories?post=30743"},{"taxonomy":"post_tag","embeddable":true,"href":"https:\/\/www.tjes.jus.br\/corregedoria\/wp-json\/wp\/v2\/tags?post=30743"}],"curies":[{"name":"wp","href":"https:\/\/api.w.org\/{rel}","templated":true}]}}