{"id":3082,"date":"2016-06-27T16:49:36","date_gmt":"2016-06-27T19:49:36","guid":{"rendered":"https:\/\/www.tjes.jus.br\/corregedoria\/?p=3082"},"modified":"2017-07-05T15:15:42","modified_gmt":"2017-07-05T18:15:42","slug":"ato-normativo-no-0462013-disp-25042013-alterado","status":"publish","type":"post","link":"https:\/\/www.tjes.jus.br\/corregedoria\/2016\/06\/27\/ato-normativo-no-0462013-disp-25042013-alterado\/","title":{"rendered":"ATO NORMATIVO N\u00ba 046\/2013 &#8211; DISP. 25\/04\/2013 &#8211; ALTERADO &#8211; REVOGADO"},"content":{"rendered":"<p style=\"text-align: center;\"><del><strong>ESTADO DO ESP\u00cdRI TO SANTO<\/strong><\/del><\/p>\n<p style=\"text-align: center;\"><del><strong>PODER JUDICI\u00c1RIO<\/strong><\/del><\/p>\n<p style=\"text-align: center;\"><del><strong>TRIBUNAL DE JUSTI\u00c7A<\/strong><\/del><\/p>\n<p style=\"text-align: center;\"><del><strong>ATO NORMATIVO N\u00ba 46\/2013<\/strong><\/del><\/p>\n<p style=\"text-align: justify;\"><del><em>Autoriza a instala\u00e7\u00e3o do Centro Judici\u00e1rio de Solu\u00e7\u00e3o de Conflitos e Cidadania de Vila Velha\/ES, nos termos da Resolu\u00e7\u00e3o TJES 17\/2013, publicada no DJ do dia 15\/04\/2013.<\/em><\/del><\/p>\n<p style=\"text-align: justify;\"><del>O Excelent\u00edssimo Desembargador PEDRO VALLS FEU ROSA, Presidente do Egr\u00e9gio Tribunal de Justi\u00e7a do Estado do Esp\u00edrito Santo, no uso de suas atribui\u00e7\u00f5es legais e,<\/del><\/p>\n<p style=\"text-align: justify;\"><del><strong>CONSIDERANDO<\/strong> os termos das <a href=\"https:\/\/www.tjes.jus.br\/corregedoria\/index.php\/2016\/09\/14\/resolucao-cnj-no-125-de-29112010\/\" target=\"_blank\" rel=\"noopener noreferrer\">Resolu\u00e7\u00f5es 125, do CNJ<\/a> e <a href=\"https:\/\/www.tjes.jus.br\/corregedoria\/index.php\/2016\/07\/06\/resolucao-no-0172013-disp-13042013\/\" target=\"_blank\" rel=\"noopener noreferrer\">17\/2013 do TJES<\/a>;<\/del><\/p>\n<p style=\"text-align: justify;\"><del><strong>CONSIDERANDO<\/strong>, a necessidade constante de implementar melhorias na presta\u00e7\u00e3o jurisdicional, visando sua melhor efici\u00eancia;<\/del><\/p>\n<p style=\"text-align: justify;\"><del><strong>RESOLVE<\/strong>:<\/del><\/p>\n<p style=\"text-align: justify;\"><del><strong>Art. 1\u00ba <\/strong>&#8211; Autorizar a instala\u00e7\u00e3o do Centro Judici\u00e1rio de Solu\u00e7\u00e3o de Conflitos e Cidadania de Vila Velha\/ES, cujas atribui\u00e7\u00f5es ser\u00e3o as previstas no artigo 1\u00ba da Resolu\u00e7\u00e3o TJES 17\/2013, em rela\u00e7\u00e3o \u00e0s demandas que tramitam na Comarca da Capital.<\/del><\/p>\n<p style=\"text-align: justify;\"><del>Par\u00e1grafo \u00fanico &#8211; O Centro funcionar\u00e1 nas depend\u00eancias do antigo F\u00f3rum de Vila Velha (F\u00f3rum da Prainha), sito \u00e0 Pra\u00e7a Almirante Tamandar\u00e9, Prainha, Vila Velha &#8211; ES.<\/del><\/p>\n<p style=\"text-align: justify;\"><del><strong>Art. 2\u00ba <\/strong>&#8211; Designar a Excelent\u00edssima Sr\u00aa Ju\u00edza de Direito TR\u00cdCIA NAVARRO XAVIER, para exercer a coordena\u00e7\u00e3o do referido Centro Judici\u00e1rio, sem preju\u00edzo de suas designa\u00e7\u00f5es.<\/del><\/p>\n<p style=\"text-align: justify;\"><del><strong>Art. 3\u00ba <\/strong>&#8211; Designar as Analistas Judici\u00e1rias VALERIA MARIA BERMUDES GAVAZZONI, mat. 204881-17, e LORENA ROSSONI NOGUEIRA, mat. 209897-86, para atuar no referido Centro, sem preju\u00edzo de suas atuais atribui\u00e7\u00f5es.<\/del><\/p>\n<p style=\"text-align: justify;\"><del><strong>Art. 3\u00ba <\/strong>&#8211; Designar as Analistas Judici\u00e1rias VALERIA MARIA BERMUDES GAVAZZONI, mat. 204881-17, e ANA RITA MELLO GOMES MAROCHIO, para atuar no referido Centro, sem preju\u00edzo de suas atuais atribui\u00e7\u00f5es. <strong>(Alterado pelo <a href=\"https:\/\/www.tjes.jus.br\/corregedoria\/index.php\/2016\/06\/09\/ato-normativo-no-2632014-disp-16122014\/\" target=\"_blank\" rel=\"noopener noreferrer\">Ato Normativo n\u00ba 263\/2014<\/a>, disponibilizado em 16\/12\/2014)<\/strong><\/del><\/p>\n<p style=\"text-align: justify;\"><del><strong>Art. 4\u00ba <\/strong>&#8211; Este ato normativo entra em vigor na data de sua publica\u00e7\u00e3o.<\/del><\/p>\n<p style=\"text-align: justify;\"><del>Vit\u00f3ria, 23 de abril de 2013.<\/del><\/p>\n<p style=\"text-align: center;\"><del><strong>Desembargador PEDRO VALLS FEU ROSA<br \/>\nPresidente<\/strong><\/del><\/p>\n<h2 style=\"text-align: center;\"><del><span style=\"color: #ff0000;\">COMPOSI\u00c7\u00c3O ALTERADA PELO <a href=\"https:\/\/www.tjes.jus.br\/corregedoria\/index.php\/2016\/06\/09\/ato-normativo-no-2632014-disp-16122014\/\" target=\"_blank\" rel=\"noopener noreferrer\">ATO NORMATIVO 263\/14<\/a> &#8211; DISP. 16\/12\/2014<\/span><\/del><\/h2>\n<h2 style=\"text-align: center;\"><span style=\"color: #ff0000;\">REVOGADO PELO\u00a0<a href=\"https:\/\/www.tjes.jus.br\/corregedoria\/index.php\/2016\/06\/09\/ato-normativo-n-0042015-disp-14012015-alterado\/\" target=\"_blank\" rel=\"noopener noreferrer\">ATO NORMATIVO N\u00ba 004\/2015<\/a> &#8211; DISP. 14\/01\/2015<\/span><\/h2>\n","protected":false},"excerpt":{"rendered":"<p>ESTADO DO ESP\u00cdRI TO SANTO PODER JUDICI\u00c1RIO TRIBUNAL DE JUSTI\u00c7A ATO NORMATIVO N\u00ba 46\/2013 Autoriza a instala\u00e7\u00e3o do Centro Judici\u00e1rio de Solu\u00e7\u00e3o de Conflitos e Cidadania de Vila Velha\/ES, nos termos da Resolu\u00e7\u00e3o TJES 17\/2013, publicada no DJ do dia 15\/04\/2013. O Excelent\u00edssimo Desembargador PEDRO VALLS FEU ROSA, Presidente do Egr\u00e9gio Tribunal de Justi\u00e7a do [&hellip;]<\/p>\n","protected":false},"author":1,"featured_media":0,"comment_status":"open","ping_status":"open","sticky":false,"template":"","format":"standard","meta":{"footnotes":""},"categories":[4,14],"tags":[],"_links":{"self":[{"href":"https:\/\/www.tjes.jus.br\/corregedoria\/wp-json\/wp\/v2\/posts\/3082"}],"collection":[{"href":"https:\/\/www.tjes.jus.br\/corregedoria\/wp-json\/wp\/v2\/posts"}],"about":[{"href":"https:\/\/www.tjes.jus.br\/corregedoria\/wp-json\/wp\/v2\/types\/post"}],"author":[{"embeddable":true,"href":"https:\/\/www.tjes.jus.br\/corregedoria\/wp-json\/wp\/v2\/users\/1"}],"replies":[{"embeddable":true,"href":"https:\/\/www.tjes.jus.br\/corregedoria\/wp-json\/wp\/v2\/comments?post=3082"}],"version-history":[{"count":5,"href":"https:\/\/www.tjes.jus.br\/corregedoria\/wp-json\/wp\/v2\/posts\/3082\/revisions"}],"predecessor-version":[{"id":16484,"href":"https:\/\/www.tjes.jus.br\/corregedoria\/wp-json\/wp\/v2\/posts\/3082\/revisions\/16484"}],"wp:attachment":[{"href":"https:\/\/www.tjes.jus.br\/corregedoria\/wp-json\/wp\/v2\/media?parent=3082"}],"wp:term":[{"taxonomy":"category","embeddable":true,"href":"https:\/\/www.tjes.jus.br\/corregedoria\/wp-json\/wp\/v2\/categories?post=3082"},{"taxonomy":"post_tag","embeddable":true,"href":"https:\/\/www.tjes.jus.br\/corregedoria\/wp-json\/wp\/v2\/tags?post=3082"}],"curies":[{"name":"wp","href":"https:\/\/api.w.org\/{rel}","templated":true}]}}