{"id":30925,"date":"2020-12-18T13:37:34","date_gmt":"2020-12-18T15:37:34","guid":{"rendered":"https:\/\/www.tjes.jus.br\/corregedoria\/?p=30925"},"modified":"2020-12-18T13:37:34","modified_gmt":"2020-12-18T15:37:34","slug":"ato-no-09-2020-disp-18-12-2020","status":"publish","type":"post","link":"https:\/\/www.tjes.jus.br\/corregedoria\/2020\/12\/18\/ato-no-09-2020-disp-18-12-2020\/","title":{"rendered":"ATO N\u00ba 09\/2020 \u2013 DISP. 18\/12\/2020"},"content":{"rendered":"<p style=\"text-align: center;\"><strong>ESTADO DO ESP\u00cdRITO SANTO<\/strong><\/p>\n<p style=\"text-align: center;\"><strong>PODER JUDICI\u00c1RIO<\/strong><\/p>\n<p style=\"text-align: center;\"><strong>CORREGEDORIA GERAL DA JUSTI\u00c7<\/strong><strong>A<\/strong><\/p>\n<p style=\"text-align: center;\">\n<p style=\"text-align: center;\"><strong>ATO N\u00ba 09\/2020<\/strong><\/p>\n<p>&nbsp;<\/p>\n<p style=\"text-align: justify;\"><strong>O EXCELENT\u00cdSSIMO SENHOR DESEMBARGADOR NEY BATISTA COUTINHO, CORREGEDOR-GERAL DA JUSTI\u00c7A DO ESTADO DO ESP\u00cdRITO SANTO, NO USO DE SUAS ATRIBUI\u00c7\u00d5ES LEGAIS,<\/strong><\/p>\n<p style=\"text-align: justify;\">\n<p style=\"text-align: justify;\"><strong>CONSIDERANDO\u00a0<\/strong>que a Lei Estadual n\u00b0 6.670, de 16 de maio de 2001, criou o Fundo de Apoio ao Registro Civil das Pessoas Naturais do Estado do Esp\u00edrito Santo \u2013 FARPEN, com a finalidade de atender as determina\u00e7\u00f5es do art. 8\u00b0 da Lei Federal n\u00b0 10.169, de 20 de dezembro de 2.000;<\/p>\n<p style=\"text-align: justify;\">\n<p style=\"text-align: justify;\"><strong>CONSIDERANDO\u00a0<\/strong>que o art. 5\u00b0 da Lei n\u00b0 6.670, de 16 maio de 2001, instituiu a contribui\u00e7\u00e3o de custeio dos atos gratuitos praticados pelos registradores civis das pessoas naturais;<\/p>\n<p style=\"text-align: justify;\">\n<p style=\"text-align: justify;\"><strong>CONSIDERANDO\u00a0<\/strong>que o art. 6\u00b0, \u00a7 2\u00b0, da Lei n\u00b0 6.670\/2001 determina que a taxa de compensa\u00e7\u00e3o ser\u00e1 reajustada pela varia\u00e7\u00e3o do VRTE;<\/p>\n<p style=\"text-align: justify;\">\n<p style=\"text-align: justify;\"><strong>CONSIDERANDO<\/strong>\u00a0que a Lei Estadual n\u00ba 8.620\/2007 modificou o inciso II do artigo 5\u00ba da Lei n\u00ba 6.670\/2001, inserindo a al\u00ednea \u201cd\u201d, que estabelece para intima\u00e7\u00e3o e notifica\u00e7\u00e3o, recebidas por meio eletr\u00f4nico ou magn\u00e9tico, a metade do valor cobrado pelo Registro Sem Valor Declarado;<\/p>\n<p style=\"text-align: justify;\">\n<p style=\"text-align: justify;\"><strong>CONSIDERANDO\u00a0<\/strong>que o artigo 1\u00ba do decreto n\u00ba 4772-r, publicado no di\u00e1rio oficial de 08 de dezembro de 2020, fixou o valor da vrte a vigorar no exerc\u00edcio de 2021 em R$3,6459 (tr\u00eas reais e seis mil quatrocentos e cinquenta e nove d\u00e9cimos de mil\u00e9simos).<\/p>\n<p style=\"text-align: justify;\">\n<p style=\"text-align: justify;\"><strong>R E S O L V E:<\/strong><\/p>\n<p style=\"text-align: justify;\">\n<p style=\"text-align: justify;\">1\u00b0 \u2013 Publicar a tabela de valores da contribui\u00e7\u00e3o ao custeio dos atos gratuitos praticados pelos registradores civis das pessoas naturais do Estado do Esp\u00edrito Santo a vigorar no exerc\u00edcio de\u00a0<strong>2021<\/strong>.<\/p>\n<p>&nbsp;<\/p>\n<p>I \u2013 NOS ATOS LAN\u00c7ADOS NOS TABELIONATOS DE NOTAS E PROTESTOS:<\/p>\n<table border=\"1\" cellspacing=\"0\" cellpadding=\"0\">\n<tbody>\n<tr>\n<td>\n<p align=\"center\">Item<\/p>\n<\/td>\n<td>\n<p align=\"center\">Tipo de Ato<\/p>\n<\/td>\n<td>\n<p align=\"center\">Valor<\/p>\n<\/td>\n<\/tr>\n<tr>\n<td>a)<\/td>\n<td>Escritura com Valor Declarado<\/td>\n<td>\n<p align=\"center\">R$ 46,73<\/p>\n<\/td>\n<\/tr>\n<tr>\n<td>b)<\/td>\n<td>Escritura sem Valor Declarado<\/td>\n<td>\n<p align=\"center\">R$ 15,74<\/p>\n<\/td>\n<\/tr>\n<tr>\n<td>c)<\/td>\n<td>Procura\u00e7\u00f5es<\/td>\n<td>\n<p align=\"center\">R$ 6,30<\/p>\n<\/td>\n<\/tr>\n<tr>\n<td>d)<\/td>\n<td>Protestos<\/td>\n<td>\n<p align=\"center\">R$ 6,30<\/p>\n<\/td>\n<\/tr>\n<\/tbody>\n<\/table>\n<p>&nbsp;<\/p>\n<p>II \u2013 NOS ATOS LAN\u00c7ADOS EM LIVROS DE REGISTROS P\u00daBLICOS:<\/p>\n<p>&nbsp;<\/p>\n<table border=\"1\" cellspacing=\"0\" cellpadding=\"0\">\n<tbody>\n<tr>\n<td>\n<p align=\"center\">Item<\/p>\n<\/td>\n<td>\n<p align=\"center\">Tipo de Ato<\/p>\n<\/td>\n<td>\n<p align=\"center\">Valor<\/p>\n<\/td>\n<\/tr>\n<tr>\n<td>a)<\/td>\n<td>Registro com Valor Declarado<\/td>\n<td>\n<p align=\"center\">R$ 31,55<\/p>\n<\/td>\n<\/tr>\n<tr>\n<td>b)<\/td>\n<td>Registro sem Valor Declarado<\/td>\n<td>\n<p align=\"center\">R$ 12,58<\/p>\n<\/td>\n<\/tr>\n<tr>\n<td>c)<\/td>\n<td>Averba\u00e7\u00f5es<\/td>\n<td>\n<p align=\"center\">R$ 9,46<\/p>\n<\/td>\n<\/tr>\n<tr>\n<td>d)<\/td>\n<td>\n<p style=\"text-align: justify;\">Para intima\u00e7\u00e3o e notifica\u00e7\u00e3o, recebidas por meio eletr\u00f4nico ou magn\u00e9tico, inclu\u00eddas as averba\u00e7\u00f5es \u00e0 margem do registro e a certid\u00e3o lan\u00e7ada nos documentos: metade do valor cobrado na al\u00ednea \u201cb\u201d deste inciso.<\/p>\n<\/td>\n<td><\/td>\n<\/tr>\n<\/tbody>\n<\/table>\n<p>&nbsp;<\/p>\n<p>2\u00b0 \u2013 Este Ato entra em vigor na data de sua publica\u00e7\u00e3o, produzindo efeitos financeiros a partir do dia\u00a0<strong>1\u00b0 de janeiro de 2021<\/strong>.<\/p>\n<p>&nbsp;<\/p>\n<p>3\u00b0 \u2013 Revogam-se as disposi\u00e7\u00f5es em contr\u00e1rio.<\/p>\n<p>&nbsp;<\/p>\n<p>REGISTRA-SE.<\/p>\n<p>&nbsp;<\/p>\n<p>PUBLIQUE-SE.<\/p>\n<p>&nbsp;<\/p>\n<p>CUMPRA-SE.<\/p>\n<p>&nbsp;<\/p>\n<p>Vit\u00f3ria-ES,\u00a015 de\u00a0dezembro de\u00a02020.<\/p>\n<p>&nbsp;<\/p>\n<p style=\"text-align: center;\"><strong>NEY BATISTA COUTINHO<\/strong><\/p>\n<p style=\"text-align: center;\"><strong>Corregedor-Geral da Justi\u00e7a<\/strong><\/p>\n","protected":false},"excerpt":{"rendered":"<p>ESTADO DO ESP\u00cdRITO SANTO PODER JUDICI\u00c1RIO CORREGEDORIA GERAL DA JUSTI\u00c7A ATO N\u00ba 09\/2020 &nbsp; O EXCELENT\u00cdSSIMO SENHOR DESEMBARGADOR NEY BATISTA COUTINHO, CORREGEDOR-GERAL DA JUSTI\u00c7A DO ESTADO DO ESP\u00cdRITO SANTO, NO USO DE SUAS ATRIBUI\u00c7\u00d5ES LEGAIS, CONSIDERANDO\u00a0que a Lei Estadual n\u00b0 6.670, de 16 de maio de 2001, criou o Fundo de Apoio ao Registro Civil [&hellip;]<\/p>\n","protected":false},"author":8,"featured_media":0,"comment_status":"closed","ping_status":"closed","sticky":false,"template":"","format":"standard","meta":{"footnotes":""},"categories":[18,14],"tags":[],"_links":{"self":[{"href":"https:\/\/www.tjes.jus.br\/corregedoria\/wp-json\/wp\/v2\/posts\/30925"}],"collection":[{"href":"https:\/\/www.tjes.jus.br\/corregedoria\/wp-json\/wp\/v2\/posts"}],"about":[{"href":"https:\/\/www.tjes.jus.br\/corregedoria\/wp-json\/wp\/v2\/types\/post"}],"author":[{"embeddable":true,"href":"https:\/\/www.tjes.jus.br\/corregedoria\/wp-json\/wp\/v2\/users\/8"}],"replies":[{"embeddable":true,"href":"https:\/\/www.tjes.jus.br\/corregedoria\/wp-json\/wp\/v2\/comments?post=30925"}],"version-history":[{"count":1,"href":"https:\/\/www.tjes.jus.br\/corregedoria\/wp-json\/wp\/v2\/posts\/30925\/revisions"}],"predecessor-version":[{"id":30926,"href":"https:\/\/www.tjes.jus.br\/corregedoria\/wp-json\/wp\/v2\/posts\/30925\/revisions\/30926"}],"wp:attachment":[{"href":"https:\/\/www.tjes.jus.br\/corregedoria\/wp-json\/wp\/v2\/media?parent=30925"}],"wp:term":[{"taxonomy":"category","embeddable":true,"href":"https:\/\/www.tjes.jus.br\/corregedoria\/wp-json\/wp\/v2\/categories?post=30925"},{"taxonomy":"post_tag","embeddable":true,"href":"https:\/\/www.tjes.jus.br\/corregedoria\/wp-json\/wp\/v2\/tags?post=30925"}],"curies":[{"name":"wp","href":"https:\/\/api.w.org\/{rel}","templated":true}]}}