{"id":31229,"date":"2021-03-10T14:07:38","date_gmt":"2021-03-10T17:07:38","guid":{"rendered":"https:\/\/www.tjes.jus.br\/corregedoria\/?p=31229"},"modified":"2021-03-10T14:07:38","modified_gmt":"2021-03-10T17:07:38","slug":"ato-normativo-conjunto-no-003-2021-disp-02-03-2021","status":"publish","type":"post","link":"https:\/\/www.tjes.jus.br\/corregedoria\/2021\/03\/10\/ato-normativo-conjunto-no-003-2021-disp-02-03-2021\/","title":{"rendered":"ATO NORMATIVO CONJUNTO N\u00ba 003\/2021 \u2013 DISP. 02\/03\/2021"},"content":{"rendered":"<p align=\"center\">ESTADO DO ESP\u00cdRITO SANTO<\/p>\n<p align=\"center\">PODER JUDICI\u00c1RIO<\/p>\n<p align=\"center\">\n<p align=\"center\"><strong>A<\/strong><strong>TO NORMATIVO CONJUNTO n\u00b0 003\/20<\/strong><strong>21<\/strong><\/p>\n<p align=\"center\">\n<p align=\"justify\">Altera a composi\u00e7\u00e3o do Grupo de Trabalho para acompanhar o cumprimento das Metas Nacionais do Conselho Nacional de Justi\u00e7a no Bi\u00eanio 2020\/2021, institu\u00eddo pelo Ato Normativo Conjunto n\u00ba. 018\/2020.<\/p>\n<p align=\"justify\">\n<p align=\"justify\"><strong>Os Excelent\u00edssimos Senhores Desembargadores\u00a0<\/strong><strong>RONALDO GON\u00c7ALVES DE SOUSA<\/strong><strong>, Presidente do Egr\u00e9gio Tribunal de Justi\u00e7a do Estado do Esp\u00edrito Santo, e\u00a0<\/strong><strong>NEY BATISTA COUTINHO<\/strong><strong>, Corregedor Geral da Justi\u00e7a, no uso de suas atribui\u00e7\u00f5es legais e regimentais, e<\/strong><\/p>\n<p align=\"justify\">\n<p style=\"text-align: justify;\" align=\"justify\">CONSIDERANDO o Ato n\u00ba. 10\/2021, publicado no Di\u00e1rio da Justi\u00e7a de 19 de Janeiro de 2021, que exonerou, a pedido, Giovana Raggi Abikair do cargo em comiss\u00e3o de Assessora de Juiz, a partir de 18 de Janeiro de 2021;<\/p>\n<p align=\"justify\">\n<p align=\"justify\">CONSIDERANDO o Ato n\u00ba. 11\/2021, publicado no Di\u00e1rio da Justi\u00e7a de 19 de Janeiro de 2021, que nomeou Barbara Mattos Moraes para exercer em comiss\u00e3o o cargo de Assessora de Juiz, a partir daquela data;<\/p>\n<p align=\"justify\">\n<p align=\"justify\">RESOLVEM:<\/p>\n<p align=\"justify\">\n<p align=\"justify\">Art. 1\u00ba \u2013 Alterar a composi\u00e7\u00e3o do artigo 1\u00ba, inciso XI, do <a href=\"https:\/\/www.tjes.jus.br\/corregedoria\/2020\/05\/19\/ato-normativo-conjunto-no-018-2020-disp-19-05-2020\/\">Ato Normativo Conjunto n\u00ba 018\/2020<\/a>, do Egr\u00e9gio Tribunal de Justi\u00e7a do Estado do Esp\u00edrito Santo, o qual fixa os membros do Grupo de Trabalho para acompanhar o cumprimento das Metas Nacionais do Conselho Nacional de Justi\u00e7a no Bi\u00eanio 2020\/2021, para:<\/p>\n<p align=\"justify\">\n<p align=\"justify\"><strong>I \u2013 Excluir\u00a0<\/strong><strong>Giovana Raggi Abikair<\/strong><strong>\u00a0\u2013 Assessor<\/strong><strong>a<\/strong><strong>\u00a0de Juiz;<\/strong><\/p>\n<p align=\"justify\">\n<p align=\"justify\"><strong>II \u2013 Incluir, em substitui\u00e7\u00e3o, Barbara<\/strong><strong>\u00a0Mattos Moraes<\/strong><strong>\u00a0\u2013 Assessor<\/strong><strong>a<\/strong><strong>\u00a0de Juiz.<\/strong><\/p>\n<p align=\"justify\">\n<p align=\"justify\">Art. 2\u00ba \u2013 Este Ato Normativo Conjunto entra em vigor na data de sua publica\u00e7\u00e3o, retroagindo-se seus efeitos \u00e0 data de 19 de Janeiro de 2021, inclusive.<\/p>\n<p align=\"justify\">\n<p align=\"justify\"><strong>Publique-se.<\/strong><\/p>\n<p align=\"justify\">\n<p align=\"justify\">Vit\u00f3ria\/ES, 23 de Fevereiro de 2021.<\/p>\n<p align=\"center\">\n<p align=\"center\">Des. RONALDO GON\u00c7ALVES DE SOUSA<\/p>\n<p align=\"center\">Presidente<\/p>\n<p align=\"center\">\n<p align=\"center\">Des. NEY BATISTA COUTINHO<\/p>\n<p align=\"center\"><strong>Corregedor-Geral da Justi\u00e7a<\/strong><\/p>\n","protected":false},"excerpt":{"rendered":"<p>ESTADO DO ESP\u00cdRITO SANTO PODER JUDICI\u00c1RIO ATO NORMATIVO CONJUNTO n\u00b0 003\/2021 Altera a composi\u00e7\u00e3o do Grupo de Trabalho para acompanhar o cumprimento das Metas Nacionais do Conselho Nacional de Justi\u00e7a no Bi\u00eanio 2020\/2021, institu\u00eddo pelo Ato Normativo Conjunto n\u00ba. 018\/2020. Os Excelent\u00edssimos Senhores Desembargadores\u00a0RONALDO GON\u00c7ALVES DE SOUSA, Presidente do Egr\u00e9gio Tribunal de Justi\u00e7a do Estado [&hellip;]<\/p>\n","protected":false},"author":15,"featured_media":0,"comment_status":"closed","ping_status":"closed","sticky":false,"template":"","format":"standard","meta":{"footnotes":""},"categories":[4,14],"tags":[],"_links":{"self":[{"href":"https:\/\/www.tjes.jus.br\/corregedoria\/wp-json\/wp\/v2\/posts\/31229"}],"collection":[{"href":"https:\/\/www.tjes.jus.br\/corregedoria\/wp-json\/wp\/v2\/posts"}],"about":[{"href":"https:\/\/www.tjes.jus.br\/corregedoria\/wp-json\/wp\/v2\/types\/post"}],"author":[{"embeddable":true,"href":"https:\/\/www.tjes.jus.br\/corregedoria\/wp-json\/wp\/v2\/users\/15"}],"replies":[{"embeddable":true,"href":"https:\/\/www.tjes.jus.br\/corregedoria\/wp-json\/wp\/v2\/comments?post=31229"}],"version-history":[{"count":1,"href":"https:\/\/www.tjes.jus.br\/corregedoria\/wp-json\/wp\/v2\/posts\/31229\/revisions"}],"predecessor-version":[{"id":31230,"href":"https:\/\/www.tjes.jus.br\/corregedoria\/wp-json\/wp\/v2\/posts\/31229\/revisions\/31230"}],"wp:attachment":[{"href":"https:\/\/www.tjes.jus.br\/corregedoria\/wp-json\/wp\/v2\/media?parent=31229"}],"wp:term":[{"taxonomy":"category","embeddable":true,"href":"https:\/\/www.tjes.jus.br\/corregedoria\/wp-json\/wp\/v2\/categories?post=31229"},{"taxonomy":"post_tag","embeddable":true,"href":"https:\/\/www.tjes.jus.br\/corregedoria\/wp-json\/wp\/v2\/tags?post=31229"}],"curies":[{"name":"wp","href":"https:\/\/api.w.org\/{rel}","templated":true}]}}