{"id":31233,"date":"2021-03-10T14:18:24","date_gmt":"2021-03-10T17:18:24","guid":{"rendered":"https:\/\/www.tjes.jus.br\/corregedoria\/?p=31233"},"modified":"2021-03-10T14:18:24","modified_gmt":"2021-03-10T17:18:24","slug":"ato-normativo-no-012-2021-disp-02-03-2021","status":"publish","type":"post","link":"https:\/\/www.tjes.jus.br\/corregedoria\/2021\/03\/10\/ato-normativo-no-012-2021-disp-02-03-2021\/","title":{"rendered":"ATO NORMATIVO N\u00ba 012\/2021 \u2013 DISP. 02\/03\/2021"},"content":{"rendered":"<div class=\"override-text\" align=\"center\">\n<p>PODER JUDICI\u00c1RIO DO ESTADO DO ESP\u00cdRITO SANTO &#8211; PJES<\/p>\n<p>RUA DESEMBARGADOR HOMERO MAFRA,60 &#8211; Bairro ENSEADA DO SU\u00c1 &#8211; CEP 29050906 &#8211; Vit\u00f3ria &#8211; ES &#8211; www.tjes.jus.br<\/p>\n<\/div>\n<p>&nbsp;<\/p>\n<p style=\"text-align: center;\"><strong>ATO NORMATIVO N\u00ba 012\/2021<\/strong><\/p>\n<p>&nbsp;<\/p>\n<p style=\"text-align: justify;\">Convoca os magistrados, em exerc\u00edcio, no Poder Judici\u00e1rio do Estado do Esp\u00edrito Santo para informar eventual atividade docente exercida.<\/p>\n<p>&nbsp;<\/p>\n<p style=\"text-align: justify;\">Considerando a Resolu\u00e7\u00e3o n\u00ba\u00a0102\/2009, do Conselho Nacional de Justi\u00e7a, que disp\u00f5e sobre a regulamenta\u00e7\u00e3o da publica\u00e7\u00e3o de informa\u00e7\u00f5es alusivas a\u00a0 gest\u00e3o or\u00e7ament\u00e1ria e financeira, quadros de pessoal e respectivas estruturas remunerat\u00f3rias dos tribunais e conselhos;<\/p>\n<p>&nbsp;<\/p>\n<p style=\"text-align: justify;\">Considerando a Resolu\u00e7\u00e3o n\u00ba\u00a0215\/15, do Conselho Nacional de Justi\u00e7a, que disp\u00f5e, no \u00e2mbito do Poder Judici\u00e1rio sobre o acesso \u00e0 informa\u00e7\u00e3o e a aplica\u00e7\u00e3o da Lei n. 12.527\/11;<\/p>\n<p>&nbsp;<\/p>\n<p>Considerando o que disp\u00f5e os artigos 3\u00ba e 5\u00ba \u00a0da Resolu\u00e7\u00e3o n\u00ba\u00a034\/2007, do Conselho Nacional de Justi\u00e7a,\u00a0 alterada pela\u00a0 Resolu\u00e7\u00e3o n\u00ba\u00a0216\/16;<\/p>\n<p>&nbsp;<\/p>\n<p style=\"text-align: justify;\">Considerando a Portaria\u00a0n\u00ba 67\/2020, do Conselho Nacional de Justi\u00e7a &#8211; CNJ, que estabelece os crit\u00e9rios e itens que ser\u00e3o avaliados no \u00a0Ranking de Transpar\u00eancia dos Tribunais para este ano de 2020.<\/p>\n<p>&nbsp;<\/p>\n<p>Considerando o Ato Normativo n\u00ba 72\/2020 que convocou os magistrados em exerc\u00edcio no Poder Judici\u00e1rio do Estado do Esp\u00edrito Santo para informar eventual atividade docente exercida.<\/p>\n<p>&nbsp;<\/p>\n<p style=\"text-align: justify;\">Art. 1\u00ba &#8211;\u00a0Ficam convocados os magistrados, em exerc\u00edcio, no Poder Judici\u00e1rio do Estado do Esp\u00edrito Santo\u00a0para que atualizem \u00a0as informa\u00e7\u00f5es acerca de eventual atividade docente exercida, com indica\u00e7\u00e3o da institui\u00e7\u00e3o de ensino, hor\u00e1rio e disciplinas ministradas.<\/p>\n<p style=\"text-align: justify;\">\n<p style=\"text-align: justify;\">Art. 2\u00ba\u00a0&#8211; As informa\u00e7\u00f5es dever\u00e3o ser encaminhadas \u00a0atrav\u00e9s do processo SEI n\u00ba\u00a0 \u00a07000824-06.2021.8.08.0000 , devidamente autuado\u00a0para esse fim.<\/p>\n<p style=\"text-align: justify;\">\n<p style=\"text-align: justify;\">Art. 3\u00ba &#8211; A \u00a0Se\u00e7\u00e3o de Registro Funcional de Magistrados da Coordenadoria de Recursos Humanos far\u00e1 o controle, acompanhamento e respectiva disponibiliza\u00e7\u00e3o no Portal Transpar\u00eancia.<\/p>\n<p style=\"text-align: justify;\">\n<p style=\"text-align: justify;\">Art. 4\u00ba &#8211;\u00a0 Este Ato Normativo entra em vigor na data de sua publica\u00e7\u00e3o.<\/p>\n<p style=\"text-align: justify;\">\n<p>Publique-se.<\/p>\n<p>&nbsp;<\/p>\n<p>Vit\u00f3ria\/ES, 26 de fevereiro\u00a0de 2021.<\/p>\n<p>&nbsp;<\/p>\n<p style=\"text-align: center;\"><strong>RONALDO GON\u00c7ALVES DE SOUSA<\/strong><\/p>\n<p style=\"text-align: center;\"><strong>PRESIDENTE<\/strong><\/p>\n","protected":false},"excerpt":{"rendered":"<p>PODER JUDICI\u00c1RIO DO ESTADO DO ESP\u00cdRITO SANTO &#8211; PJES RUA DESEMBARGADOR HOMERO MAFRA,60 &#8211; Bairro ENSEADA DO SU\u00c1 &#8211; CEP 29050906 &#8211; Vit\u00f3ria &#8211; ES &#8211; www.tjes.jus.br &nbsp; ATO NORMATIVO N\u00ba 012\/2021 &nbsp; Convoca os magistrados, em exerc\u00edcio, no Poder Judici\u00e1rio do Estado do Esp\u00edrito Santo para informar eventual atividade docente exercida. &nbsp; Considerando a [&hellip;]<\/p>\n","protected":false},"author":15,"featured_media":0,"comment_status":"closed","ping_status":"closed","sticky":false,"template":"","format":"standard","meta":{"footnotes":""},"categories":[4,14],"tags":[],"_links":{"self":[{"href":"https:\/\/www.tjes.jus.br\/corregedoria\/wp-json\/wp\/v2\/posts\/31233"}],"collection":[{"href":"https:\/\/www.tjes.jus.br\/corregedoria\/wp-json\/wp\/v2\/posts"}],"about":[{"href":"https:\/\/www.tjes.jus.br\/corregedoria\/wp-json\/wp\/v2\/types\/post"}],"author":[{"embeddable":true,"href":"https:\/\/www.tjes.jus.br\/corregedoria\/wp-json\/wp\/v2\/users\/15"}],"replies":[{"embeddable":true,"href":"https:\/\/www.tjes.jus.br\/corregedoria\/wp-json\/wp\/v2\/comments?post=31233"}],"version-history":[{"count":1,"href":"https:\/\/www.tjes.jus.br\/corregedoria\/wp-json\/wp\/v2\/posts\/31233\/revisions"}],"predecessor-version":[{"id":31234,"href":"https:\/\/www.tjes.jus.br\/corregedoria\/wp-json\/wp\/v2\/posts\/31233\/revisions\/31234"}],"wp:attachment":[{"href":"https:\/\/www.tjes.jus.br\/corregedoria\/wp-json\/wp\/v2\/media?parent=31233"}],"wp:term":[{"taxonomy":"category","embeddable":true,"href":"https:\/\/www.tjes.jus.br\/corregedoria\/wp-json\/wp\/v2\/categories?post=31233"},{"taxonomy":"post_tag","embeddable":true,"href":"https:\/\/www.tjes.jus.br\/corregedoria\/wp-json\/wp\/v2\/tags?post=31233"}],"curies":[{"name":"wp","href":"https:\/\/api.w.org\/{rel}","templated":true}]}}