{"id":31236,"date":"2021-03-10T14:22:35","date_gmt":"2021-03-10T17:22:35","guid":{"rendered":"https:\/\/www.tjes.jus.br\/corregedoria\/?p=31236"},"modified":"2021-03-10T14:22:35","modified_gmt":"2021-03-10T17:22:35","slug":"ato-normativo-no-011-2021-disp-02-03-2021","status":"publish","type":"post","link":"https:\/\/www.tjes.jus.br\/corregedoria\/2021\/03\/10\/ato-normativo-no-011-2021-disp-02-03-2021\/","title":{"rendered":"ATO NORMATIVO N\u00ba 011\/2021 \u2013 DISP. 02\/03\/2021"},"content":{"rendered":"<p align=\"center\"><strong>ESTADO DO ESP\u00cdRITO SANTO<br \/>\nPODER JUDICI\u00c1RIO<br \/>\nTRIBUNAL DE JUSTI\u00c7A<\/strong><\/p>\n<p align=\"center\">\n<p align=\"center\"><strong>ATO NORMATIVO N\u00ba 011\/2021<\/strong><\/p>\n<p align=\"justify\">\n<p align=\"justify\"><strong>O Excelent\u00edssimo Desembargador RONALDO GON\u00c7ALVES DE SOUSA<\/strong>, Presidente do Egr\u00e9gio Tribunal de Justi\u00e7a do Estado do Esp\u00edrito Santo, no uso de suas atribui\u00e7\u00f5es legais e,<\/p>\n<p align=\"justify\">\n<p align=\"justify\"><strong>CONSIDERANDO<\/strong>\u00a0o disposto no artigo 58 da Resolu\u00e7\u00e3o n\u00ba 15\/1995, que atribui ao Presidente compet\u00eancia geral para exercer a superintend\u00eancia de todo o servi\u00e7o judici\u00e1rio, na qualidade de Chefe da Magistratura do Estado;<\/p>\n<p align=\"justify\">\n<p align=\"justify\"><strong>CONSIDERANDO<\/strong>\u00a0o C\u00f3digo de Processo Civil (Lei 13.105\/2015), a Lei da Media\u00e7\u00e3o (Lei 13.140\/2015) e a Resolu\u00e7\u00e3o 125\/2010, do Conselho Nacional de Justi\u00e7a-CNJ, que instituiu a Pol\u00edtica de Tratamento Adequado de Resolu\u00e7\u00e3o de Conflitos;<\/p>\n<p align=\"justify\">\n<p align=\"justify\"><strong>CONSIDERANDO<\/strong>\u00a0a altera\u00e7\u00e3o do artigo 3\u00ba do Ato Normativo 07\/21 publicado em 05\/02\/2021, que autoriza a designa\u00e7\u00e3o de mediadores judiciais cadastrados com reconhecida experi\u00eancia para atuarem junto ao 4\u00ba CEJUSC &#8211; 2\u00ba Grau.<\/p>\n<p align=\"justify\">\n<strong>RESOLVE:<\/strong><\/p>\n<p align=\"justify\"><strong>Art. 1\u00ba.<\/strong>\u00a0Instituir e convocar Equipe de Trabalho para atuar nas concilia\u00e7\u00f5es e media\u00e7\u00f5es judiciais agendadas no 4\u00ba Centro Judici\u00e1rio de Solu\u00e7\u00e3o de Conflitos e Cidadania, no hor\u00e1rio das 08h \u00e0s 19h, conforme listagem abaixo:<\/p>\n<table cellspacing=\"0\" cellpadding=\"2\">\n<colgroup>\n<col width=\"257\" \/>\n<col width=\"79\" \/>\n<col width=\"140\" \/><\/colgroup>\n<tbody>\n<tr>\n<td width=\"257\">\n<p align=\"center\"><strong>NOME<\/strong><\/p>\n<\/td>\n<td width=\"79\">\n<p align=\"center\"><strong>MATR\u00cdCULA<\/strong><\/p>\n<\/td>\n<td width=\"140\">\n<p align=\"center\"><strong>FUN\u00c7\u00c3O<\/strong><\/p>\n<\/td>\n<\/tr>\n<tr>\n<td width=\"257\">\n<p align=\"left\">ADRIANA PAIVA KLAWA CAU<\/p>\n<\/td>\n<td width=\"79\">\n<p align=\"center\">210155-53<\/p>\n<\/td>\n<td width=\"140\">\n<p align=\"center\">MEDIADORA JUDICIAL<\/p>\n<\/td>\n<\/tr>\n<tr>\n<td width=\"257\">\n<p align=\"left\">ALLINE BERGER DE OLIVEIRA<\/p>\n<\/td>\n<td width=\"79\">\n<p align=\"center\">210566-76<\/p>\n<\/td>\n<td width=\"140\">\n<p align=\"center\">MEDIADORA JUDICIAL<\/p>\n<\/td>\n<\/tr>\n<tr>\n<td width=\"257\">\n<p align=\"left\">D\u00c9BORA CRISTINA CRUZ CHAVES ROSA<\/p>\n<\/td>\n<td width=\"79\">\n<p align=\"center\">210607-20<\/p>\n<\/td>\n<td width=\"140\">\n<p align=\"center\">MEDIADORA JUDICIAL<\/p>\n<\/td>\n<\/tr>\n<tr>\n<td width=\"257\">\n<p align=\"left\">IZABELLA DALLA SILY CASAGRANDE<\/p>\n<\/td>\n<td width=\"79\">\n<p align=\"center\">206881-77<\/p>\n<\/td>\n<td width=\"140\">\n<p align=\"center\">MEDIADORA JUDICIAL<\/p>\n<\/td>\n<\/tr>\n<tr>\n<td width=\"257\">\n<p align=\"left\">JULIANA DA SILVA AGOSTINI<\/p>\n<\/td>\n<td width=\"79\">\n<p align=\"center\">209408-82<\/p>\n<\/td>\n<td width=\"140\">\n<p align=\"center\">MEDIADORA JUDICIAL<\/p>\n<\/td>\n<\/tr>\n<tr>\n<td width=\"257\">\n<p align=\"left\">LEONARDO PEREIRA CHAGAS<\/p>\n<\/td>\n<td width=\"79\">\n<p align=\"center\">209760-46<\/p>\n<\/td>\n<td width=\"140\">\n<p align=\"center\">MEDIADOR JUDICIAL<\/p>\n<\/td>\n<\/tr>\n<tr>\n<td width=\"257\">\n<p align=\"left\">LUCIANA DA LUZ FERNANDES<\/p>\n<\/td>\n<td width=\"79\">\n<p align=\"center\">208896-55<\/p>\n<\/td>\n<td width=\"140\">\n<p align=\"center\">MEDIADORA JUDICIAL<\/p>\n<\/td>\n<\/tr>\n<tr>\n<td width=\"257\">\n<p align=\"left\">MARCIA CRISTINA DE GODOYS MONTEIRO<\/p>\n<\/td>\n<td width=\"79\">\n<p align=\"center\">206768-61<\/p>\n<\/td>\n<td width=\"140\">\n<p align=\"center\">MEDIADORA JUDICIAL<\/p>\n<\/td>\n<\/tr>\n<tr>\n<td width=\"257\">\n<p align=\"left\">MARIA DILCE LUGON GRACIOSA<\/p>\n<\/td>\n<td width=\"79\">\n<p align=\"center\">208084-19<\/p>\n<\/td>\n<td width=\"140\">\n<p align=\"center\">MEDIADORA JUDICIAL<\/p>\n<\/td>\n<\/tr>\n<tr>\n<td width=\"257\">\n<p align=\"left\">MARIANA REIS MORAES RODRIGUES<\/p>\n<\/td>\n<td width=\"79\">\n<p align=\"center\">208353-94<\/p>\n<\/td>\n<td width=\"140\">\n<p align=\"center\">MEDIADORA JUDICIAL<\/p>\n<\/td>\n<\/tr>\n<tr>\n<td width=\"257\">\n<p align=\"left\">RENATA ADAME RUIZ MARQUES<\/p>\n<\/td>\n<td width=\"79\">\n<p align=\"center\">207526-43<\/p>\n<\/td>\n<td width=\"140\">\n<p align=\"center\">MEDIADORA JUDICIAL<\/p>\n<\/td>\n<\/tr>\n<\/tbody>\n<\/table>\n<p align=\"justify\">\n<p align=\"justify\"><strong>Par\u00e1grafo \u00danico.<\/strong>\u00a0O Servidor informar\u00e1 ao 4\u00ba CEJUSC 2\u00ba Grau os dias e hor\u00e1rios de atua\u00e7\u00e3o, mediante deferimento de sua chefia imediata.<\/p>\n<p align=\"justify\">\n<p style=\"text-align: justify;\" align=\"justify\"><strong>Art. 2\u00ba.<\/strong>\u00a0O Grupo de Trabalho dever\u00e1 cumprir o C\u00f3digo de \u00c9tica dos Mediadores Judiciais, estabelecido pela Resolu\u00e7\u00e3o 125\/2010, do Conselho Nacional de Justi\u00e7a.<\/p>\n<p align=\"justify\">\n<p align=\"justify\"><strong>Art. 3\u00ba.<\/strong>\u00a0O 4\u00ba CEJUSC &#8211; 2\u00ba Grau encaminhar\u00e1 ao N\u00facleo Permanente de M\u00e9todos Consensuais de Solu\u00e7\u00e3o de Conflitos \u2013 NUPEMEC, at\u00e9 o quinto dia \u00fatil de cada m\u00eas, informa\u00e7\u00f5es com rela\u00e7\u00e3o \u00e0s horas trabalhadas al\u00e9m do expediente normal para anota\u00e7\u00e3o em ficha funcional, para fins de\u00a0<strong>compensa\u00e7\u00e3o e gozo oportuno<\/strong>, mediante autoriza\u00e7\u00e3o da chefia imediata e sem preju\u00edzo do servi\u00e7o. O NUPEMEC encaminhar\u00e1 as informa\u00e7\u00f5es \u00e0 Secretaria de Gest\u00e3o de Pessoas, no prazo de 10 (dez) dias, para as devidas anota\u00e7\u00f5es.<\/p>\n<p align=\"justify\">\n<p align=\"justify\"><strong>Art. 4\u00ba.<\/strong>\u00a0O servidor atuante dever\u00e1 enviar mensalmente uma declara\u00e7\u00e3o atestando o dia e hor\u00e1rio do contraturno que este efetivamente trabalhou em sua respectiva Unidade Judici\u00e1ria de Origem.<\/p>\n<p align=\"justify\">\n<p align=\"justify\"><strong>Art. 5\u00ba.<\/strong>\u00a0Os servidores efetivos constantes desta Equipe de Trabalho ter\u00e3o reconhecido, para fins de promo\u00e7\u00e3o na carreira, a pontua\u00e7\u00e3o equivalente \u00e0 participa\u00e7\u00e3o em Equipe Especial de Trabalho, conforme disposto no Ato Normativo 2.773\/2012.<\/p>\n<p align=\"justify\">\n<p align=\"justify\"><strong>Art. 6\u00ba.<\/strong>\u00a0Este Ato Normativo ter\u00e1 vig\u00eancia de 06 (seis) meses a partir de sua publica\u00e7\u00e3o.<\/p>\n<p align=\"justify\">\n<p align=\"justify\">\nPublique-se.<\/p>\n<p align=\"center\">\n<p align=\"center\">Vit\u00f3ria\/ES, 18 de fevereiro de 2021.<\/p>\n<p align=\"center\">Desembargador Ronaldo Gon\u00e7alves de Sousa<\/p>\n<p align=\"center\">PRESIDENTE<\/p>\n","protected":false},"excerpt":{"rendered":"<p>ESTADO DO ESP\u00cdRITO SANTO PODER JUDICI\u00c1RIO TRIBUNAL DE JUSTI\u00c7A ATO NORMATIVO N\u00ba 011\/2021 O Excelent\u00edssimo Desembargador RONALDO GON\u00c7ALVES DE SOUSA, Presidente do Egr\u00e9gio Tribunal de Justi\u00e7a do Estado do Esp\u00edrito Santo, no uso de suas atribui\u00e7\u00f5es legais e, CONSIDERANDO\u00a0o disposto no artigo 58 da Resolu\u00e7\u00e3o n\u00ba 15\/1995, que atribui ao Presidente compet\u00eancia geral para exercer [&hellip;]<\/p>\n","protected":false},"author":15,"featured_media":0,"comment_status":"closed","ping_status":"closed","sticky":false,"template":"","format":"standard","meta":{"footnotes":""},"categories":[4,14],"tags":[],"_links":{"self":[{"href":"https:\/\/www.tjes.jus.br\/corregedoria\/wp-json\/wp\/v2\/posts\/31236"}],"collection":[{"href":"https:\/\/www.tjes.jus.br\/corregedoria\/wp-json\/wp\/v2\/posts"}],"about":[{"href":"https:\/\/www.tjes.jus.br\/corregedoria\/wp-json\/wp\/v2\/types\/post"}],"author":[{"embeddable":true,"href":"https:\/\/www.tjes.jus.br\/corregedoria\/wp-json\/wp\/v2\/users\/15"}],"replies":[{"embeddable":true,"href":"https:\/\/www.tjes.jus.br\/corregedoria\/wp-json\/wp\/v2\/comments?post=31236"}],"version-history":[{"count":1,"href":"https:\/\/www.tjes.jus.br\/corregedoria\/wp-json\/wp\/v2\/posts\/31236\/revisions"}],"predecessor-version":[{"id":31237,"href":"https:\/\/www.tjes.jus.br\/corregedoria\/wp-json\/wp\/v2\/posts\/31236\/revisions\/31237"}],"wp:attachment":[{"href":"https:\/\/www.tjes.jus.br\/corregedoria\/wp-json\/wp\/v2\/media?parent=31236"}],"wp:term":[{"taxonomy":"category","embeddable":true,"href":"https:\/\/www.tjes.jus.br\/corregedoria\/wp-json\/wp\/v2\/categories?post=31236"},{"taxonomy":"post_tag","embeddable":true,"href":"https:\/\/www.tjes.jus.br\/corregedoria\/wp-json\/wp\/v2\/tags?post=31236"}],"curies":[{"name":"wp","href":"https:\/\/api.w.org\/{rel}","templated":true}]}}