{"id":31239,"date":"2021-03-10T14:30:01","date_gmt":"2021-03-10T17:30:01","guid":{"rendered":"https:\/\/www.tjes.jus.br\/corregedoria\/?p=31239"},"modified":"2021-03-10T14:30:01","modified_gmt":"2021-03-10T17:30:01","slug":"ato-normativo-no-013-2021-disp-03-03-2021","status":"publish","type":"post","link":"https:\/\/www.tjes.jus.br\/corregedoria\/2021\/03\/10\/ato-normativo-no-013-2021-disp-03-03-2021\/","title":{"rendered":"ATO NORMATIVO N\u00ba 013\/2021 \u2013 DISP. 03\/03\/2021"},"content":{"rendered":"<p align=\"center\">PODER JUDICI\u00c1RIO DO ESTADO DO ESP\u00cdRITO SANTO &#8211; PJES<\/p>\n<p align=\"center\">RUA DESEMBARGADOR HOMERO MAFRA,60 &#8211; Bairro ENSEADA DO SU\u00c1 &#8211; CEP 29050906 &#8211; Vit\u00f3ria &#8211; ES &#8211; www.tjes.jus.br<\/p>\n<p align=\"center\">\n<p style=\"text-align: center;\" align=\"justify\"><strong>ATO NORMATIVO n\u00ba 013\/2020<\/strong><\/p>\n<p align=\"justify\">\n<p align=\"justify\">O Excelent\u00edssimo Senhor Desembargador Ronaldo Gon\u00e7alves de Sousa, Presidente do Egr\u00e9gio Tribunal de Justi\u00e7a do Estado do Esp\u00edrito Santo, no uso de suas atribui\u00e7\u00f5es legais,<\/p>\n<p align=\"justify\">\n<p align=\"justify\">CONSIDERANDO o teor do\u00a0expediente\u00a0protocolado\u00a0neste Egr\u00e9gio Tribunal de Justi\u00e7a sob o\u00a0n\u00famero n\u00ba 7000221-55.2021.8.08.0024, encaminhado pelo. Exmo. Sr. Dr.\u00a0\u00a0J\u00falio Cesar Costa de Oliveira, Juiz\u00a0de Direito\u00a0da 3\u00aa Vara da Fazenda P\u00fablica Estadual, Municipal, Registros P\u00fablicos, Meio Ambiente e Sa\u00fade de Vit\u00f3ria, por meio do qual requer a suspens\u00e3o dos atos e dos\u00a0prazos processuais retroativa na referida Comarca nos dias 08 e 09 de fevereiro de 2021, tendo em vista a interrup\u00e7\u00e3o dos servi\u00e7os de\u00a0<em>internet<\/em>, inviabilizando o regular desempenho das atividades forenses naquelas datas.<\/p>\n<p align=\"justify\">\n<p align=\"justify\">RESOLVE:<\/p>\n<p align=\"justify\">\n<p align=\"justify\">SUSPENDER os prazos processuais na 3\u00aa Vara da Fazenda P\u00fablica Estadual, Municipal, Registros P\u00fablicos, Meio Ambiente e Sa\u00fade de Vit\u00f3ria nos dias\u00a0<strong>08 e 09 fevereiro\u00a0de 2021.<\/strong><\/p>\n<p align=\"justify\">\n<p align=\"justify\">Publique-se.<\/p>\n<p align=\"justify\">\n<p align=\"justify\">Vit\u00f3ria, 25 de fevereiro de 2021.<\/p>\n<p align=\"justify\">\n<p style=\"text-align: center;\" align=\"justify\"><strong>Desembargador RONALDO GON\u00c7ALVES DE SOUSA<\/strong><\/p>\n<p style=\"text-align: center;\" align=\"justify\"><strong>Presidente<\/strong><\/p>\n","protected":false},"excerpt":{"rendered":"<p>PODER JUDICI\u00c1RIO DO ESTADO DO ESP\u00cdRITO SANTO &#8211; PJES RUA DESEMBARGADOR HOMERO MAFRA,60 &#8211; Bairro ENSEADA DO SU\u00c1 &#8211; CEP 29050906 &#8211; Vit\u00f3ria &#8211; ES &#8211; www.tjes.jus.br ATO NORMATIVO n\u00ba 013\/2020 O Excelent\u00edssimo Senhor Desembargador Ronaldo Gon\u00e7alves de Sousa, Presidente do Egr\u00e9gio Tribunal de Justi\u00e7a do Estado do Esp\u00edrito Santo, no uso de suas atribui\u00e7\u00f5es [&hellip;]<\/p>\n","protected":false},"author":15,"featured_media":0,"comment_status":"closed","ping_status":"closed","sticky":false,"template":"","format":"standard","meta":{"footnotes":""},"categories":[4,14],"tags":[],"_links":{"self":[{"href":"https:\/\/www.tjes.jus.br\/corregedoria\/wp-json\/wp\/v2\/posts\/31239"}],"collection":[{"href":"https:\/\/www.tjes.jus.br\/corregedoria\/wp-json\/wp\/v2\/posts"}],"about":[{"href":"https:\/\/www.tjes.jus.br\/corregedoria\/wp-json\/wp\/v2\/types\/post"}],"author":[{"embeddable":true,"href":"https:\/\/www.tjes.jus.br\/corregedoria\/wp-json\/wp\/v2\/users\/15"}],"replies":[{"embeddable":true,"href":"https:\/\/www.tjes.jus.br\/corregedoria\/wp-json\/wp\/v2\/comments?post=31239"}],"version-history":[{"count":1,"href":"https:\/\/www.tjes.jus.br\/corregedoria\/wp-json\/wp\/v2\/posts\/31239\/revisions"}],"predecessor-version":[{"id":31240,"href":"https:\/\/www.tjes.jus.br\/corregedoria\/wp-json\/wp\/v2\/posts\/31239\/revisions\/31240"}],"wp:attachment":[{"href":"https:\/\/www.tjes.jus.br\/corregedoria\/wp-json\/wp\/v2\/media?parent=31239"}],"wp:term":[{"taxonomy":"category","embeddable":true,"href":"https:\/\/www.tjes.jus.br\/corregedoria\/wp-json\/wp\/v2\/categories?post=31239"},{"taxonomy":"post_tag","embeddable":true,"href":"https:\/\/www.tjes.jus.br\/corregedoria\/wp-json\/wp\/v2\/tags?post=31239"}],"curies":[{"name":"wp","href":"https:\/\/api.w.org\/{rel}","templated":true}]}}