{"id":31241,"date":"2021-03-10T14:31:26","date_gmt":"2021-03-10T17:31:26","guid":{"rendered":"https:\/\/www.tjes.jus.br\/corregedoria\/?p=31241"},"modified":"2021-03-10T14:31:26","modified_gmt":"2021-03-10T17:31:26","slug":"ato-normativo-no-014-2021-disp-03-03-2021","status":"publish","type":"post","link":"https:\/\/www.tjes.jus.br\/corregedoria\/2021\/03\/10\/ato-normativo-no-014-2021-disp-03-03-2021\/","title":{"rendered":"ATO NORMATIVO N\u00ba 014\/2021 \u2013 DISP. 03\/03\/2021"},"content":{"rendered":"<p align=\"center\">PODER JUDICI\u00c1RIO DO ESTADO DO ESP\u00cdRITO SANTO &#8211; PJES<\/p>\n<p align=\"center\">RUA DESEMBARGADOR HOMERO MAFRA,60 &#8211; Bairro ENSEADA DO SU\u00c1 &#8211; CEP 29050906 &#8211; Vit\u00f3ria &#8211; ES &#8211; www.tjes.jus.br<\/p>\n<p align=\"center\"><strong>\u00a0<\/strong><\/p>\n<p style=\"text-align: center;\" align=\"justify\"><strong>ATO NORMATIVO n\u00ba 014\/2020<\/strong><\/p>\n<p align=\"justify\">\n<p style=\"text-align: justify;\" align=\"justify\">O Excelent\u00edssimo Senhor Desembargador Ronaldo Gon\u00e7alves de Sousa, Presidente do Egr\u00e9gio Tribunal de Justi\u00e7a do Estado do Esp\u00edrito Santo, no uso de suas atribui\u00e7\u00f5es legais,<\/p>\n<p align=\"justify\">\n<p style=\"text-align: justify;\" align=\"justify\">CONSIDERANDO o teor do expediente protocolado neste Egr\u00e9gio Tribunal de Justi\u00e7a sob o n\u00famero 7000004-07.2021.8.08.0058, encaminhado pela\u00a0Exma. Sra. Dra. Graciene Pereira Pinto, Ju\u00edza\u00a0de Direito Diretora do Foro de Ibitirama, por meio do qual requer a suspens\u00e3o dos atos e dos\u00a0prazos processuais retroativa na referida Comarca no dia 18 de\u00a0janeiro de 2020, tendo em vista a interrup\u00e7\u00e3o dos servi\u00e7os de\u00a0<em>internet<\/em>, inviabilizando o regular desempenho das atividades forenses naquelas datas.<\/p>\n<p align=\"justify\">RESOLVE:<\/p>\n<p align=\"justify\">\n<p style=\"text-align: justify;\" align=\"justify\"><strong>CONSIDERAR SUSPENSOS\u00a0<\/strong>os atos e\u00a0prazos processuais na Comarca de Ibitirama no dia 18 de janeiro de 2020, ressalvando-se os atos que eventualmente puderam ser praticados.<\/p>\n<p align=\"justify\">\n<p align=\"justify\">Publique-se.<\/p>\n<p align=\"justify\">\n<p align=\"justify\">Vit\u00f3ria, 26 de fevereiro de 2021.<\/p>\n<p align=\"justify\">\n<p style=\"text-align: center;\" align=\"justify\"><strong>Desembargador RONALDO GON\u00c7ALVES DE SOUSA<\/strong><\/p>\n<p style=\"text-align: center;\" align=\"justify\"><strong>Presidente &#8211; TJES<\/strong><\/p>\n","protected":false},"excerpt":{"rendered":"<p>PODER JUDICI\u00c1RIO DO ESTADO DO ESP\u00cdRITO SANTO &#8211; PJES RUA DESEMBARGADOR HOMERO MAFRA,60 &#8211; Bairro ENSEADA DO SU\u00c1 &#8211; CEP 29050906 &#8211; Vit\u00f3ria &#8211; ES &#8211; www.tjes.jus.br \u00a0 ATO NORMATIVO n\u00ba 014\/2020 O Excelent\u00edssimo Senhor Desembargador Ronaldo Gon\u00e7alves de Sousa, Presidente do Egr\u00e9gio Tribunal de Justi\u00e7a do Estado do Esp\u00edrito Santo, no uso de suas [&hellip;]<\/p>\n","protected":false},"author":15,"featured_media":0,"comment_status":"closed","ping_status":"closed","sticky":false,"template":"","format":"standard","meta":{"footnotes":""},"categories":[4,14],"tags":[],"_links":{"self":[{"href":"https:\/\/www.tjes.jus.br\/corregedoria\/wp-json\/wp\/v2\/posts\/31241"}],"collection":[{"href":"https:\/\/www.tjes.jus.br\/corregedoria\/wp-json\/wp\/v2\/posts"}],"about":[{"href":"https:\/\/www.tjes.jus.br\/corregedoria\/wp-json\/wp\/v2\/types\/post"}],"author":[{"embeddable":true,"href":"https:\/\/www.tjes.jus.br\/corregedoria\/wp-json\/wp\/v2\/users\/15"}],"replies":[{"embeddable":true,"href":"https:\/\/www.tjes.jus.br\/corregedoria\/wp-json\/wp\/v2\/comments?post=31241"}],"version-history":[{"count":1,"href":"https:\/\/www.tjes.jus.br\/corregedoria\/wp-json\/wp\/v2\/posts\/31241\/revisions"}],"predecessor-version":[{"id":31242,"href":"https:\/\/www.tjes.jus.br\/corregedoria\/wp-json\/wp\/v2\/posts\/31241\/revisions\/31242"}],"wp:attachment":[{"href":"https:\/\/www.tjes.jus.br\/corregedoria\/wp-json\/wp\/v2\/media?parent=31241"}],"wp:term":[{"taxonomy":"category","embeddable":true,"href":"https:\/\/www.tjes.jus.br\/corregedoria\/wp-json\/wp\/v2\/categories?post=31241"},{"taxonomy":"post_tag","embeddable":true,"href":"https:\/\/www.tjes.jus.br\/corregedoria\/wp-json\/wp\/v2\/tags?post=31241"}],"curies":[{"name":"wp","href":"https:\/\/api.w.org\/{rel}","templated":true}]}}