{"id":31288,"date":"2021-03-12T12:31:38","date_gmt":"2021-03-12T15:31:38","guid":{"rendered":"https:\/\/www.tjes.jus.br\/corregedoria\/?p=31288"},"modified":"2021-03-12T12:31:38","modified_gmt":"2021-03-12T15:31:38","slug":"provimento-no-43-2021-disp-12-03-2021","status":"publish","type":"post","link":"https:\/\/www.tjes.jus.br\/corregedoria\/2021\/03\/12\/provimento-no-43-2021-disp-12-03-2021\/","title":{"rendered":"PROVIMENTO N\u00ba 43\/2021 \u2013 DISP. 12\/03\/2021"},"content":{"rendered":"<p style=\"text-align: center;\"><strong>PODER JUDICI\u00c1RIO DO ESTADO DO ESP\u00cdRITO SANTO &#8211; PJES<\/strong><\/p>\n<p style=\"text-align: center;\"><strong>CORREGEDORIA GERAL DA\u00a0JUSTI\u00c7A<\/strong><\/p>\n<p style=\"text-align: center;\">\n<p style=\"text-align: center;\"><strong>PROVIMENTO N\u00ba 43\/2021<\/strong><\/p>\n<p>&nbsp;<\/p>\n<p style=\"text-align: justify;\"><strong>Disp\u00f5e sobre a prorroga\u00e7\u00e3o para o dia 30 de junho de 2021 do prazo de vig\u00eancia do<\/strong>\u00a0<a href=\"https:\/\/www.tjes.jus.br\/corregedoria\/2020\/06\/16\/provimento-no-21-2020-disp-16-06-2020\/\" target=\"_blank\" rel=\"noopener\"><strong>Provimento CGJES n\u00ba 38\/2020<\/strong><\/a><strong>, e d\u00e1 outras provid\u00eancias.<\/strong><\/p>\n<p style=\"text-align: justify;\">\n<p style=\"text-align: justify;\">O\u00a0<strong>Desembargador\u00a0Ney Batista Coutinho, Corregedor Geral da Justi\u00e7a do Estado do Esp\u00edrito Santo<\/strong>, no uso de suas atribui\u00e7\u00f5es legais e,<\/p>\n<p style=\"text-align: justify;\">\n<p style=\"text-align: justify;\"><strong>CONSIDERANDO<\/strong>\u00a0que compete \u00e0 Corregedoria Geral da Justi\u00e7a orientar, normatizar e fiscalizar as atividades das serventias extrajudiciais;<\/p>\n<p style=\"text-align: justify;\"><strong>\u00a0<\/strong><\/p>\n<p style=\"text-align: justify;\"><strong>CONSIDERANDO<\/strong>\u00a0a necessidade de manter a presta\u00e7\u00e3o dos servi\u00e7os extrajudiciais e o fato de que os servi\u00e7os notariais e de registro s\u00e3o essenciais ao exerc\u00edcio da cidadania, devendo\u00a0ser prestados\u00a0de modo eficiente, adequado e cont\u00ednuo;<\/p>\n<p style=\"text-align: justify;\"><strong>\u00a0<\/strong><\/p>\n<p style=\"text-align: justify;\"><strong>CONSIDERANDO<\/strong>\u00a0a tend\u00eancia de alta no cont\u00e1gio e nos \u00f3bitos pela doen\u00e7a da COVID-19 no Brasil, situa\u00e7\u00e3o que refor\u00e7a a necessidade de manuten\u00e7\u00e3o das medidas de distanciamento com a redu\u00e7\u00e3o na circula\u00e7\u00e3o de pessoas e de preven\u00e7\u00e3o ao cont\u00e1gio pelo v\u00edrus SARS-CoV-2;<\/p>\n<p style=\"text-align: justify;\"><strong>\u00a0<\/strong><\/p>\n<p style=\"text-align: justify;\"><strong>CONSIDERANDO\u00a0<\/strong>a publica\u00e7\u00e3o do Provimento n\u00ba 114\/2021 pela colenda Corregedoria Nacional de Justi\u00e7a, que prorrogou<strong>\u00a0<\/strong>o prazo de vig\u00eancia do Provimento n\u00ba 91, 22 de mar\u00e7o de 2020, do Provimento n\u00ba 93, de 26 de mar\u00e7o de 2020, do Provimento n\u00ba 94, de 28 de mar\u00e7o de 2020, do Provimento n\u00ba 95, de 1\u00ba de abril de 2020, do Provimento n\u00ba 97, de 27 de abril de 2020, e do Provimento n\u00ba 98, de 27 de abril de 2020;<\/p>\n<p style=\"text-align: justify;\">\n<p style=\"text-align: justify;\"><strong>RESOLVE:<\/strong><\/p>\n<p style=\"text-align: justify;\">\n<p style=\"text-align: justify;\"><strong>Art. 1\u00ba.<\/strong>\u00a0Prorrogar\u00a0para o dia 30 de junho de 2021 o prazo de vig\u00eancia do\u00a0<a href=\"https:\/\/www.tjes.jus.br\/corregedoria\/2020\/06\/16\/provimento-no-21-2020-disp-16-06-2020\/\" target=\"_blank\" rel=\"noopener\">Provimento n\u00ba 38\/2020<\/a>\u00a0da Corregedoria Geral da Justi\u00e7a, que poder\u00e1 ser ampliado ou reduzido em conson\u00e2ncia com ato da colenda Corregedoria Nacional de Justi\u00e7a, caso necess\u00e1rio.<\/p>\n<p style=\"text-align: justify;\">\n<p style=\"text-align: justify;\"><strong>Art. 2\u00ba.<\/strong>\u00a0Os casos omissos e eventuais d\u00favidas ser\u00e3o decididos pelo Corregedor Geral da Justi\u00e7a.<\/p>\n<p style=\"text-align: justify;\">\n<p><strong>Art. 3\u00ba.<\/strong>\u00a0Este Provimento entrar\u00e1 em vigor a partir de 1\u00ba de abril de 2021.<\/p>\n<p>&nbsp;<\/p>\n<p><strong>Publique-se.<\/strong><\/p>\n<p>&nbsp;<\/p>\n<p style=\"text-align: center;\"><strong>Desembargador\u00a0NEY BATISTA COUTINHO<\/strong><\/p>\n<p style=\"text-align: center;\"><strong>CORREGEDOR GERAL DA JUSTI\u00c7A<\/strong><\/p>\n","protected":false},"excerpt":{"rendered":"<p>PODER JUDICI\u00c1RIO DO ESTADO DO ESP\u00cdRITO SANTO &#8211; PJES CORREGEDORIA GERAL DA\u00a0JUSTI\u00c7A PROVIMENTO N\u00ba 43\/2021 &nbsp; Disp\u00f5e sobre a prorroga\u00e7\u00e3o para o dia 30 de junho de 2021 do prazo de vig\u00eancia do\u00a0Provimento CGJES n\u00ba 38\/2020, e d\u00e1 outras provid\u00eancias. O\u00a0Desembargador\u00a0Ney Batista Coutinho, Corregedor Geral da Justi\u00e7a do Estado do Esp\u00edrito Santo, no uso de [&hellip;]<\/p>\n","protected":false},"author":8,"featured_media":0,"comment_status":"closed","ping_status":"closed","sticky":false,"template":"","format":"standard","meta":{"footnotes":""},"categories":[14,16],"tags":[],"_links":{"self":[{"href":"https:\/\/www.tjes.jus.br\/corregedoria\/wp-json\/wp\/v2\/posts\/31288"}],"collection":[{"href":"https:\/\/www.tjes.jus.br\/corregedoria\/wp-json\/wp\/v2\/posts"}],"about":[{"href":"https:\/\/www.tjes.jus.br\/corregedoria\/wp-json\/wp\/v2\/types\/post"}],"author":[{"embeddable":true,"href":"https:\/\/www.tjes.jus.br\/corregedoria\/wp-json\/wp\/v2\/users\/8"}],"replies":[{"embeddable":true,"href":"https:\/\/www.tjes.jus.br\/corregedoria\/wp-json\/wp\/v2\/comments?post=31288"}],"version-history":[{"count":1,"href":"https:\/\/www.tjes.jus.br\/corregedoria\/wp-json\/wp\/v2\/posts\/31288\/revisions"}],"predecessor-version":[{"id":31289,"href":"https:\/\/www.tjes.jus.br\/corregedoria\/wp-json\/wp\/v2\/posts\/31288\/revisions\/31289"}],"wp:attachment":[{"href":"https:\/\/www.tjes.jus.br\/corregedoria\/wp-json\/wp\/v2\/media?parent=31288"}],"wp:term":[{"taxonomy":"category","embeddable":true,"href":"https:\/\/www.tjes.jus.br\/corregedoria\/wp-json\/wp\/v2\/categories?post=31288"},{"taxonomy":"post_tag","embeddable":true,"href":"https:\/\/www.tjes.jus.br\/corregedoria\/wp-json\/wp\/v2\/tags?post=31288"}],"curies":[{"name":"wp","href":"https:\/\/api.w.org\/{rel}","templated":true}]}}