{"id":31322,"date":"2021-03-19T11:49:07","date_gmt":"2021-03-19T14:49:07","guid":{"rendered":"https:\/\/www.tjes.jus.br\/corregedoria\/?p=31322"},"modified":"2021-03-19T11:49:07","modified_gmt":"2021-03-19T14:49:07","slug":"oficio-circular-cgjes-0710907-2021-disp-16-03-2021","status":"publish","type":"post","link":"https:\/\/www.tjes.jus.br\/corregedoria\/2021\/03\/19\/oficio-circular-cgjes-0710907-2021-disp-16-03-2021\/","title":{"rendered":"OF\u00cdCIO CIRCULAR CGJES 0710907\/2021 \u2013 DISP. 16\/03\/2021"},"content":{"rendered":"<p style=\"text-align: center;\"><strong>PODER JUDICI\u00c1RIO DO ESTADO DO ESP\u00cdRITO SANTO &#8211; PJES<\/strong><\/p>\n<p style=\"text-align: center;\"><strong>CORREGEDORIA GERAL DA\u00a0JUSTI\u00c7A<\/strong><\/p>\n<p style=\"text-align: center;\">Av. Jo\u00e3o Batista Parra, n\u00ba\u00a0320, Enseada do Su\u00e1 &#8211; Vit\u00f3ria\/ES<br \/>\nCEP: 29.050-375 &#8211;\u00a0Telefone: (27) 3145-3100\n<\/p>\n<p style=\"text-align: center;\"><strong>OF\u00cdCIO CIRCULAR CGJES\u00a00710907\/7001471-98.2021.8.08.0000<\/strong><\/p>\n<p>&nbsp;<\/p>\n<p>O Exmo. Sr. Desembargador Corregedor-Geral da Justi\u00e7a do Estado do Esp\u00edrito Santo, no uso de suas atribui\u00e7\u00f5es legais e,<\/p>\n<p>&nbsp;<\/p>\n<p style=\"text-align: justify;\"><strong>CONSIDERANDO<\/strong>\u00a0que a Corregedoria Geral da Justi\u00e7a \u00e9 \u00f3rg\u00e3o de fiscaliza\u00e7\u00e3o, disciplina e orienta\u00e7\u00e3o administrativa, com circunscri\u00e7\u00e3o em todo o Estado, conforme art. 35 da Lei Complementar Estadual n\u00ba 234\/2002 (COJES);<\/p>\n<p style=\"text-align: justify;\">\n<strong>CONSIDERANDO<\/strong>\u00a0o recebimento do malote digital n\u00ba 80920216133951 enviado pela Secretaria-Geral da Corregedoria-Geral da Justi\u00e7a do Estado de Goi\u00e1s;<\/p>\n<p style=\"text-align: justify;\">\n<strong>CONSIDERANDO<\/strong>\u00a0que a referida comunica\u00e7\u00e3o informa pr\u00e1tica de atos fraudulentos contra o Cart\u00f3rio Extrajudicial Nogueira Ferreira de Registro Civil e Tabelionato de Notas da Comarca de Inhumas\/GO, envolvendo o cancelamento de selos eletr\u00f4nicos de n\u00ba 030020122101527087600006 e 03002011114063908760000 utilizadas em escritura p\u00fablica e seu translado, em nome de Aneirce Maria dos Santos.<\/p>\n<p style=\"text-align: justify;\">\n<strong>CONSIDERANDO<\/strong>\u00a0que a referida Serventia j\u00e1 procedeu o registro da ocorr\u00eancia junto a Policia Civil do Estado de Goi\u00e1s, conforme Boletim de Ocorr\u00eancia em anexo.<\/p>\n<p style=\"text-align: justify;\">\n<strong>RECOMENDO<\/strong>\u00a0aos Ju\u00edzes de Direito Diretores dos F\u00f3runs, Membros do Minist\u00e9rio P\u00fablico, Advogados, Not\u00e1rios e Registradores, Serventu\u00e1rios e a quem mais possa\u00a0interessar, que observem o comunicado em anexo, e adotem as provid\u00eancias que entenderem pertinentes.<\/p>\n<p><strong>Publique-se. Cumpra-se.<\/strong><\/p>\n<p>&nbsp;<\/p>\n<p><strong>Vit\u00f3ria\/ES, 11 de mar\u00e7o de 2021.<\/strong><\/p>\n<p>&nbsp;<\/p>\n<p style=\"text-align: center;\"><strong>DES. NEY BATISTA COUTINHO<\/strong><\/p>\n<p style=\"text-align: center;\"><strong>CORREGEDOR GERAL DE JUSTI\u00c7A<\/strong><\/p>\n<p style=\"text-align: center;\">\n<p style=\"text-align: center;\"><em><strong><a href=\"https:\/\/sistemas.tjes.jus.br\/ediario\/images\/Oficio_0706011_CGJ_GO_1_5.pdf\" target=\"_blank\" rel=\"noopener\">Anexo 01<\/a><\/strong><\/em><\/p>\n<p style=\"text-align: center;\"><em><strong><a href=\"https:\/\/sistemas.tjes.jus.br\/ediario\/images\/Oficio_0706014_CGJ_GO_6_8.pdf\" target=\"_blank\" rel=\"noopener\">Anexo 02<\/a><\/strong><\/em><\/p>\n<p style=\"text-align: center;\"><em><strong><a href=\"https:\/\/sistemas.tjes.jus.br\/ediario\/images\/Oficio_0706020_CGJ_GO_9_21.pdf\" target=\"_blank\" rel=\"noopener\">Anexo 03<\/a><\/strong><\/em><\/p>\n<p style=\"text-align: center;\"><em><strong><a href=\"https:\/\/sistemas.tjes.jus.br\/ediario\/images\/Oficio_0706021_CGJ_GO_22_34.pdf\" target=\"_blank\" rel=\"noopener\">Anexo 04<\/a><\/strong><\/em><\/p>\n<p style=\"text-align: center;\"><em><strong><a href=\"https:\/\/sistemas.tjes.jus.br\/ediario\/images\/Oficio_0706026_CGJ_GO_35_39.pdf\" target=\"_blank\" rel=\"noopener\">Anexo 05<\/a><\/strong><\/em><\/p>\n<p style=\"text-align: center;\"><em><strong><a href=\"https:\/\/sistemas.tjes.jus.br\/ediario\/images\/Oficio_0706032_CGJ_GO_40_56.pdf\" target=\"_blank\" rel=\"noopener\">Anexo 06<\/a><\/strong><\/em><\/p>\n<p style=\"text-align: center;\">\n<p>&nbsp;<\/p>\n","protected":false},"excerpt":{"rendered":"<p>PODER JUDICI\u00c1RIO DO ESTADO DO ESP\u00cdRITO SANTO &#8211; PJES CORREGEDORIA GERAL DA\u00a0JUSTI\u00c7A Av. Jo\u00e3o Batista Parra, n\u00ba\u00a0320, Enseada do Su\u00e1 &#8211; Vit\u00f3ria\/ES CEP: 29.050-375 &#8211;\u00a0Telefone: (27) 3145-3100 OF\u00cdCIO CIRCULAR CGJES\u00a00710907\/7001471-98.2021.8.08.0000 &nbsp; O Exmo. Sr. Desembargador Corregedor-Geral da Justi\u00e7a do Estado do Esp\u00edrito Santo, no uso de suas atribui\u00e7\u00f5es legais e, &nbsp; CONSIDERANDO\u00a0que a Corregedoria Geral [&hellip;]<\/p>\n","protected":false},"author":8,"featured_media":0,"comment_status":"closed","ping_status":"closed","sticky":false,"template":"","format":"standard","meta":{"footnotes":""},"categories":[14,5],"tags":[],"_links":{"self":[{"href":"https:\/\/www.tjes.jus.br\/corregedoria\/wp-json\/wp\/v2\/posts\/31322"}],"collection":[{"href":"https:\/\/www.tjes.jus.br\/corregedoria\/wp-json\/wp\/v2\/posts"}],"about":[{"href":"https:\/\/www.tjes.jus.br\/corregedoria\/wp-json\/wp\/v2\/types\/post"}],"author":[{"embeddable":true,"href":"https:\/\/www.tjes.jus.br\/corregedoria\/wp-json\/wp\/v2\/users\/8"}],"replies":[{"embeddable":true,"href":"https:\/\/www.tjes.jus.br\/corregedoria\/wp-json\/wp\/v2\/comments?post=31322"}],"version-history":[{"count":1,"href":"https:\/\/www.tjes.jus.br\/corregedoria\/wp-json\/wp\/v2\/posts\/31322\/revisions"}],"predecessor-version":[{"id":31323,"href":"https:\/\/www.tjes.jus.br\/corregedoria\/wp-json\/wp\/v2\/posts\/31322\/revisions\/31323"}],"wp:attachment":[{"href":"https:\/\/www.tjes.jus.br\/corregedoria\/wp-json\/wp\/v2\/media?parent=31322"}],"wp:term":[{"taxonomy":"category","embeddable":true,"href":"https:\/\/www.tjes.jus.br\/corregedoria\/wp-json\/wp\/v2\/categories?post=31322"},{"taxonomy":"post_tag","embeddable":true,"href":"https:\/\/www.tjes.jus.br\/corregedoria\/wp-json\/wp\/v2\/tags?post=31322"}],"curies":[{"name":"wp","href":"https:\/\/api.w.org\/{rel}","templated":true}]}}