{"id":31340,"date":"2021-03-19T12:35:08","date_gmt":"2021-03-19T15:35:08","guid":{"rendered":"https:\/\/www.tjes.jus.br\/corregedoria\/?p=31340"},"modified":"2022-09-23T15:54:53","modified_gmt":"2022-09-23T18:54:53","slug":"resolucao-no-001-2020-disp-17-03-2021","status":"publish","type":"post","link":"https:\/\/www.tjes.jus.br\/corregedoria\/2021\/03\/19\/resolucao-no-001-2020-disp-17-03-2021\/","title":{"rendered":"RESOLU\u00c7\u00c3O N\u00ba 001\/2021 \u2013 DISP. 17\/03\/2021"},"content":{"rendered":"<p align=\"center\">ESTADO DO ESP\u00cdRITO SANTO<\/p>\n<p align=\"center\">PODER JUDICI\u00c1RIO<\/p>\n<p style=\"text-align: center;\" align=\"center\">TRIBUNAL DE JUSTI\u00c7A<\/p>\n<p style=\"text-align: center;\" align=\"center\"><strong>RESOLU\u00c7\u00c3O\u00a0<\/strong><strong>n\u00ba 001<\/strong><strong>\/2021<\/strong><\/p>\n<p style=\"text-align: justify;\" align=\"justify\"><i>Disp\u00f5e sobre as atribui\u00e7\u00f5es do N\u00facleo Permanente de M\u00e9todos Consensuais de Solu\u00e7\u00e3o de Conflitos (NUPEMEC), dos Centros Judici\u00e1rios de Solu\u00e7\u00e3o de Conflitos e Cidadania (CEJUSCs), o exerc\u00edcio das atividades de Mediador e Conciliador Judicial no \u00e2mbito do Tribunal de Justi\u00e7a do Esp\u00edrito Santo e d\u00e1<\/i><i>\u00a0<\/i><i>outras provid\u00eancias.<\/i><\/p>\n<p style=\"text-align: justify;\" align=\"justify\"><strong>O\u00a0<\/strong><strong>PLENO DO EGR\u00c9GIO TRIBUNAL DE JUSTI\u00c7A DO ESTADO DO ESP\u00cdRITO SANTO<\/strong>, no uso das atribui\u00e7\u00f5es que lhe confere o art. 18, inciso II, da Lei Complementar n\u00ba 234, de 18 de abril de<span lang=\"pt-BR\">2002, e tendo em vista decis\u00e3o un\u00e2nime do Egr\u00e9gio Tribunal Pleno, em sess\u00e3o ordin\u00e1ria realizada no dia\u00a0<\/span><span lang=\"pt-BR\">11 de mar\u00e7o de 2021<\/span><span lang=\"pt-BR\">,<\/span><\/p>\n<p style=\"text-align: justify;\" align=\"justify\"><strong>CONSIDERANDO<\/strong>\u00a0a Resolu\u00e7\u00e3o n\u00ba 125, do Conselho Nacional de Justi\u00e7a, de 29\/11\/10, que instituiu a Pol\u00edtica Judici\u00e1ria Nacional de tratamento dos conflitos de interesses no \u00e2mbito do Poder Judici\u00e1rio, e as modifica\u00e7\u00f5es trazidas pelas emendas n\u00ba 1 en\u00ba 2, de 31 de janeiro de 2013 e 8 de mar\u00e7o de 2016, respectivamente,<\/p>\n<p style=\"text-align: justify;\" align=\"justify\"><strong>CONSIDERANDO<\/strong>\u00a0a Pol\u00edtica de Concilia\u00e7\u00e3o e Media\u00e7\u00e3o contida no C\u00f3digo de Processo Civil, e, especialmente, na Lei n\u00ba 13.140\/2015;<\/p>\n<p style=\"text-align: justify;\" align=\"justify\"><strong>CONSIDERANDO\u00a0<\/strong>a necessidade de estabelecer regras e crit\u00e9rios para o exerc\u00edcio das fun\u00e7\u00f5es de mediador e conciliador, cadastro e exclus\u00e3o de mediadores e conciliadores no \u00e2mbito do Tribunal de Justi\u00e7a do Estado do Esp\u00edrito Santo;<\/p>\n<p style=\"text-align: justify;\" align=\"justify\"><strong>CONSIDERANDO\u00a0<\/strong>a Resolu\u00e7\u00e3o n\u00ba 271\/2018 do Conselho Nacional de Justi\u00e7a,queregulamenta os par\u00e2metros de remunera\u00e7\u00e3o a ser paga aos conciliadores e mediadores judiciais, nos termos do disposto no art. 169 do C\u00f3digo de Processo Civil \u2013 Lei 13.105\/2015 \u2013 e no art. 13 da Lei de Media\u00e7\u00e3o \u2013 Lei 13.140\/2015;<\/p>\n<p style=\"text-align: justify;\" align=\"justify\"><strong>CONSIDERANDO\u00a0<\/strong>as diretrizes da Resolu\u00e7\u00e3o n\u00ba 06\/2016 da ENFAM acerca do Reconhecimento de Institui\u00e7\u00f5es P\u00fablicas e Privadas para a realiza\u00e7\u00e3o de cursos de forma\u00e7\u00e3o de mediadores judiciais;<\/p>\n<p style=\"text-align: justify;\" align=\"justify\"><strong>CONSIDERANDO<\/strong>\u00a0as disposi\u00e7\u00f5es contidas no art. 38-Y da LC n\u00ba 234\/2002, alterada pela LC n\u00ba 788\/2014 e art. 5\u00ba da LC n\u00ba 566\/2010;<\/p>\n<p align=\"justify\"><strong>RESOLVE<\/strong>:<\/p>\n<p align=\"center\"><strong>CAP\u00cdTULO I<\/strong><\/p>\n<p align=\"center\"><strong>Do N\u00facleo Permanente de M\u00e9todos Consensuais de Solu\u00e7\u00e3o de Conflitos<\/strong><\/p>\n<p align=\"justify\"><strong>Art. 1\u00ba<\/strong>. Constituir o N\u00facleo Permanente de M\u00e9todos Consensuais de Solu\u00e7\u00e3o de Conflitos (NUPEMEC) como \u00f3rg\u00e3o respons\u00e1vel pelo desenvolvimento da Pol\u00edtica de Tratamento Adequado dos Conflitos prevista na Resolu\u00e7\u00e3o n\u00ba 125\/2010 do CNJ no \u00e2mbito do Poder Judici\u00e1rio do Estado do Esp\u00edrito Santo.<\/p>\n<p align=\"justify\"><strong>Par\u00e1grafo \u00fanico<\/strong>. As coordenadorias dos Juizados Especiais, das Varas da Inf\u00e2ncia e Juventude e da Viol\u00eancia dom\u00e9stica, bem como outros setores administrativos e judiciais que adotem os m\u00e9todos adequados de solu\u00e7\u00e3o de conflitos, atuar\u00e3o em conjunto com o NUPEMEC no desenvolvimento das a\u00e7\u00f5es e na capacita\u00e7\u00e3o dos facilitadores, visando a condu\u00e7\u00e3o uniforme e igualit\u00e1ria da pol\u00edtica referida no\u00a0<i>caput<\/i>\u00a0deste artigo.<\/p>\n<p align=\"justify\"><strong>Art. 2\u00ba<\/strong>. Compete ao N\u00facleo Permanente de M\u00e9todos Consensuais de Solu\u00e7\u00e3o de Conflitos (NUPEMEC):<\/p>\n<p align=\"justify\"><strong>I \u2013<\/strong>\u00a0desenvolver a Pol\u00edtica Judici\u00e1ria de tratamento adequado dos conflitos de interesses, estabelecida nesta Resolu\u00e7\u00e3o, nas Resolu\u00e7\u00f5es n\u00ba 125\/10 e 225\/2016 do Conselho Nacional de Justi\u00e7a, na Lei 13.140\/2015 e no C\u00f3digo de Processo Civil, inclusive suas eventuais modifica\u00e7\u00f5es;<\/p>\n<p align=\"justify\"><strong>II \u2013<\/strong>\u00a0planejar, implementar, manter e aperfei\u00e7oar a\u00e7\u00f5es voltados ao cumprimento de sua pol\u00edtica e metas;<\/p>\n<p align=\"justify\"><strong>III \u2013<\/strong>\u00a0atuar na interlocu\u00e7\u00e3o com os \u00f3rg\u00e3os do Poder Judici\u00e1rio, bem como com institui\u00e7\u00f5es, p\u00fablicas e privadas, como a Ordem dos Advogados do Brasil, Defensoria P\u00fablica, Procuradoria do Estado e Munic\u00edpios e Minist\u00e9rio P\u00fablico, estimulando a participa\u00e7\u00e3o nos Centros Judici\u00e1rios de Solu\u00e7\u00e3o de Conflitos e Cidadania, com a valoriza\u00e7\u00e3o da atua\u00e7\u00e3o na preven\u00e7\u00e3o de lit\u00edgios;<\/p>\n<p align=\"justify\"><strong>IV \u2013<\/strong>\u00a0propor a instala\u00e7\u00e3o de Centros Judici\u00e1rios de Solu\u00e7\u00e3o de Conflitos e Cidadania;<\/p>\n<p align=\"justify\"><strong>V \u2013<\/strong>\u00a0incentivar e promover capacita\u00e7\u00e3o, treinamento e atualiza\u00e7\u00e3o permanente de magistrados, servidores, mediadores, conciliadores e facilitadores nos m\u00e9todos adequados de solu\u00e7\u00e3o de conflitos;<\/p>\n<p align=\"justify\"><strong>VI \u2013<\/strong>\u00a0regulamentar, acompanhar e avaliar a atua\u00e7\u00e3o dos conciliadores, mediadores e facilitadores, bem como o processo de inscri\u00e7\u00e3o e desligamento;<\/p>\n<p align=\"justify\"><strong>VII \u2013<\/strong>\u00a0celebrar conv\u00eanios e parcerias com entes p\u00fablicos e privados que n\u00e3o importem em assun\u00e7\u00e3o de despesas ou transfer\u00eancias de recursos, para atender aos fins desta Resolu\u00e7\u00e3o;<\/p>\n<p align=\"justify\"><strong>VIII \u2013<\/strong>\u00a0criar e manter cadastro de mediadores, conciliadores, facilitadores, c\u00e2maras privadas de media\u00e7\u00e3o e concilia\u00e7\u00e3o e proceder o credenciamento de institui\u00e7\u00f5es capacitadas para forma\u00e7\u00e3o em m\u00e9todos adequados de solu\u00e7\u00e3o de conflitos;<\/p>\n<p align=\"justify\"><strong>IX \u2013\u00a0<\/strong>regulamentar os procedimentos para realiza\u00e7\u00e3o de a\u00e7\u00f5es concentradas que envolvam os M\u00e9todos Adequados de Solu\u00e7\u00e3o de Conflitos (MASCs);<\/p>\n<p align=\"justify\"><strong>X &#8211;\u00a0<\/strong>propor a regulamenta\u00e7\u00e3o da remunera\u00e7\u00e3o de conciliadores e mediadores nos termos do art. 169 do Novo C\u00f3digo de Processo Civil combinado com o art. 13 da Lei de Media\u00e7\u00e3o;<\/p>\n<p align=\"justify\"><strong>XI \u2013<\/strong>\u00a0criar e manter banco de dados estat\u00edsticos sobre as atividades dos Centros Judici\u00e1rios de Solu\u00e7\u00e3o de Conflitos e Cidadania e outros setores que desenvolvam atividades relacionadas aos m\u00e9todos adequados de solu\u00e7\u00e3o de conflitos;<\/p>\n<p align=\"justify\"><strong>XII &#8211;\u00a0<\/strong>promover e incentivar a realiza\u00e7\u00e3o de cursos, semin\u00e1rios e projetos, isoladamente ou em conjunto com outros \u00f3rg\u00e3os p\u00fablicos e privados, sobre m\u00e9todos adequados de solu\u00e7\u00e3o de conflitos;<\/p>\n<p align=\"justify\"><strong>Par\u00e1grafo \u00danico<\/strong>\u00a0As atividades do N\u00facleo Permanente de M\u00e9todos Consensuais de Solu\u00e7\u00e3o de Conflitos (NUPEMEC) ser\u00e3o desenvolvidas na sede do Tribunal de Justi\u00e7a, podendo contar com a contribui\u00e7\u00e3o de volunt\u00e1rios, nos termos da legisla\u00e7\u00e3o em vigor.<\/p>\n<p align=\"center\"><strong>CAP\u00cdTULO II<\/strong><\/p>\n<p align=\"center\"><strong>Dos Centros Judici\u00e1rios de Solu\u00e7\u00e3o de Conflitos e Cidadania<\/strong><\/p>\n<p align=\"justify\"><strong>Art. 3\u00ba.<\/strong>\u00a0Os Centros Judici\u00e1rios de Solu\u00e7\u00e3o de Conflitos e Cidadania (CEJUSCs) s\u00e3o unidades do Poder Judici\u00e1rio vinculadas ao NUPEMEC e respons\u00e1veis pela realiza\u00e7\u00e3o ou gest\u00e3o das sess\u00f5es e audi\u00eancias de concilia\u00e7\u00e3o e media\u00e7\u00e3o que estejam a cargo de conciliadores e mediadores, bem como pelo atendimento e orienta\u00e7\u00e3o ao cidad\u00e3o.<\/p>\n<p align=\"justify\"><strong>Art. 4\u00ba<\/strong>. Os CEJUSCs ser\u00e3o instalados por Atos Normativos do Presidente do Tribunal de Justi\u00e7a, a partir de proposta apresentada pelo NUPEMEC.<\/p>\n<p align=\"justify\"><strong>\u00a71\u00ba<\/strong>\u00a0O Ato normativo mencionado no\u00a0<i>caput<\/i>\u00a0indicar\u00e1 o regime de funcionamento e os magistrados integrantes do grupo de trabalho respons\u00e1veis pela coordena\u00e7\u00e3o do CEJUSC.<\/p>\n<p align=\"justify\"><strong>\u00a72\u00ba\u00a0<\/strong>Os CEJUSCs dever\u00e3o abranger, sem preju\u00edzo da cria\u00e7\u00e3o de unidades especializadas, os setores pr\u00e9-processual, processual e de cidadania, podendo contar com a atua\u00e7\u00e3o do Minist\u00e9rio P\u00fablico, Defensores P\u00fablicos, Advogados e\/ou Procuradores.<\/p>\n<p align=\"justify\"><strong>\u00a73\u00ba<\/strong>\u00a0O NUPEMEC poder\u00e1 realizar projetos de atendimento itinerante \u00e0s Comarcas ou meios de solu\u00e7\u00e3o digital id\u00f4neos, utilizando-se de mediadores e conciliadores capacitados, principalmente para a finalidade prevista no art. 334 do CPC.<\/p>\n<p align=\"justify\"><strong>\u00a74\u00ba<\/strong>\u00a0Os CEJUSCs poder\u00e3o ser instalados mediante conv\u00eanio ou termo de parceria com institui\u00e7\u00f5es p\u00fablicas ou privadas, sendo que, nesses casos, as institui\u00e7\u00f5es respectivas ficar\u00e3o respons\u00e1veis pelo fornecimento de estrutura de pessoal e equipamentos necess\u00e1rios para o funcionamento do Centro.<\/p>\n<p align=\"justify\"><strong>Art. 5\u00ba.<\/strong>\u00a0Compete aos CEJUSCs:<\/p>\n<p align=\"justify\">I \u2013 recepcionar, atender e registar as demandas pr\u00e9-processuais;<\/p>\n<p align=\"justify\">II \u2013 receber os processos judiciais encaminhados pelas unidades judici\u00e1rias, inclusive para fins da realiza\u00e7\u00e3o da audi\u00eancia prevista no art. 334 do C\u00f3digo de Processo Civil;<\/p>\n<p align=\"justify\">III \u2013 designar as sess\u00f5es de concilia\u00e7\u00e3o e\/ou media\u00e7\u00e3o, organizar as pautas e publicar no di\u00e1rio da justi\u00e7a, quando necess\u00e1rio;<\/p>\n<p align=\"justify\">IV \u2013 redigir e encaminhar as cartas-convite;<\/p>\n<p align=\"justify\">V \u2013 expedir declara\u00e7\u00e3o de comparecimento;<\/p>\n<p align=\"justify\">VI \u2013 organizar e manter o arquivo dos procedimentos e\/ou atos processuais em meio f\u00edsico ou eletr\u00f4nico;<\/p>\n<p align=\"justify\">VII \u2013 providenciar a confec\u00e7\u00e3o de formul\u00e1rios, conforme modelos disponibilizados pelo NUPEMEC;<\/p>\n<p align=\"justify\">VIII \u2013 registrar a frequ\u00eancia dos mediadores, conciliadores, facilitadores e demais servidores lotados ou que atuam no CEJUSC;<\/p>\n<p align=\"justify\">IX \u2013 enviar ao NUPEMEC relat\u00f3rios e informa\u00e7\u00f5es solicitadas;<\/p>\n<p align=\"justify\">X \u2013 compilar, analisar e elaborar relat\u00f3rio contendo os dados da pesquisa de satisfa\u00e7\u00e3o dos usu\u00e1rios atendidos nas sess\u00f5es de Media\u00e7\u00e3o, Concilia\u00e7\u00e3o e demais sess\u00f5es realizadas ligadas aos MASCs;<\/p>\n<p align=\"justify\">XI \u2013 encaminhar, mensalmente, ao NUPEMEC os dados estat\u00edsticos das sess\u00f5es realizadas, conforme o padr\u00e3o disponibilizado, bem como o relat\u00f3rio das avalia\u00e7\u00f5es mencionadas no inciso X;<\/p>\n<p align=\"justify\">XII \u2013 emitir certid\u00e3o de pr\u00e1tica jur\u00eddica relativo ao per\u00edodo de atua\u00e7\u00e3o no CEJUSC;<\/p>\n<p align=\"justify\">XIII &#8211; exercer outras atribui\u00e7\u00f5es pr\u00f3prias de secretaria ou definidas pelos magistrados que comp\u00f5em o grupo de trabalho atuante no CEJUSC.<\/p>\n<p align=\"justify\"><strong>Art. 6\u00ba.<\/strong>\u00a0As sess\u00f5es de concilia\u00e7\u00e3o e media\u00e7\u00e3o realizadas em procedimentos pr\u00e9-processuais ser\u00e3o realizadas, preferencialmente, nos CEJUSCs.<\/p>\n<p align=\"justify\"><strong>\u00a71\u00ba.<\/strong>\u00a0As sess\u00f5es de concilia\u00e7\u00e3o e media\u00e7\u00e3o em processos judiciais, excepcionalmente, poder\u00e3o ser realizadas nos pr\u00f3prios Ju\u00edzos, Juizados ou Varas designadas, desde que o sejam por conciliadores e mediadores capacitados na forma da Resolu\u00e7\u00e3o n\u00ba 125\/2010.<\/p>\n<p align=\"justify\"><strong>\u00a72\u00ba<\/strong>. Aos magistrados integrantes dos grupos de trabalho que coordenam os CEJUSCs caber\u00e1 a gest\u00e3o dos trabalhos, bem como a homologa\u00e7\u00e3o dos acordos nos procedimentos pr\u00e9-processuais.<\/p>\n<p align=\"justify\"><strong>\u00a73\u00ba.<\/strong>\u00a0Os CEJUSCs devem incentivar a utiliza\u00e7\u00e3o de programas e\/ou sistemas digitais que facilitem o acesso \u00e0 justi\u00e7a, conforme disposi\u00e7\u00e3o do C\u00f3digo de Processo Civil, da Lei de Media\u00e7\u00e3o e orienta\u00e7\u00f5es expedidas pelo Conselho Nacional de Justi\u00e7a.<\/p>\n<p align=\"justify\"><strong>Art. 7\u00b0.\u00a0<\/strong>Os not\u00e1rios e registradores do Estado do Esp\u00edrito Santo ficam autorizados a realizar concilia\u00e7\u00e3o e media\u00e7\u00e3o no \u00e2mbito da sua circunscri\u00e7\u00e3o.<\/p>\n<p align=\"justify\"><strong>Par\u00e1grafo \u00danico<\/strong><strong>\u00a0\u2013\u00a0<\/strong>A habilita\u00e7\u00e3o e o regramento necess\u00e1rios para as serventias extrajudiciais, a que se refere o caput deste artigo, ser\u00e3o regulamentados pelo TJES e Corregedoria Geral da Justi\u00e7a de forma conjunta.<\/p>\n<p align=\"center\"><strong>CAP\u00cdTULO III<\/strong><\/p>\n<p align=\"center\"><strong>Dos Mediadores e Conciliadores Judiciais<\/strong><\/p>\n<p align=\"justify\"><strong>Art. 8\u00ba.\u00a0<\/strong>As atividades de mediador e conciliador judicial, consideradas de relevante car\u00e1ter p\u00fablico, s\u00e3o tempor\u00e1rias, sem v\u00ednculo empregat\u00edcio, contratual ou estatut\u00e1rio, desempenhadas na forma estabelecida pela Resolu\u00e7\u00e3o n\u00ba 125\/2010 do Conselho Nacional de Justi\u00e7a, pela Lei n\u00ba 13.140\/201 e pelo C\u00f3digo de Processo Civil.<\/p>\n<p align=\"justify\"><strong>Art. 9\u00b0.<\/strong>\u00a0S\u00e3o requisitos para o exerc\u00edcio da fun\u00e7\u00e3o de conciliador judicial, na forma da Resolu\u00e7\u00e3o n\u00ba 125\/2010 do CNJ e demais legisla\u00e7\u00f5es vigentes, no \u00e2mbito do Tribunal de Justi\u00e7a do Estado do Esp\u00edrito Santo:<\/p>\n<p align=\"justify\">I &#8211; pessoa capaz, graduada em curso de ensino superior reconhecido pelo Minist\u00e9rio da Educa\u00e7\u00e3o &#8211; MEC, ou estudante de n\u00edvel superior, a partir do 5\u00ba semestre, mediante autoriza\u00e7\u00e3o expressa, na segunda hip\u00f3tese, do magistrado perante o qual o conciliador exercer\u00e1 suas fun\u00e7\u00f5es\u037e<\/p>\n<p align=\"justify\">II &#8211; possuir certificado de curso de capacita\u00e7\u00e3o em Concilia\u00e7\u00e3o Judicial, na forma da Resolu\u00e7\u00e3o n\u00ba 125\/2010 do CNJ, ministrado ou reconhecido pelo TJES\u037e<\/p>\n<p align=\"justify\">III &#8211; n\u00e3o ter sido condenado criminalmente por decis\u00e3o transitada em julgado\u037e<\/p>\n<p align=\"justify\">IV &#8211; n\u00e3o ser parte em processo em andamento no ju\u00edzo no qual pretenda exercer a fun\u00e7\u00e3o;<\/p>\n<p align=\"justify\">V- estar cadastrado no Cadastro Estadual de Conciliadores do TJES;<\/p>\n<p align=\"justify\">VI &#8211; submeter-se a aperfei\u00e7oamento permanente e a avalia\u00e7\u00e3o do usu\u00e1rio.<\/p>\n<p align=\"justify\"><strong>Art. 10\u00b0.\u00a0<\/strong>S\u00e3o requisitos para o exerc\u00edcio da fun\u00e7\u00e3o de mediador judicial, na forma da Resolu\u00e7\u00e3o n\u00ba 125\/2010 do CNJ e demais legisla\u00e7\u00f5es vigentes, no \u00e2mbito do Tribunal de Justi\u00e7a do Estado do Esp\u00edrito Santo:<\/p>\n<p align=\"justify\">I \u2013 pessoa capaz, graduada h\u00e1 pelo menos 2 (dois) anos, em curso de ensino superior de Institui\u00e7\u00e3o reconhecida pelo Minist\u00e9rio da Educa\u00e7\u00e3o &#8211; MEC\u037e<\/p>\n<p align=\"justify\">II &#8211; possuir certificado de curso de capacita\u00e7\u00e3o em Media\u00e7\u00e3o Judicial, na forma da Resolu\u00e7\u00e3o n\u00ba 125\/2010 do CNJ, ministrado ou reconhecido pelo TJES\u037e<\/p>\n<p align=\"justify\">III &#8211; n\u00e3o ter sido condenado criminalmente por decis\u00e3o transitada em julgado\u037e<\/p>\n<p align=\"justify\">IV &#8211; n\u00e3o ser parte em processo em andamento no ju\u00edzo no qual pretenda exercer a fun\u00e7\u00e3o;<\/p>\n<p align=\"justify\">V &#8211; estar cadastrado no Cadastro Estadual de Mediadores do TJES;<\/p>\n<p align=\"justify\">VI &#8211; submeter-se a aperfei\u00e7oamento permanente e \u00e0 avalia\u00e7\u00e3o do usu\u00e1rio.<\/p>\n<p>&nbsp;<\/p>\n<p><strong>Art. 11\u00ba.<\/strong>\u00a0Compete aos mediadores e conciliadores judiciais:<\/p>\n<p align=\"justify\">I &#8211; abrir e conduzir a sess\u00e3o de concilia\u00e7\u00e3o ou de media\u00e7\u00e3o, promovendo o entendimento entre as partes\u037e<\/p>\n<p align=\"justify\">II &#8211; redigir o termo de acordo, submetendo-o \u00e0 homologa\u00e7\u00e3o do magistrado competente\u037e<\/p>\n<p align=\"justify\">III &#8211; certificar os atos ocorridos na sess\u00e3o de concilia\u00e7\u00e3o ou de media\u00e7\u00e3o, respeitando o princ\u00edpio da confidencialidade\u037e<\/p>\n<p align=\"justify\">IV &#8211; manter atualizados os dados no Cadastro Estadual de mediadores e\/ou conciliadores e comprovar a participa\u00e7\u00e3o em cursos de aperfei\u00e7oamento promovidos pelo NUPEMEC ou outros \u00f3rg\u00e3os, nos par\u00e2metros do CNJ.<\/p>\n<p align=\"justify\"><strong>\u00a71\u00ba.\u00a0<\/strong>Aplicam-se ao conciliador e ao mediador Judicial os motivos de impedimento e de suspei\u00e7\u00e3o previstos no C\u00f3digo de Processo Civil.<\/p>\n<p align=\"justify\"><strong>\u00a72\u00ba.\u00a0<\/strong>O conciliador e o mediador Judicial, no desempenho de suas atribui\u00e7\u00f5es, est\u00e3o sujeitos \u00e0s normas de conduta estabelecidas no C\u00f3digo de \u00c9tica de Conciliadores e Mediadores, constantes do Anexo III da Emenda 1 da Resolu\u00e7\u00e3o n\u00ba 125\/2010 do CNJ.<\/p>\n<p align=\"justify\"><strong>\u00a73\u00ba.\u00a0<\/strong>O conciliador e o mediador Judicial ficam impedidos de prestar servi\u00e7os profissionais, de qualquer natureza, aos envolvidos em processo de concilia\u00e7\u00e3o ou media\u00e7\u00e3o sob sua condu\u00e7\u00e3o pelo prazo de 01 (um) ano, contado do t\u00e9rmino da \u00faltima audi\u00eancia em que atuar.<\/p>\n<p align=\"justify\"><strong>Art. 12\u00b0.<\/strong>\u00a0Somente ser\u00e3o admitidos para atua\u00e7\u00e3o nos CEJUSCs ou unidades judici\u00e1rias, mediadores e conciliadores capacitados na forma da Resolu\u00e7\u00e3o n\u00ba 125 do Conselho Nacional de Justi\u00e7a e devidamente cadastrados neste Tribunal, cabendo ao NUPEMEC manter o cadastro atualizado dos profissionais.<\/p>\n<p align=\"justify\"><del><strong>\u00a71\u00ba\u00a0<\/strong>Para cada sess\u00e3o de media\u00e7\u00e3o e\/ou concilia\u00e7\u00e3o, ser\u00e1 designado 01 (um) mediador ou conciliador, podendo o magistrado designar mais de um auxiliar, excepcionalmente, em casos de maior complexidade.\u00a0<\/del><strong><span style=\"color: #ff0000;\">Revogado pela <a href=\"https:\/\/www.tjes.jus.br\/corregedoria\/2022\/09\/23\/resolucao-no-023-2022-disp-23-09-2022\/\">resolu\u00e7\u00e3o\u00a0n\u00ba 23\/2022<\/a> Disp 23\/09\/2022.<\/span><\/strong><\/p>\n<p align=\"justify\"><strong>\u00a72\u00ba<\/strong>\u00a0Poder\u00e3o atuar junto aos CEJUSCs estagi\u00e1rios admitidos formalmente pelo Tribunal de Justi\u00e7a e servidores cedidos por outros \u00f3rg\u00e3os, assim como o servi\u00e7o volunt\u00e1rio, na forma da legisla\u00e7\u00e3o em vigor.<\/p>\n<p align=\"justify\"><strong>Art.13\u00b0<\/strong>. Os servidores efetivos ou comissionados, estagi\u00e1rios conciliadores, de gradua\u00e7\u00e3o e p\u00f3s-gradua\u00e7\u00e3o integrantes do quadro deste TJES, capacitados em Media\u00e7\u00e3o, Concilia\u00e7\u00e3o e demais m\u00e9todos adequados de solu\u00e7\u00e3o de conflitos, poder\u00e3o atuar de forma volunt\u00e1ria e cumulativa com as fun\u00e7\u00f5es regulares dos cargos que ocupam em suas unidades judici\u00e1rias ou setores do Tribunal de Justi\u00e7a, ficando dispensados das mesmas quando no exerc\u00edcio das atividades de media\u00e7\u00e3o e concilia\u00e7\u00e3o mediante autoriza\u00e7\u00e3o da chefia imediata.<\/p>\n<p align=\"justify\"><strong>\u00a71\u00ba.<\/strong>\u00a0Os servidores referidos no\u00a0<i>caput<\/i>\u00a0deste artigo integrar\u00e3o equipe de trabalho designada para atua\u00e7\u00e3o no CEJUSC respectivo e ter\u00e3o reconhecida, para fins de promo\u00e7\u00e3o na carreira, quando for o caso, a pontua\u00e7\u00e3o equivalente \u00e0 participa\u00e7\u00e3o em Equipe Especial de Trabalho (fator profissional), prevista na Lei 7.854\/2004.<\/p>\n<p align=\"justify\"><strong>\u00a72\u00ba.<\/strong>\u00a0Para fins de atestado de frequ\u00eancia, os CEJUSCs enviar\u00e3o relat\u00f3rio de atua\u00e7\u00e3o dos mediadores, conciliadores e facilitadores \u00e0s respectivas unidades judici\u00e1rias, mantendo c\u00f3pia em arquivo pr\u00f3prio.<\/p>\n<p align=\"justify\"><strong>\u00a73 \u00ba<\/strong>\u00a0Excepcionalmente, sendo necess\u00e1ria a atua\u00e7\u00e3o do servidor antes ou ap\u00f3s o hor\u00e1rio normal de expediente, as horas excedentes trabalhadas ser\u00e3o atestadas pelo CEJUSC respectivo para fins de anota\u00e7\u00e3o em ficha funcional em banco de horas, com a finalidade de serem gozadas oportunamente com a anu\u00eancia da chefia imediata.<\/p>\n<p align=\"justify\"><del><strong>\u00a74 \u00ba\u00a0<\/strong>N\u00e3o poder\u00e1 haver aumento de despesa, bem como pagamento de horas-extras, sem a autoriza\u00e7\u00e3o pr\u00e9via da Presid\u00eancia e enquanto n\u00e3o houver dota\u00e7\u00e3o suficiente no or\u00e7amento do PJES para a mencionada despesa.\u00a0<\/del><strong><span style=\"color: #ff0000;\">Revogado pela <a href=\"https:\/\/www.tjes.jus.br\/corregedoria\/2022\/09\/23\/resolucao-no-023-2022-disp-23-09-2022\/\">resolu\u00e7\u00e3o\u00a0n\u00ba 23\/2022<\/a> Disp, 23\/09\/2022.<\/span><\/strong><\/p>\n<p align=\"justify\">\u00a74 \u00ba N\u00e3o poder\u00e1 haver aumento de despesa, bem como pagamento de horas-extras.<\/p>\n<p align=\"justify\"><strong>Art. 14\u00b0<\/strong>. Os mediadores e conciliadores judiciais cadastrados no TJES que n\u00e3o integram o quadro de servidores deste Tribunal poder\u00e3o atuar nos CEJUSCs como auxiliares da justi\u00e7a, sem v\u00ednculo empregat\u00edcio, contratual ou estatut\u00e1rio.<\/p>\n<p align=\"justify\"><strong>\u00a71\u00ba.<\/strong>\u00a0A remunera\u00e7\u00e3o devida aos profissionais referidos no caput deste artigo ser\u00e1 regulamentada no \u00e2mbito deste TJES, quando o limite fiscal e a dota\u00e7\u00e3o or\u00e7ament\u00e1ria permitirem e, desde que n\u00e3o haja impeditivo legal.<\/p>\n<p align=\"justify\"><strong>\u00a72\u00ba.<\/strong>\u00a0Enquanto n\u00e3o for publicado o ato normativo referido no par\u00e1grafo anterior, a atua\u00e7\u00e3o dos mediadores e conciliadores ser\u00e1 volunt\u00e1ria.<\/p>\n<p align=\"justify\"><strong>Art. 15\u00b0.\u00a0<\/strong>As partes poder\u00e3o escolher, de comum acordo, o conciliador ou mediador, incidindo, nessa hip\u00f3tese, as regras estabelecidas na Resolu\u00e7\u00e3o n\u00ba 271\/2018 do CNJ quanto aos par\u00e2metros remunerat\u00f3rios desses profissionais, que ser\u00e3o custeados exclusivamente pelas partes.<\/p>\n<p align=\"center\"><strong>CAP\u00cdTULO IV<\/strong><\/p>\n<p align=\"center\"><strong>Do Cadastro Estadual de Mediadores e Conciliadores Judiciais<\/strong><\/p>\n<p align=\"center\"><strong>Se\u00e7\u00e3o I \u2013 Da inclus\u00e3o no Cadastro<\/strong><\/p>\n<p align=\"justify\"><strong>Art. 16\u00b0.\u00a0<\/strong>O Tribunal de Justi\u00e7a do Esp\u00edrito Santo, por interm\u00e9dio do NUPEMEC, manter\u00e1 Cadastro Estadual de Mediadores e Conciliadores Judiciais, disponibilizado em seu site na internet.<\/p>\n<p align=\"justify\"><strong>Art. 17\u00b0.\u00a0<\/strong>O mediador ou conciliador judicial, devidamente capacitado nos termos da Resolu\u00e7\u00e3o n\u00ba 125\/2010 do CNJ, poder\u00e1 requerer ao NUPEMEC a inclus\u00e3o no Cadastro Estadual, observados os seguintes requisitos:<\/p>\n<p align=\"justify\"><strong>I \u2013<\/strong>\u00a0apresenta\u00e7\u00e3o de certificado de conclus\u00e3o do curso te\u00f3rico e pr\u00e1tico de media\u00e7\u00e3o e\/ou concilia\u00e7\u00e3o judicial, realizados de acordo com as regras do CNJ;<\/p>\n<p align=\"justify\"><strong>II \u2013<\/strong>\u00a0ser pessoa capaz, graduada h\u00e1, pelo menos, 02 (dois) anos em curso de ensino superior de institui\u00e7\u00e3o reconhecida pelo Minist\u00e9rio da Educa\u00e7\u00e3o, comprovado pelo respectivo diploma, no caso de Mediador.<\/p>\n<p align=\"justify\"><strong>III \u2013<\/strong>\u00a0apresenta\u00e7\u00e3o dos seguintes documentos:<\/p>\n<p align=\"justify\"><strong>a)<\/strong>\u00a0certid\u00f5es negativas de antecedentes c\u00edveis e criminais das Justi\u00e7as Federal e Estadual e de documento que comprove estar o candidato em dia com as obriga\u00e7\u00f5es eleitorais ou certid\u00e3o negativa da Justi\u00e7a Eleitoral;<\/p>\n<p align=\"justify\"><strong>b)<\/strong>\u00a0c\u00f3pia da carteira de identidade, do CPF, do t\u00edtulo de eleitor e comprovante de endere\u00e7o;<\/p>\n<p align=\"justify\"><strong>c)<\/strong>\u00a0<i>curriculum vitae<\/i>\u00a0atualizado;<\/p>\n<p align=\"justify\"><strong>d)<\/strong>\u00a0c\u00f3pia autenticada do certificado de conclus\u00e3o de curso superior, no caso de Mediador Judicial;<\/p>\n<p align=\"justify\"><strong>e)\u00a0<\/strong>comprova\u00e7\u00e3o do aperfei\u00e7oamento permanente, bem como das horas de atua\u00e7\u00e3o e especializa\u00e7\u00e3o, se for o caso;<\/p>\n<p align=\"justify\"><strong>\u00a71\u00ba.<\/strong>\u00a0Para os fins previstos no \u00a71\u00ba do art. 2\u00ba da Resolu\u00e7\u00e3o n\u00ba 271\/2018 do CNJ e no artigo 14 desta Resolu\u00e7\u00e3o, o mediador ou conciliador dever\u00e1 indicar o patamar remunerat\u00f3rio em que pretende ser enquadrado (volunt\u00e1rio, b\u00e1sico, intermedi\u00e1rio, avan\u00e7ado ou extraordin\u00e1rio).<\/p>\n<p align=\"justify\"><strong>\u00a72\u00ba.<\/strong>Os prontu\u00e1rios contendo todos os documentos exigidos e apresentados pelos mediadores e conciliadores judiciais permanecer\u00e3o arquivados no NUPEMEC e estes, uma vez admitidos, dever\u00e3o assinar termo de compromisso.<\/p>\n<p align=\"justify\"><strong>\u00a73\u00ba.<\/strong>\u00a0A lista de mediadores e conciliadores cadastrados ser\u00e1 disponibilizada no Portal do Tribunal de Justi\u00e7a do Estado do Esp\u00edrito Santo, na aba \u201cConcilia\u00e7\u00e3o e Media\u00e7\u00e3o\u201d.<\/p>\n<p align=\"justify\"><strong>Art. 18\u00ba.<\/strong>O cadastro ter\u00e1 validade definida na forma da legisla\u00e7\u00e3o do Conselho Nacional de Justi\u00e7a em vigor e habilitar\u00e1 o mediador ou conciliador judicial a exercer sua fun\u00e7\u00e3o nos CEJUSCs ou Varas, submetendo-se \u00e0s orienta\u00e7\u00f5es do NUPEMEC, do Magistrado da respectiva unidade judici\u00e1ria ou integrante do grupo de trabalho que coordena o CEJUSC respectivo.<\/p>\n<p align=\"justify\"><strong>Art. 19\u00b0.\u00a0<\/strong>Os conciliadores e mediadores judiciais capacitados nos par\u00e2metros indicados nos artigos anteriores poder\u00e3o solicitar ao NUPEMEC a inscri\u00e7\u00e3o no curso de forma\u00e7\u00e3o de Instrutores, atendidas as exig\u00eancias do CNJ.<\/p>\n<p align=\"center\"><strong>SE\u00c7\u00c3O II \u2013 Da Exclus\u00e3o do Cadastro<\/strong><\/p>\n<p align=\"justify\"><strong>Art. 20\u00b0.<\/strong><strong>\u00a0A exclus\u00e3o do m<\/strong>ediador ou conciliador judicial do Cadastro Estadual de Mediadores e Conciliadores pode ocorrer a pedido do interessado ou, compulsoriamente, por requisi\u00e7\u00e3o do NUPEMEC, dos Magistrados respons\u00e1veis pelos CEJUSCs ou Unidades Judici\u00e1rias, quando constatada pr\u00e1tica das seguintes infra\u00e7\u00f5es no exerc\u00edcio das atividades:<\/p>\n<p align=\"justify\"><strong>I &#8211;<\/strong>\u00a0ausentar-se, sem justificativa, quando escalado para realizar sess\u00e3o;<\/p>\n<p align=\"justify\"><strong>II &#8211;<\/strong>\u00a0descumprir os princ\u00edpios e regras estabelecidos no C\u00f3digo de \u00c9tica de Conciliadores e Mediadores previsto na Resolu\u00e7\u00e3o n\u00ba 125\/10 do CNJ;<\/p>\n<p align=\"justify\"><strong>III &#8211;\u00a0<\/strong>for condenado, definitivamente, em processo criminal;<\/p>\n<p align=\"justify\"><strong>IV &#8211;<\/strong>\u00a0deixar de submeter-se \u00e0 forma\u00e7\u00e3o continuada e aperfei\u00e7oamento perante o N\u00facleo Permanente de M\u00e9todos Consensuais de Solu\u00e7\u00e3o de Conflitos (NUPEMEC) ou outros \u00f3rg\u00e3os;<\/p>\n<p align=\"justify\"><strong>V \u2013<\/strong>\u00a0n\u00e3o atender na \u00edntegra o Regulamento das A\u00e7\u00f5es de Capacita\u00e7\u00e3o e do Banco de dados da Pol\u00edtica de Tratamento Adequado de Conflitos do CNJ ou outra legisla\u00e7\u00e3o que a sobrevenha.<\/p>\n<p align=\"center\"><strong>CAP\u00cdTULO V \u2013 CREDENCIAMENTO DAS INSTITUI\u00c7\u00d5ES FORMADORAS EM MEDIA\u00c7\u00c3O E CONCILIA\u00c7\u00c3O<\/strong><\/p>\n<p align=\"center\"><strong>Se\u00e7\u00e3o I \u2013 Do credenciamento<\/strong><\/p>\n<p align=\"justify\"><strong>Art. 21\u00b0.\u00a0<\/strong>As escolas ou institui\u00e7\u00f5es p\u00fablicas ou privadas interessadas em se habilitar para a realiza\u00e7\u00e3o do curso de capacita\u00e7\u00e3o b\u00e1sica em media\u00e7\u00e3o e concilia\u00e7\u00e3o judicial, nos moldes da Resolu\u00e7\u00e3o n\u00ba 125\/10 do Conselho Nacional de Justi\u00e7a \u2013 CNJ, dever\u00e3o preencher os seguintes requisitos:<\/p>\n<p align=\"justify\"><strong>I \u2013<\/strong>\u00a0protocolo do pedido de inscri\u00e7\u00e3o devidamente assinado pelo respons\u00e1vel, contendo, nome, endere\u00e7o, CNPJ, nome do representante legal, bem como telefone de contato e endere\u00e7o eletr\u00f4nico;<\/p>\n<p align=\"justify\"><strong>II \u2013<\/strong>\u00a0documenta\u00e7\u00e3o comprobat\u00f3ria de sua exist\u00eancia jur\u00eddica h\u00e1 no m\u00ednimo dois anos, consistindo na apresenta\u00e7\u00e3o dos atos constitutivos da interessada;<\/p>\n<p align=\"justify\"><strong>III &#8211;<\/strong>\u00a0indica\u00e7\u00e3o do Coordenador pedag\u00f3gico do curso, com nome, titula\u00e7\u00e3o, dados de contato;<\/p>\n<p align=\"justify\"><strong>IV &#8211;<\/strong>\u00a0indica\u00e7\u00e3o da modalidade de curso presencial ou em EAD, de acordo com os par\u00e2metros definidos pelos CNJ;<\/p>\n<p align=\"justify\"><strong>V &#8211;<\/strong>\u00a0apresenta\u00e7\u00e3o de Plano Geral de Curso de Media\u00e7\u00e3o Judicial, indicando o conte\u00fado program\u00e1tico, a carga hor\u00e1ria, o local onde as aulas ser\u00e3o ministradas, com observ\u00e2ncia do conte\u00fado program\u00e1tico e carga hor\u00e1ria m\u00ednimos exigidos pelo CNJ, contendo necessariamente m\u00f3dulo te\u00f3rico e m\u00f3dulo pr\u00e1tico (est\u00e1gio supervisionado);<\/p>\n<p align=\"justify\"><strong>VI \u2013<\/strong>\u00a0rela\u00e7\u00e3o do corpo docente de instrutores certificados pelo CNJ e autorizados pelo NUPEMEC, acompanhado de\u00a0<i>curriculum vitae<\/i>\u00a0resumido e da autoriza\u00e7\u00e3o do docente;<\/p>\n<p align=\"justify\"><strong>VII &#8211;<\/strong>\u00a0autoriza\u00e7\u00e3o para que NUPEMEC compare\u00e7a, sem necessidade de aviso pr\u00e9vio, ao domic\u00edlio ou sede da institui\u00e7\u00e3o e ao local de realiza\u00e7\u00e3o de ambas as etapas do curso, nos dias e hor\u00e1rios em que estiverem sendo realizadas, para avaliar a adequa\u00e7\u00e3o das instala\u00e7\u00f5es, a experi\u00eancia do corpo docente, a qualidade pedag\u00f3gica do ensino e as atividades relativas ao est\u00e1gio supervisionado;<\/p>\n<p align=\"justify\"><strong>VIII<\/strong>\u00a0&#8211; prova de inscri\u00e7\u00e3o no cadastro de pessoas jur\u00eddicas, CNPJ, relativa ao domic\u00edlio ou sede da escola ou institui\u00e7\u00e3o p\u00fablica ou privada, com prova de regularidade fiscal perante a Fazenda P\u00fablica Federal, Estadual e\/ou Municipal, conforme o caso, do domic\u00edlio ou sede da institui\u00e7\u00e3o, bem como autoriza\u00e7\u00e3o de funcionamento e prova de regularidade perante a justi\u00e7a trabalhista \u00e0 Seguridade Social e ao FGTS, bem como outros documentos exigidos pelo TJES para assinatura de conv\u00eanio.<\/p>\n<p align=\"justify\"><strong>\u00a71\u00ba.\u00a0<\/strong>O credenciamento da institui\u00e7\u00e3o ser\u00e1 realizado pela Escola da Magistratura do Esp\u00edrito Santo \u2013 EMES, juntamente com o NUPEMEC, no prazo de 90 (noventa) dias contados do protocolo da solicita\u00e7\u00e3o e prorrog\u00e1veis por igual per\u00edodo, seguido da assinatura de termo de conv\u00eanio perante a Secretaria Geral deste Tribunal de Justi\u00e7a.<\/p>\n<p align=\"justify\"><strong>\u00a72\u00ba.<\/strong>\u00a0O ato de reconhecimento da escola ou institui\u00e7\u00e3o ter\u00e1 validade exclusiva para as unidades indicadas na solicita\u00e7\u00e3o de reconhecimento e ser\u00e1 v\u00e1lido pelo prazo de 02 (dois) anos.<\/p>\n<p align=\"justify\"><strong>\u00a73\u00ba.<\/strong>\u00a0A institui\u00e7\u00e3o credenciada dever\u00e1 observar a legisla\u00e7\u00e3o vigente que disciplina a Pol\u00edtica Nacional de Tratamento Adequado de Conflitos estabelecida pelo Conselho Nacional de Justi\u00e7a, as disposi\u00e7\u00f5es contidas no C\u00f3digo de Processo Civil, e, principalmente, as normas internas deste Tribunal de Justi\u00e7a, inclusive quanto \u00e0 atua\u00e7\u00e3o de seus profissionais e alunos, sob pena de revoga\u00e7\u00e3o do ato de reconhecimento.<\/p>\n<p align=\"justify\"><strong>\u00a74\u00ba.\u00a0<\/strong>Na hip\u00f3tese de indeferimento do pedido de credenciamento, caber\u00e1 recurso, no prazo de 15 (quinze) dias, ao Desembargador Supervisor do NUPEMEC e ao Diretor-Geral da Escola da Magistratura, que decidir\u00e3o conjuntamente.<\/p>\n<p align=\"justify\"><strong>Art. 22\u00b0.<\/strong>\u00a0A renova\u00e7\u00e3o do credenciamento das institui\u00e7\u00f5es privadas dever\u00e1 ser formulada ao NUPEMEC, no prazo m\u00ednimo de 60 (sessenta) dias que antecederem o seu termo final.<\/p>\n<p align=\"justify\"><strong>Par\u00e1grafo \u00fanico.<\/strong>\u00a0Fica a renova\u00e7\u00e3o condicionada \u00e0 comprova\u00e7\u00e3o de ter sido realizado, pelo menos, um curso completo, inclusive com t\u00e9rmino do est\u00e1gio supervisionado no per\u00edodo habilitado.<\/p>\n<p align=\"justify\"><strong>Art. 23\u00b0.\u00a0<\/strong>Os termos de coopera\u00e7\u00e3o e de conv\u00eanio j\u00e1 firmados at\u00e9 a publica\u00e7\u00e3o desta Resolu\u00e7\u00e3o manter\u00e3o sua vig\u00eancia, entretanto a realiza\u00e7\u00e3o da etapa pr\u00e1tica depender\u00e1 do cumprimento dos requisitos desta Resolu\u00e7\u00e3o.<\/p>\n<p style=\"text-align: justify;\" align=\"justify\"><strong>Par\u00e1grafo \u00fanico<\/strong>. Ap\u00f3s o t\u00e9rmino da vig\u00eancia dos termos de coopera\u00e7\u00e3o e de conv\u00eanio mencionados no\u00a0<i>caput<\/i>\u00a0deste artigo, n\u00e3o ser\u00e3o efetivadas renova\u00e7\u00f5es, cabendo a cada institui\u00e7\u00e3o renovar o credenciamento na forma desta Resolu\u00e7\u00e3o.<\/p>\n<p style=\"text-align: justify;\" align=\"justify\"><strong>Art. 24\u00ba.\u00a0<\/strong>O descumprimento de quaisquer condi\u00e7\u00f5es estabelecidas nesta Resolu\u00e7\u00e3o implicar\u00e1 na revoga\u00e7\u00e3o do ato de credenciamento, por decis\u00e3o fundamentada do Desembargador Supervisor do NUPEMEC.<\/p>\n<p style=\"text-align: justify;\" align=\"justify\"><strong>Par\u00e1grafo \u00fanico.<\/strong>\u00a0A institui\u00e7\u00e3o que obtiver o credenciamento dever\u00e1 comunicar ao NUPEMEC a ocorr\u00eancia de qualquer altera\u00e7\u00e3o na documenta\u00e7\u00e3o elencada no art. 20 desta Resolu\u00e7\u00e3o, no prazo de 15 (quinze) dias, contado do fato gerador, sob pena de aplica\u00e7\u00e3o da san\u00e7\u00e3o prevista no\u00a0<i>caput<\/i>deste artigo.<\/p>\n<p style=\"text-align: justify;\" align=\"justify\"><strong>Art. 25\u00b0.<\/strong>\u00a0As institui\u00e7\u00f5es formadoras reconhecidas dever\u00e3o manter afixados em local vis\u00edvel e de f\u00e1cil acesso, bem como em suas p\u00e1ginas na internet: I \u2013 o ato de seu reconhecimento; II \u2013 as informa\u00e7\u00f5es atualizadas dos cursos ministrados, especialmente: a) o conte\u00fado program\u00e1tico; b) a carga hor\u00e1ria; c) o local, os dias e os hor\u00e1rios dos cursos; d) o corpo docente com os respectivos curr\u00edculos resumidos.<\/p>\n<p style=\"text-align: justify;\" align=\"justify\"><strong>Art. 26\u00b0.\u00a0<\/strong>A rela\u00e7\u00e3o das institui\u00e7\u00f5es formadoras reconhecidas ser\u00e1 disponibilizada pelo NUPEMEC e EMES em suas respectivas p\u00e1ginas na internet.<\/p>\n<p style=\"text-align: justify;\" align=\"center\"><strong>Se\u00e7\u00e3o II<\/strong><strong>\u00a0&#8211;<\/strong><\/p>\n<p style=\"text-align: justify;\" align=\"center\"><strong>Das atividades de capacita\u00e7\u00e3o realizadas pelas Institui\u00e7\u00f5es Credenciadas<\/strong><\/p>\n<p style=\"text-align: justify;\" align=\"justify\"><strong>Art. 27\u00b0<\/strong>. Para os fins desta Resolu\u00e7\u00e3o, consideram-se atividades de capacita\u00e7\u00e3o aquelas destinadas \u00e0 forma\u00e7\u00e3o de instrutores, facilitadores, mediadores e conciliadores em M\u00e9todos Adequados de Solu\u00e7\u00e3o de Conflitos.<\/p>\n<p style=\"text-align: justify;\" align=\"justify\"><strong>Art. 28\u00b0.<\/strong>\u00a0S\u00e3o requisitos para a realiza\u00e7\u00e3o das atividades de capacita\u00e7\u00e3o por escolas e institui\u00e7\u00f5es p\u00fablicas ou privadas credenciadas:<\/p>\n<p style=\"text-align: justify;\" align=\"justify\">I &#8211; disponibilidade de equipe de instrutoria e supervis\u00e3o, devidamente capacitada conforme par\u00e2metros do CNJ\u037e<\/p>\n<p style=\"text-align: justify;\" align=\"justify\">II \u2013 cumprimento das regras e diretrizes estabelecidas nesta Resolu\u00e7\u00e3o e nos regulamentos do CNJ\u037e<\/p>\n<p style=\"text-align: justify;\" align=\"justify\">III &#8211; n\u00famero m\u00ednimo de participantes que preencham os requisitos estabelecidos para cada atividade\u037e<\/p>\n<p style=\"text-align: justify;\" align=\"justify\">IV \u2013 aprova\u00e7\u00e3o, pelo NUPEMEC, do calend\u00e1rio pr\u00e9vio de est\u00e1gio supervisionado.<\/p>\n<p style=\"text-align: justify;\" align=\"justify\"><strong>Art. 29\u00b0.<\/strong>\u00a0A institui\u00e7\u00e3o formadora deve oferecer o est\u00e1gio supervisionado, mediante o atendimento de casos reais, no pr\u00f3prio local do curso, nas depend\u00eancias do Poder Judici\u00e1rio (CEJUSCs) ou por meio de parcerias, conv\u00eanios ou acordos firmados com institui\u00e7\u00f5es ou \u00f3rg\u00e3os que ofere\u00e7am media\u00e7\u00e3o extrajudicial ou judicial.<\/p>\n<p style=\"text-align: justify;\" align=\"justify\"><strong>Art. 30\u00b0.<\/strong>\u00a0As atividades da etapa pr\u00e1tica em media\u00e7\u00e3o judicial e concilia\u00e7\u00e3o judicial ser\u00e3o coordenadas pela institui\u00e7\u00e3o credenciada, observados os seguintes crit\u00e9rios:<\/p>\n<p style=\"text-align: justify;\" align=\"justify\">I &#8211; a institui\u00e7\u00e3o credenciada dever\u00e1 elaborar calend\u00e1rio pr\u00e9vio para o est\u00e1gio supervisionado, que ser\u00e1 aprovado pelo NUPEMEC antes da divulga\u00e7\u00e3o do curso\u037e<\/p>\n<p style=\"text-align: justify;\" align=\"justify\">II &#8211; o est\u00e1gio supervisionado dever\u00e1 ser de, no m\u00ednimo, 60 (sessenta) horas, em atendimento de casos reais, onde o aluno dever\u00e1 aplicar os conhecimentos te\u00f3ricos, desempenhando, necessariamente, 3 fun\u00e7\u00f5es: a) observador b) co-conciliador ou co-mediador, c) conciliador ou mediador, de modo que todos do grupo tenham a oportunidade de concluir as sess\u00f5es necess\u00e1rias para obten\u00e7\u00e3o do certificado, contando com o total de, no m\u00ednimo, 10 (dez) sess\u00f5es nas fun\u00e7\u00f5es b e c\u037e<\/p>\n<p style=\"text-align: justify;\" align=\"justify\">III &#8211; o CEJUSC, ou outra unidade judici\u00e1ria na qual for realizada a etapa pr\u00e1tica, ser\u00e1 respons\u00e1vel por disponibilizar casos \u00e0 realiza\u00e7\u00e3o da etapa pr\u00e1tica\u037e<\/p>\n<p style=\"text-align: justify;\" align=\"justify\">IV &#8211; a institui\u00e7\u00e3o credenciada ser\u00e1 respons\u00e1vel pelas seguintes provid\u00eancias:<\/p>\n<p style=\"text-align: justify;\" align=\"justify\">a) agendamento das sess\u00f5es e encaminhamento da rela\u00e7\u00e3o dos grupos (mediadores, co-mediadores e observadores), conforme calend\u00e1rio pr\u00e9-aprovado pelo NUPEMEC\u037e<\/p>\n<p style=\"text-align: justify;\" align=\"justify\">b) disponibiliza\u00e7\u00e3o de supervisores e material did\u00e1tico para realiza\u00e7\u00e3o da etapa pr\u00e1tica no TJES\u037e<\/p>\n<p style=\"text-align: justify;\" align=\"justify\">c) aplica\u00e7\u00e3o da pesquisa de satisfa\u00e7\u00e3o do usu\u00e1rio, fornecida pelo NUPEMEC, ap\u00f3s as sess\u00f5es de media\u00e7\u00e3o\/concilia\u00e7\u00e3o.<\/p>\n<p style=\"text-align: justify;\" align=\"justify\">d) aplica\u00e7\u00e3o de avalia\u00e7\u00e3o final ao aluno, conforme modelo elaborado e disponibilizado pelo NUPEMEC.<\/p>\n<p style=\"text-align: justify;\" align=\"justify\"><strong>Par\u00e1grafo \u00fanico.<\/strong>\u00a0Dever\u00e3o ser reservadas, no m\u00ednimo, 10% (dez por cento) das vagas no curso de Media\u00e7\u00e3o e Concilia\u00e7\u00e3o para indica\u00e7\u00e3o do NUPEMEC, sem qualquer custo, caso o est\u00e1gio supervisionado seja realizado nas depend\u00eancias do Poder Judici\u00e1rio.<\/p>\n<p style=\"text-align: justify;\" align=\"justify\"><strong>Art. 31\u00b0.<\/strong>\u00a0A etapa pr\u00e1tica ser\u00e1 na modalidade supervisionada e dever\u00e1 ser realizada pelos instrutores e\/ou supervisores da institui\u00e7\u00e3o credenciada, capacitados conforme par\u00e2metros do CNJ.<\/p>\n<p style=\"text-align: justify;\" align=\"justify\"><strong>Art. 32\u00b0.<\/strong>\u00a0Caber\u00e1 \u00e0 institui\u00e7\u00e3o credenciada encaminhar ao NUPEMEC, por meio f\u00edsico ou digital, relat\u00f3rio final de acompanhamento do est\u00e1gio supervisionado de cada aluno, juntamente com a nota da avalia\u00e7\u00e3o final, devendo manter em arquivo pr\u00f3prio, disponibilizado para auditoria, as pastas com os formul\u00e1rios obrigat\u00f3rios para certifica\u00e7\u00e3o pr\u00e1tica.<\/p>\n<p style=\"text-align: justify;\" align=\"justify\"><strong>Art. 33\u00b0.<\/strong>\u00a0Cumpridos os crit\u00e9rios exigidos para aprova\u00e7\u00e3o, atestados pela institui\u00e7\u00e3o e pelo NUPEMEC, o est\u00e1gio supervisionado ser\u00e1 declarado conclu\u00eddo e a certifica\u00e7\u00e3o final ficar\u00e1 a cargo da institui\u00e7\u00e3o credenciada, exceto disposi\u00e7\u00f5es em contr\u00e1rio no termo de conv\u00eanio.<\/p>\n<p style=\"text-align: justify;\" align=\"justify\"><strong>Art. 34\u00b0.\u00a0<\/strong>Ap\u00f3s a certifica\u00e7\u00e3o, o aluno poder\u00e1 requerer ao NUPEMEC sua inclus\u00e3o no cadastro de mediadores e conciliadores deste Tribunal de Justi\u00e7a, instruindo-o com a documenta\u00e7\u00e3o respectiva.<\/p>\n<p style=\"text-align: justify;\" align=\"center\"><strong>CAP\u00cdTULO VI<\/strong><\/p>\n<p style=\"text-align: justify;\" align=\"center\"><strong>DAS DISPOSI\u00c7\u00d5ES FINAIS<\/strong><\/p>\n<p style=\"text-align: justify;\" align=\"justify\"><strong>Art. 35\u00b0<\/strong>. O NUPEMEC encaminhar\u00e1 relat\u00f3rios mensais das atividades realizadas ao Conselho Nacional de Justi\u00e7a e ao N\u00facleo de Estat\u00edstica deste Tribunal de Justi\u00e7a, na forma da legisla\u00e7\u00e3o em vigor e quando solicitado.<\/p>\n<p style=\"text-align: justify;\" align=\"justify\"><strong>\u00a71\u00ba.\u00a0<\/strong>O NUPEMECsolicitar\u00e1 aos setores judiciais e administrativos que adotam os m\u00e9todos adequados de solu\u00e7\u00e3o de conflitos, os relat\u00f3rios das atividades desenvolvidas, para a finalidade prevista no\u00a0<i>caput<\/i>\u00a0deste artigo.<\/p>\n<p style=\"text-align: justify;\" align=\"justify\"><strong>\u00a72\u00ba.<\/strong>\u00a0Os dados estat\u00edsticos estar\u00e3o dispon\u00edveis em meio eletr\u00f4nico para consulta.<\/p>\n<p style=\"text-align: justify;\" align=\"justify\"><strong>Art. 36\u00ba.<\/strong>\u00a0Para efeito de estat\u00edstica de produtividade, as senten\u00e7as homologat\u00f3rias prolatadas em processos encaminhados para concilia\u00e7\u00e3o ou media\u00e7\u00e3o reverter\u00e3o ao ju\u00edzo de origem e, as senten\u00e7as decorrentes da atua\u00e7\u00e3o pr\u00e9-processual, a um dos magistrados integrantes do grupo de trabalho que coordena o CEJUSC respectivo.<\/p>\n<p style=\"text-align: justify;\" align=\"justify\"><strong>Art. 37\u00ba.\u00a0<\/strong>Os casos omissos ser\u00e3o dirimidos pela Presid\u00eancia do Tribunal de Justi\u00e7a do Estado do Esp\u00edrito Santo, com o apoio do N\u00facleo Permanente de M\u00e9todos Consensuais de Solu\u00e7\u00e3o de Conflitos (NUPEMEC).<\/p>\n<p style=\"text-align: justify;\" align=\"justify\"><strong>Art. 38\u00b0<\/strong>. Ficam revogadas as disposi\u00e7\u00f5es em contr\u00e1rio, especialmente as Resolu\u00e7\u00f5es n\u00ba 003\/2011, n\u00ba 019\/2012, n\u00ba 017\/2013, bem como os Atos Normativos n\u00ba 46\/2012 e n\u00ba 99\/2012, no que forem incompat\u00edveis.<\/p>\n<p align=\"justify\"><strong>Art. 39<\/strong>. Esta Resolu\u00e7\u00e3o entra em vigor na data de sua publica\u00e7\u00e3o.<\/p>\n<p align=\"justify\">Vit\u00f3ria\/ES, 15 de mar\u00e7o de 2021.<\/p>\n<p align=\"center\"><strong>Desembargador\u00a0<\/strong><strong>RONALDO GON\u00c7ALVES DE SOUSA<\/strong><\/p>\n<p align=\"center\"><strong>Presidente TJES<\/strong><\/p>\n","protected":false},"excerpt":{"rendered":"<p>ESTADO DO ESP\u00cdRITO SANTO PODER JUDICI\u00c1RIO TRIBUNAL DE JUSTI\u00c7A RESOLU\u00c7\u00c3O\u00a0n\u00ba 001\/2021 Disp\u00f5e sobre as atribui\u00e7\u00f5es do N\u00facleo Permanente de M\u00e9todos Consensuais de Solu\u00e7\u00e3o de Conflitos (NUPEMEC), dos Centros Judici\u00e1rios de Solu\u00e7\u00e3o de Conflitos e Cidadania (CEJUSCs), o exerc\u00edcio das atividades de Mediador e Conciliador Judicial no \u00e2mbito do Tribunal de Justi\u00e7a do Esp\u00edrito Santo e [&hellip;]<\/p>\n","protected":false},"author":8,"featured_media":0,"comment_status":"closed","ping_status":"closed","sticky":false,"template":"","format":"standard","meta":{"footnotes":""},"categories":[14,13],"tags":[],"_links":{"self":[{"href":"https:\/\/www.tjes.jus.br\/corregedoria\/wp-json\/wp\/v2\/posts\/31340"}],"collection":[{"href":"https:\/\/www.tjes.jus.br\/corregedoria\/wp-json\/wp\/v2\/posts"}],"about":[{"href":"https:\/\/www.tjes.jus.br\/corregedoria\/wp-json\/wp\/v2\/types\/post"}],"author":[{"embeddable":true,"href":"https:\/\/www.tjes.jus.br\/corregedoria\/wp-json\/wp\/v2\/users\/8"}],"replies":[{"embeddable":true,"href":"https:\/\/www.tjes.jus.br\/corregedoria\/wp-json\/wp\/v2\/comments?post=31340"}],"version-history":[{"count":5,"href":"https:\/\/www.tjes.jus.br\/corregedoria\/wp-json\/wp\/v2\/posts\/31340\/revisions"}],"predecessor-version":[{"id":34788,"href":"https:\/\/www.tjes.jus.br\/corregedoria\/wp-json\/wp\/v2\/posts\/31340\/revisions\/34788"}],"wp:attachment":[{"href":"https:\/\/www.tjes.jus.br\/corregedoria\/wp-json\/wp\/v2\/media?parent=31340"}],"wp:term":[{"taxonomy":"category","embeddable":true,"href":"https:\/\/www.tjes.jus.br\/corregedoria\/wp-json\/wp\/v2\/categories?post=31340"},{"taxonomy":"post_tag","embeddable":true,"href":"https:\/\/www.tjes.jus.br\/corregedoria\/wp-json\/wp\/v2\/tags?post=31340"}],"curies":[{"name":"wp","href":"https:\/\/api.w.org\/{rel}","templated":true}]}}