{"id":31346,"date":"2021-03-19T13:27:39","date_gmt":"2021-03-19T16:27:39","guid":{"rendered":"https:\/\/www.tjes.jus.br\/corregedoria\/?p=31346"},"modified":"2021-07-20T14:20:15","modified_gmt":"2021-07-20T17:20:15","slug":"ato-normativo-no-019-2021-disp-17-03-2021","status":"publish","type":"post","link":"https:\/\/www.tjes.jus.br\/corregedoria\/2021\/03\/19\/ato-normativo-no-019-2021-disp-17-03-2021\/","title":{"rendered":"ATO NORMATIVO N\u00ba 019\/2021 \u2013 DISP. 17\/03\/2021 &#8211; ALTERADO"},"content":{"rendered":"<h2 align=\"center\"><span style=\"color: #ff0000;\">Alterado pelo<\/span>\u00a0<a href=\"https:\/\/www.tjes.jus.br\/corregedoria\/2021\/04\/19\/ato-normativo-no-033-2021-disp-19-04-2021\/\">ATO NORMATIVO N\u00ba 33\/2021<\/a> <span style=\"color: #ff0000;\">disp. em 19\/04\/2021<\/span><\/h2>\n<p align=\"center\">PODER JUDICI\u00c1RIO DO ESTADO DO ESP\u00cdRITO SANTO &#8211; PJES<\/p>\n<p align=\"center\">RUA DESEMBARGADOR HOMERO MAFRA,60 &#8211; Bairro ENSEADA DO SU\u00c1 &#8211; CEP 29050906 &#8211; Vit\u00f3ria &#8211; ES &#8211; www.tjes.jus.br<\/p>\n<p align=\"center\"><strong>\u00a0<\/strong><\/p>\n<p align=\"center\"><strong>ATO NORMATIVO\u00a0N\u00ba \u00a0019\/2021<\/strong><\/p>\n<p>&nbsp;<\/p>\n<p>O Exmo. Sr. Desembargador RONALDO GON\u00c7ALVES DE SOUSA, Presidente do Egr\u00e9gio Tribunal de Justi\u00e7a do Estado do Esp\u00edrito Santo, no uso de suas atribui\u00e7\u00f5es legais, e<\/p>\n<p>&nbsp;<\/p>\n<p><strong>RESOLVE:<\/strong><\/p>\n<p>&nbsp;<\/p>\n<p>Art. 1\u00ba &#8211; ALTERAR o <a href=\"https:\/\/www.tjes.jus.br\/corregedoria\/2020\/03\/19\/ato-normativo-no-062-2020-disp-19-03-2020\/\">Ato Normativo n\u00b0 062\/2020<\/a>, publicado no Di\u00e1rio da Justi\u00e7a de 19\/03\/2020, modificando a composi\u00e7\u00e3o da Comiss\u00e3o Permanente de Licita\u00e7\u00e3o deste Egr\u00e9gio Tribunal de Justi\u00e7a, que passar\u00e1 a ser:<\/p>\n<p>&nbsp;<\/p>\n<p>Membros:<\/p>\n<p>I &#8211; Ana L\u00facia Brunoro &#8211; Presidente<\/p>\n<p>II &#8211; Marcos Calasans Silva<\/p>\n<p><del>III &#8211;\u00a0Gustavo Gon\u00e7alves Biazi<\/del>\u00a0\u00a0<span style=\"color: #ff0000;\"><strong>(Retirado pelo <a href=\"https:\/\/www.tjes.jus.br\/corregedoria\/2021\/04\/19\/ato-normativo-no-033-2021-disp-19-04-2021\/\">Ato Normativo n\u00ba 033\/2021<\/a> disponibilizado em 19\/04\/2021)<\/strong><\/span><\/p>\n<p>III &#8211;\u00a0Vitor Rocha Dannemann<\/p>\n<p>IV \u2013\u00a0Karolliny Bortoloti Luppi Corr\u00eaa da Silva Brezinski\u00a0<span style=\"color: #ff0000;\"> <strong>(Inclu\u00eddo pelo <a href=\"https:\/\/www.tjes.jus.br\/corregedoria\/2021\/04\/19\/ato-normativo-no-033-2021-disp-19-04-2021\/\">Ato Normativo n\u00ba 033\/2021<\/a> disponibilizado em 19\/04\/2021)<\/strong>\u00a0<\/span><\/p>\n<p>&nbsp;<\/p>\n<p>Suplentes:<\/p>\n<p>I \u2013 Emanuel Silva de Mello<\/p>\n<p>II &#8211; \u00c9rika Rocha Zardini<\/p>\n<p>&nbsp;<\/p>\n<p>Em caso de aus\u00eancia ou impedimento do Presidente, este ser\u00e1 substitu\u00eddo por um dos membros da Comiss\u00e3o, na ordem II, III e IV.<\/p>\n<p>&nbsp;<\/p>\n<p>Art. 2\u00b0. Ficam revogadas as disposi\u00e7\u00f5es em contr\u00e1rio.<\/p>\n<p>&nbsp;<\/p>\n<p>Art. 3\u00b0. Este ato entra em vigor na data de sua publica\u00e7\u00e3o.<\/p>\n<p>&nbsp;<\/p>\n<p>Publique-se.<\/p>\n<p style=\"text-align: left;\" align=\"right\">Vitoria, \u00a0 11 de\u00a0\u00a0 mar\u00e7o de 2021.<\/p>\n<p align=\"center\">DES. RONALDO GON\u00c7ALVES DE SOUSA<\/p>\n<p align=\"center\">PRESIDENTE<\/p>\n","protected":false},"excerpt":{"rendered":"<p>Alterado pelo\u00a0ATO NORMATIVO N\u00ba 33\/2021 disp. em 19\/04\/2021 PODER JUDICI\u00c1RIO DO ESTADO DO ESP\u00cdRITO SANTO &#8211; PJES RUA DESEMBARGADOR HOMERO MAFRA,60 &#8211; Bairro ENSEADA DO SU\u00c1 &#8211; CEP 29050906 &#8211; Vit\u00f3ria &#8211; ES &#8211; www.tjes.jus.br \u00a0 ATO NORMATIVO\u00a0N\u00ba \u00a0019\/2021 &nbsp; O Exmo. Sr. Desembargador RONALDO GON\u00c7ALVES DE SOUSA, Presidente do Egr\u00e9gio Tribunal de Justi\u00e7a do [&hellip;]<\/p>\n","protected":false},"author":8,"featured_media":0,"comment_status":"closed","ping_status":"closed","sticky":false,"template":"","format":"standard","meta":{"footnotes":""},"categories":[4,14],"tags":[],"_links":{"self":[{"href":"https:\/\/www.tjes.jus.br\/corregedoria\/wp-json\/wp\/v2\/posts\/31346"}],"collection":[{"href":"https:\/\/www.tjes.jus.br\/corregedoria\/wp-json\/wp\/v2\/posts"}],"about":[{"href":"https:\/\/www.tjes.jus.br\/corregedoria\/wp-json\/wp\/v2\/types\/post"}],"author":[{"embeddable":true,"href":"https:\/\/www.tjes.jus.br\/corregedoria\/wp-json\/wp\/v2\/users\/8"}],"replies":[{"embeddable":true,"href":"https:\/\/www.tjes.jus.br\/corregedoria\/wp-json\/wp\/v2\/comments?post=31346"}],"version-history":[{"count":8,"href":"https:\/\/www.tjes.jus.br\/corregedoria\/wp-json\/wp\/v2\/posts\/31346\/revisions"}],"predecessor-version":[{"id":32294,"href":"https:\/\/www.tjes.jus.br\/corregedoria\/wp-json\/wp\/v2\/posts\/31346\/revisions\/32294"}],"wp:attachment":[{"href":"https:\/\/www.tjes.jus.br\/corregedoria\/wp-json\/wp\/v2\/media?parent=31346"}],"wp:term":[{"taxonomy":"category","embeddable":true,"href":"https:\/\/www.tjes.jus.br\/corregedoria\/wp-json\/wp\/v2\/categories?post=31346"},{"taxonomy":"post_tag","embeddable":true,"href":"https:\/\/www.tjes.jus.br\/corregedoria\/wp-json\/wp\/v2\/tags?post=31346"}],"curies":[{"name":"wp","href":"https:\/\/api.w.org\/{rel}","templated":true}]}}