{"id":31360,"date":"2021-03-22T15:37:39","date_gmt":"2021-03-22T18:37:39","guid":{"rendered":"https:\/\/www.tjes.jus.br\/corregedoria\/?p=31360"},"modified":"2021-03-22T15:40:25","modified_gmt":"2021-03-22T18:40:25","slug":"ato-normativo-conjunto-no-004-2021-disp-18-03-2021","status":"publish","type":"post","link":"https:\/\/www.tjes.jus.br\/corregedoria\/2021\/03\/22\/ato-normativo-conjunto-no-004-2021-disp-18-03-2021\/","title":{"rendered":"ATO NORMATIVO CONJUNTO N\u00ba 004\/2021 \u2013 DISP. 18\/03\/2021"},"content":{"rendered":"<p align=\"center\"><strong>PODER JUDICI\u00c1RIO DO ESTADO DO ESP\u00cdRITO SANTO &#8211; PJES<\/strong><\/p>\n<p align=\"center\"><strong>RUA DESEMBARGADOR HOMERO MAFRA,60 &#8211; Bairro ENSEADA DO SU\u00c1 &#8211; CEP 29050906 &#8211; Vit\u00f3ria &#8211; ES &#8211; www.tjes.jus.br<\/strong><\/p>\n<p align=\"center\"><strong>\u00a0<\/strong><\/p>\n<p align=\"center\"><strong>Ato Normativo Conjunto n\u00ba\u00a0 004 \/ 2021<\/strong><\/p>\n<p style=\"text-align: justify;\">Orienta sobre a prorroga\u00e7\u00e3o do prazo de efic\u00e1cia das medidas protetivas em virtude da dissemina\u00e7\u00e3o do COVID-19 e sugere outras provid\u00eancias.<\/p>\n<p>&nbsp;<\/p>\n<p style=\"text-align: justify;\">Em raz\u00e3o do acelerado avan\u00e7o do Coronavirus (Covid-19) de forma global e, em especial, no Estado do Esp\u00edrito Santo, a Supervis\u00e3o das Varas Criminais, de Execu\u00e7\u00e3o Penal e Viol\u00eancia Dom\u00e9stica e a Coordenadoria Estadual da Mulher em Situa\u00e7\u00e3o de Viol\u00eancia Dom\u00e9stica e Familiar, cientes: a) da necessidade da ado\u00e7\u00e3o de medidas voltadas \u00e0 preven\u00e7\u00e3o do aumento dos casos de viol\u00eancia dom\u00e9stica; b) da necessidade de garantir a ampla prote\u00e7\u00e3o das mulheres, de forma a manter a presta\u00e7\u00e3o jurisdicional eficaz; c) que as medidas protetivas expiram automaticamente caso a v\u00edtima n\u00e3o manifeste seu interesse na prorroga\u00e7\u00e3o, o que \u00e9 feito, via de regra, presencialmente; e d) que a perda da efic\u00e1cia das medidas protetivas pelo decurso do prazo sem que haja possibilidade de solicitar sua prorroga\u00e7\u00e3o colocaria a vida de muitas mulheres em risco, apresentam algumas orienta\u00e7\u00f5es e diretrizes a serem observadas por todos os Magistrados com atua\u00e7\u00e3o na \u00e1rea de viol\u00eancia dom\u00e9stica e familiar contra a mulher, conforme:<\/p>\n<p>&nbsp;<\/p>\n<p style=\"text-align: justify;\">1. As medidas protetivas em vigor ou prestes a expirar dever\u00e3o ter sua efic\u00e1cia prorrogada at\u00e9 04\/04\/2021, nos pr\u00f3prios autos e independente de manifesta\u00e7\u00e3o da v\u00edtima;<\/p>\n<p style=\"text-align: justify;\">2. Para cumprimento da decis\u00e3o de prorroga\u00e7\u00e3o da medida protetiva, poder\u00e3o ser utilizados meios alternativos de comunica\u00e7\u00e3o, tais como e-mail, whatsapp e telefone, devendo ser certificado nos autos a forma e se houve o cumprimento com a ci\u00eancia inequ\u00edvoca das partes, a fim de resguardar o contradit\u00f3rio e a ampla defesa (art. 5\u00ba, LV, da Constitui\u00e7\u00e3o Federal);<\/p>\n<p>&nbsp;<\/p>\n<p style=\"text-align: justify;\">3. Os Magistrados dever\u00e3o providenciar a ampla divulga\u00e7\u00e3o dos canais de comunica\u00e7\u00e3o, tais como telefones, e-mails e outros meios de contato do Cart\u00f3rio para den\u00fancias, pedidos de prorroga\u00e7\u00e3o de medida protetiva, d\u00favidas, entre outras solicita\u00e7\u00f5es, de forma a evitar que as v\u00edtimas, impossibilitadas de comparecer aos \u00f3rg\u00e3os de prote\u00e7\u00e3o, restem silentes;<\/p>\n<p style=\"text-align: justify;\">4. Os Magistrados dever\u00e3o fomentar o contato com a Pol\u00edcia Militar da Comarca, a fim de solicitar a divulga\u00e7\u00e3o dos canais de comunica\u00e7\u00e3o, bem como aumento de rondas e acompanhamento atrav\u00e9s da Patrulha Maria da Penha;<\/p>\n<p>&nbsp;<\/p>\n<p style=\"text-align: justify;\">5. Sugere-se, por fim, que seja enfatizada junto \u00e0 Pol\u00edcia Civil a import\u00e2ncia de coleta dos dados corretos e atualizados dos envolvidos, tal como endere\u00e7o, telefone, celular com whatsapp e e-mail, a fim de possibilitar as comunica\u00e7\u00f5es com as partes de forma remota.<\/p>\n<p style=\"text-align: justify;\">Consigne-se, finalmente, que as medidas acima s\u00e3o imprescind\u00edveis para resguardar a integridade das v\u00edtimas e tamb\u00e9m evitar a dissemina\u00e7\u00e3o do v\u00edrus Covid-19, de forma a prestar a tutela jurisdicional de forma eficaz. \u00c0 luz, ent\u00e3o, dessas considera\u00e7\u00f5es, recomenda-se a aplica\u00e7\u00e3o das provid\u00eancias supra para impedir a contamina\u00e7\u00e3o e resguardar a efic\u00e1cia das medidas protetivas, sem colocar em risco a vida das v\u00edtimas de viol\u00eancia dom\u00e9stica. Por fim, esclarece-se que a Coordenadoria Estadual da Mulher em Situa\u00e7\u00e3o de Viol\u00eancia Dom\u00e9stica e Familiar TJES e a Supervis\u00e3o das Varas Criminais, de Execu\u00e7\u00e3o Penal e Viol\u00eancia Dom\u00e9stica est\u00e3o \u00e0 disposi\u00e7\u00e3o para auxiliar no que for preciso.<\/p>\n<p>&nbsp;<\/p>\n<p>Vit\u00f3ria, 17 de mar\u00e7o de 2021<\/p>\n<p align=\"center\"><strong>FERNANDO ZARDINI ANTONIO<\/strong><\/p>\n<p align=\"center\"><strong>Desembargador Supervisor das Varas Criminais,<\/strong><\/p>\n<p align=\"center\"><strong>\u00a0de Execu\u00e7\u00e3o e Viol\u00eancia Dom\u00e9stica<\/strong><\/p>\n<p>&nbsp;<\/p>\n<p align=\"center\"><strong>HERM\u00cdNIA MARIA SILVEIRA AZOURY<\/strong><\/p>\n<p align=\"center\"><strong>Ju\u00edza de Direito Coordenadora Estadual da Mulher em<\/strong><\/p>\n<p align=\"center\"><strong>Situa\u00e7\u00e3o de Viol\u00eancia Dom\u00e9stica e Familiar<\/strong><\/p>\n","protected":false},"excerpt":{"rendered":"<p>PODER JUDICI\u00c1RIO DO ESTADO DO ESP\u00cdRITO SANTO &#8211; PJES RUA DESEMBARGADOR HOMERO MAFRA,60 &#8211; Bairro ENSEADA DO SU\u00c1 &#8211; CEP 29050906 &#8211; Vit\u00f3ria &#8211; ES &#8211; www.tjes.jus.br \u00a0 Ato Normativo Conjunto n\u00ba\u00a0 004 \/ 2021 Orienta sobre a prorroga\u00e7\u00e3o do prazo de efic\u00e1cia das medidas protetivas em virtude da dissemina\u00e7\u00e3o do COVID-19 e sugere outras [&hellip;]<\/p>\n","protected":false},"author":8,"featured_media":0,"comment_status":"closed","ping_status":"closed","sticky":false,"template":"","format":"standard","meta":{"footnotes":""},"categories":[4,14],"tags":[],"_links":{"self":[{"href":"https:\/\/www.tjes.jus.br\/corregedoria\/wp-json\/wp\/v2\/posts\/31360"}],"collection":[{"href":"https:\/\/www.tjes.jus.br\/corregedoria\/wp-json\/wp\/v2\/posts"}],"about":[{"href":"https:\/\/www.tjes.jus.br\/corregedoria\/wp-json\/wp\/v2\/types\/post"}],"author":[{"embeddable":true,"href":"https:\/\/www.tjes.jus.br\/corregedoria\/wp-json\/wp\/v2\/users\/8"}],"replies":[{"embeddable":true,"href":"https:\/\/www.tjes.jus.br\/corregedoria\/wp-json\/wp\/v2\/comments?post=31360"}],"version-history":[{"count":2,"href":"https:\/\/www.tjes.jus.br\/corregedoria\/wp-json\/wp\/v2\/posts\/31360\/revisions"}],"predecessor-version":[{"id":31363,"href":"https:\/\/www.tjes.jus.br\/corregedoria\/wp-json\/wp\/v2\/posts\/31360\/revisions\/31363"}],"wp:attachment":[{"href":"https:\/\/www.tjes.jus.br\/corregedoria\/wp-json\/wp\/v2\/media?parent=31360"}],"wp:term":[{"taxonomy":"category","embeddable":true,"href":"https:\/\/www.tjes.jus.br\/corregedoria\/wp-json\/wp\/v2\/categories?post=31360"},{"taxonomy":"post_tag","embeddable":true,"href":"https:\/\/www.tjes.jus.br\/corregedoria\/wp-json\/wp\/v2\/tags?post=31360"}],"curies":[{"name":"wp","href":"https:\/\/api.w.org\/{rel}","templated":true}]}}