{"id":31369,"date":"2021-03-22T15:53:07","date_gmt":"2021-03-22T18:53:07","guid":{"rendered":"https:\/\/www.tjes.jus.br\/corregedoria\/?p=31369"},"modified":"2021-03-22T15:53:07","modified_gmt":"2021-03-22T18:53:07","slug":"oficio-circular-cgjes-0711250-2021-disp-18-03-2021","status":"publish","type":"post","link":"https:\/\/www.tjes.jus.br\/corregedoria\/2021\/03\/22\/oficio-circular-cgjes-0711250-2021-disp-18-03-2021\/","title":{"rendered":"OF\u00cdCIO CIRCULAR CGJES 0711250\/2021 \u2013 DISP. 18\/03\/2021"},"content":{"rendered":"<p style=\"text-align: center;\"><strong>OF\u00cdCIO CIRCULAR CGJES\u00a00711250\/2019.01.500.435<\/strong><\/p>\n<p>&nbsp;<\/p>\n<p style=\"text-align: justify;\">O Exmo. Sr. Desembargador Corregedor-Geral da Justi\u00e7a do Estado do Esp\u00edrito Santo, no uso de suas atribui\u00e7\u00f5es legais e,<\/p>\n<p style=\"text-align: justify;\"><strong>CONSIDERANDO<\/strong>\u00a0que a Corregedoria Geral da Justi\u00e7a \u00e9 \u00f3rg\u00e3o de fiscaliza\u00e7\u00e3o, disciplina e orienta\u00e7\u00e3o administrativa, com circunscri\u00e7\u00e3o em todo o Estado, conforme art. 35 da Lei Complementar Estadual n.\u00ba 234\/2002 (COJES);<\/p>\n<p style=\"text-align: justify;\"><strong>CONSIDERANDO<\/strong>\u00a0que\u00a0a em. Corregedora Nacional de Justi\u00e7a, ao determinar o arquivamento do Pedido de Provid\u00eancias n\u00ba\u00a00004187-17.2019.2.00.0000, em curso naquele \u00f3rg\u00e3o, estabeleceu que a Corregedoria Geral da Justi\u00e7a &#8220;<em>acompanhe e fiscalize a forma de indica\u00e7\u00e3o dos peritos judiciais nas mencionadas unidades judiciais, a fim de se evitar eventual favorecimento nas respectivas nomea\u00e7\u00f5es<\/em>&#8220;;<\/p>\n<p>&nbsp;<\/p>\n<p><strong>RESOLVE:<\/strong><\/p>\n<p>&nbsp;<\/p>\n<p style=\"text-align: justify;\"><strong>DAR CI\u00caNCIA<\/strong>\u00a0aos Ju\u00edzes de Direito e a quem mais possa interessar, dos\u00a0termos da decis\u00e3o proferida pela Corregedoria Nacional de Justi\u00e7a, datada de 05\/02\/2021, nos autos do Pedido de Provid\u00eancias n\u00ba\u00a00004187-17.2019.2.00.0000, da necessidade de registro das decis\u00f5es de cadastramento de\u00a0nomea\u00e7\u00f5es de peritos no Sistema eJUD com o c\u00f3digo\u00a0&#8220;<em>12306 &#8211; Perito<\/em>&#8221; e de inclus\u00e3o do nome do perito nomeado no dispositivo da referida decis\u00e3o.<\/p>\n<p>&nbsp;<\/p>\n<p><strong>Publique-se.<\/strong><\/p>\n<p>&nbsp;<\/p>\n<p>Vit\u00f3ria\/ES, 11 de mar\u00e7o de 2021.<\/p>\n<p>&nbsp;<\/p>\n<p style=\"text-align: center;\"><strong>Corregedor Geral da Justi\u00e7a<\/strong><\/p>\n","protected":false},"excerpt":{"rendered":"<p>OF\u00cdCIO CIRCULAR CGJES\u00a00711250\/2019.01.500.435 &nbsp; O Exmo. Sr. Desembargador Corregedor-Geral da Justi\u00e7a do Estado do Esp\u00edrito Santo, no uso de suas atribui\u00e7\u00f5es legais e, CONSIDERANDO\u00a0que a Corregedoria Geral da Justi\u00e7a \u00e9 \u00f3rg\u00e3o de fiscaliza\u00e7\u00e3o, disciplina e orienta\u00e7\u00e3o administrativa, com circunscri\u00e7\u00e3o em todo o Estado, conforme art. 35 da Lei Complementar Estadual n.\u00ba 234\/2002 (COJES); CONSIDERANDO\u00a0que\u00a0a em. [&hellip;]<\/p>\n","protected":false},"author":8,"featured_media":0,"comment_status":"closed","ping_status":"closed","sticky":false,"template":"","format":"standard","meta":{"footnotes":""},"categories":[14,5],"tags":[],"_links":{"self":[{"href":"https:\/\/www.tjes.jus.br\/corregedoria\/wp-json\/wp\/v2\/posts\/31369"}],"collection":[{"href":"https:\/\/www.tjes.jus.br\/corregedoria\/wp-json\/wp\/v2\/posts"}],"about":[{"href":"https:\/\/www.tjes.jus.br\/corregedoria\/wp-json\/wp\/v2\/types\/post"}],"author":[{"embeddable":true,"href":"https:\/\/www.tjes.jus.br\/corregedoria\/wp-json\/wp\/v2\/users\/8"}],"replies":[{"embeddable":true,"href":"https:\/\/www.tjes.jus.br\/corregedoria\/wp-json\/wp\/v2\/comments?post=31369"}],"version-history":[{"count":1,"href":"https:\/\/www.tjes.jus.br\/corregedoria\/wp-json\/wp\/v2\/posts\/31369\/revisions"}],"predecessor-version":[{"id":31370,"href":"https:\/\/www.tjes.jus.br\/corregedoria\/wp-json\/wp\/v2\/posts\/31369\/revisions\/31370"}],"wp:attachment":[{"href":"https:\/\/www.tjes.jus.br\/corregedoria\/wp-json\/wp\/v2\/media?parent=31369"}],"wp:term":[{"taxonomy":"category","embeddable":true,"href":"https:\/\/www.tjes.jus.br\/corregedoria\/wp-json\/wp\/v2\/categories?post=31369"},{"taxonomy":"post_tag","embeddable":true,"href":"https:\/\/www.tjes.jus.br\/corregedoria\/wp-json\/wp\/v2\/tags?post=31369"}],"curies":[{"name":"wp","href":"https:\/\/api.w.org\/{rel}","templated":true}]}}