{"id":31372,"date":"2021-03-22T15:56:58","date_gmt":"2021-03-22T18:56:58","guid":{"rendered":"https:\/\/www.tjes.jus.br\/corregedoria\/?p=31372"},"modified":"2021-03-22T15:56:58","modified_gmt":"2021-03-22T18:56:58","slug":"oficio-circular-cgjes-0717516-2021-disp-18-03-2021","status":"publish","type":"post","link":"https:\/\/www.tjes.jus.br\/corregedoria\/2021\/03\/22\/oficio-circular-cgjes-0717516-2021-disp-18-03-2021\/","title":{"rendered":"OF\u00cdCIO CIRCULAR CGJES 0717516\/2021 \u2013 DISP. 18\/03\/2021"},"content":{"rendered":"<p style=\"text-align: center;\"><strong>OF\u00cdCIO CIRCULAR CGJES\u00a00717516\/7001940-81.2020.8.08.0000<\/strong><\/p>\n<p>&nbsp;<\/p>\n<p>O\u00a0<strong>Desembargador Ney Batista Coutinho<\/strong>,\u00a0<strong>Corregedor Geral da Justi\u00e7a do Estado do Esp\u00edrito Santo<\/strong>, no uso de suas atribui\u00e7\u00f5es legais e,<\/p>\n<p>&nbsp;<\/p>\n<p style=\"text-align: justify;\"><strong>CONSIDERANDO<\/strong>\u00a0que compete \u00e0 Corregedoria Geral da Justi\u00e7a orientar, normatizar e fiscalizar as atividades das serventias extrajudiciais;<\/p>\n<p style=\"text-align: justify;\">\n<p style=\"text-align: justify;\"><strong>CONSIDERANDO<\/strong>\u00a0o agravamento da pandemia do novo coronav\u00edrus, causador da doen\u00e7a denominada COVID-19, em todo o pa\u00eds e em especial no Estado do Esp\u00edrito Santo;<\/p>\n<p style=\"text-align: justify;\">\n<p style=\"text-align: justify;\"><strong>CONSIDERANDO<\/strong>\u00a0o recente an\u00fancio pelo Poder Executivo Estadual sobre o ingresso de todo o Estado do Esp\u00edrito Santo no risco extremo e a necessidade de ado\u00e7\u00e3o de medidas mais restritivas para evitar o colapso do sistema de sa\u00fade;<\/p>\n<p style=\"text-align: justify;\">\n<p style=\"text-align: justify;\"><strong>CONSIDERANDO<\/strong>\u00a0a publica\u00e7\u00e3o do Decreto n\u00ba 4838-R, de 17 de mar\u00e7o de 2021, do Governo do Estado do Esp\u00edrito Santo;<\/p>\n<p>&nbsp;<\/p>\n<p><strong>RESOLVE:<\/strong><\/p>\n<p><strong>\u00a0<\/strong><\/p>\n<p style=\"text-align: justify;\"><strong>DAR CI\u00caNCIA\u00a0<\/strong>aos delegat\u00e1rios do Estado do Esp\u00edrito Santo acerca da publica\u00e7\u00e3o do <a href=\"https:\/\/www.tjes.jus.br\/corregedoria\/2021\/03\/12\/provimento-no-43-2021-disp-12-03-2021\/\">Provimento n\u00ba 43\/2021<\/a> da Corregedoria Geral da Justi\u00e7a, que prorrogou, at\u00e9 30 de junho de 2021, as medidas previstas no <a href=\"https:\/\/www.tjes.jus.br\/corregedoria\/2020\/04\/02\/provimento-cgjes-no-07-2020-disp-02-04-2020\/\">Provimento n\u00ba 7\/2020<\/a> e no <a href=\"https:\/\/www.tjes.jus.br\/corregedoria\/2020\/04\/03\/provimento-no-9-2020-disp-03-04-2020\/\">Provimento n\u00ba 9\/2020<\/a>, que regulamentam o funcionamento e demais medidas inerentes aos servi\u00e7os notariais e de registro durante o per\u00edodo da pandemia causada pela COVID-19.<\/p>\n<p style=\"text-align: justify;\">\n<p style=\"text-align: justify;\"><strong>REFOR\u00c7AR<\/strong>\u00a0que as regras de biosseguran\u00e7a determinadas pelas autoridades sanit\u00e1rias e administrativas locais devem ser rigorosamente observadas, visando reduzir o risco de cont\u00e1gio pelo novo coronav\u00edrus.<\/p>\n<p style=\"text-align: justify;\">\n<p><strong>Publique-se.<\/strong><\/p>\n<p>&nbsp;<\/p>\n<p>Vit\u00f3ria\/ES, 17 de mar\u00e7o de 2021.<\/p>\n<p style=\"text-align: center;\"><strong>NEY BATISTA COUTINHO<\/strong><\/p>\n<p style=\"text-align: center;\"><strong>Corregedor Geral da Justi\u00e7a<\/strong><\/p>\n","protected":false},"excerpt":{"rendered":"<p>OF\u00cdCIO CIRCULAR CGJES\u00a00717516\/7001940-81.2020.8.08.0000 &nbsp; O\u00a0Desembargador Ney Batista Coutinho,\u00a0Corregedor Geral da Justi\u00e7a do Estado do Esp\u00edrito Santo, no uso de suas atribui\u00e7\u00f5es legais e, &nbsp; CONSIDERANDO\u00a0que compete \u00e0 Corregedoria Geral da Justi\u00e7a orientar, normatizar e fiscalizar as atividades das serventias extrajudiciais; CONSIDERANDO\u00a0o agravamento da pandemia do novo coronav\u00edrus, causador da doen\u00e7a denominada COVID-19, em todo o [&hellip;]<\/p>\n","protected":false},"author":8,"featured_media":0,"comment_status":"closed","ping_status":"closed","sticky":false,"template":"","format":"standard","meta":{"footnotes":""},"categories":[14,5],"tags":[],"_links":{"self":[{"href":"https:\/\/www.tjes.jus.br\/corregedoria\/wp-json\/wp\/v2\/posts\/31372"}],"collection":[{"href":"https:\/\/www.tjes.jus.br\/corregedoria\/wp-json\/wp\/v2\/posts"}],"about":[{"href":"https:\/\/www.tjes.jus.br\/corregedoria\/wp-json\/wp\/v2\/types\/post"}],"author":[{"embeddable":true,"href":"https:\/\/www.tjes.jus.br\/corregedoria\/wp-json\/wp\/v2\/users\/8"}],"replies":[{"embeddable":true,"href":"https:\/\/www.tjes.jus.br\/corregedoria\/wp-json\/wp\/v2\/comments?post=31372"}],"version-history":[{"count":1,"href":"https:\/\/www.tjes.jus.br\/corregedoria\/wp-json\/wp\/v2\/posts\/31372\/revisions"}],"predecessor-version":[{"id":31373,"href":"https:\/\/www.tjes.jus.br\/corregedoria\/wp-json\/wp\/v2\/posts\/31372\/revisions\/31373"}],"wp:attachment":[{"href":"https:\/\/www.tjes.jus.br\/corregedoria\/wp-json\/wp\/v2\/media?parent=31372"}],"wp:term":[{"taxonomy":"category","embeddable":true,"href":"https:\/\/www.tjes.jus.br\/corregedoria\/wp-json\/wp\/v2\/categories?post=31372"},{"taxonomy":"post_tag","embeddable":true,"href":"https:\/\/www.tjes.jus.br\/corregedoria\/wp-json\/wp\/v2\/tags?post=31372"}],"curies":[{"name":"wp","href":"https:\/\/api.w.org\/{rel}","templated":true}]}}