{"id":31419,"date":"2021-03-29T11:39:51","date_gmt":"2021-03-29T14:39:51","guid":{"rendered":"https:\/\/www.tjes.jus.br\/corregedoria\/?p=31419"},"modified":"2021-03-29T11:46:25","modified_gmt":"2021-03-29T14:46:25","slug":"resolucao-no-005-2021-disp-29-03-2021","status":"publish","type":"post","link":"https:\/\/www.tjes.jus.br\/corregedoria\/2021\/03\/29\/resolucao-no-005-2021-disp-29-03-2021\/","title":{"rendered":"RESOLU\u00c7\u00c3O N\u00ba 005\/2021 \u2013 DISP. 29\/03\/2021"},"content":{"rendered":"<p align=\"center\">PODER JUDICI\u00c1RIO DO ESTADO DO ESP\u00cdRITO SANTO &#8211; PJES<\/p>\n<p align=\"center\">RUA DESEMBARGADOR HOMERO MAFRA,60 &#8211; Bairro ENSEADA DO SU\u00c1 &#8211; CEP 29050906 &#8211; Vit\u00f3ria &#8211; ES &#8211; www.tjes.jus.br<\/p>\n<p align=\"center\"><strong>\u00a0<\/strong><\/p>\n<p align=\"center\"><strong>RESOLU\u00c7\u00c3O N\u00ba 005\/2021<\/strong><\/p>\n<p align=\"center\"><strong>\u00a0<\/strong><\/p>\n<p style=\"text-align: justify;\">O Excelent\u00edssimo Desembargador RONALDO GON\u00c7ALVES DE SOUSA, DD. Presidente do Egr\u00e9gio Tribunal de Justi\u00e7a do Estado do Esp\u00edrito Santo, no uso de suas atribui\u00e7\u00f5es legais e tendo em vista DECIS\u00c3O do Egr\u00e9gio Tribunal Pleno em sess\u00e3o realizada em 25 de mar\u00e7o de 2021;<\/p>\n<p style=\"text-align: justify;\">CONSIDERANDO a <a href=\"https:\/\/www.tjes.jus.br\/corregedoria\/2017\/02\/16\/resolucao-no-032011-publ-em-24012011\/\">Resolu\u00e7\u00e3o TJES n\u00ba 003\/2011<\/a> que instituiu o N\u00facleo Permanente de M\u00e9todos Consensuais de Solu\u00e7\u00e3o de Conflitos do Poder Judici\u00e1rio do Estado do Esp\u00edrito Santo, posteriormente alterada pela Resolu\u00e7\u00e3o n\u00ba. 19\/2012;<\/p>\n<p>&nbsp;<\/p>\n<p style=\"text-align: justify;\">CONSIDERANDO a<a href=\"https:\/\/www.tjes.jus.br\/corregedoria\/2016\/07\/06\/resolucao-no-0172013-disp-13042013\/\"> Resolu\u00e7\u00e3o TJES n\u00ba. 017\/2013<\/a> que disciplina a institui\u00e7\u00e3o de Centros Judici\u00e1rios de Solu\u00e7\u00e3o de Conflitos e Cidadania no \u00e2mbito do Poder Judici\u00e1rio do Estado do Esp\u00edrito Santo, nos termos da Resolu\u00e7\u00e3o n\u00ba. 125\/2010 do CNJ;<\/p>\n<p>&nbsp;<\/p>\n<p style=\"text-align: justify;\">CONSIDERANDO que aos \u00f3rg\u00e3os judici\u00e1rios incumbe, al\u00e9m da solu\u00e7\u00e3o adjudicada mediante senten\u00e7a, oferecer outros mecanismos de solu\u00e7\u00f5es de controv\u00e9rsias, em especial os chamados meios consensuais, como a media\u00e7\u00e3o e a concilia\u00e7\u00e3o, bem como prestar atendimento, orienta\u00e7\u00e3o ao cidad\u00e3o e a\u00e7\u00f5es de cidadania;<\/p>\n<p>&nbsp;<\/p>\n<p style=\"text-align: justify;\">CONSIDERANDO a necessidade de unifica\u00e7\u00e3o das a\u00e7\u00f5es que envolvem a Politica de Concilia\u00e7\u00e3o e Media\u00e7\u00e3o do Poder Judici\u00e1rio do Estado do Espirito Santo, as atividades desenvolvidas pelo Projeto Justi\u00e7a Comunit\u00e1ria, institu\u00eddo pelas Resolu\u00e7\u00f5es TJES n\u00bas 36 e 37\/2002 e as atividades do 3\u00ba Centros Judici\u00e1rios de Solu\u00e7\u00e3o de Conflitos e Cidadania \u2013 CEJUSC, institu\u00eddo pela <a href=\"https:\/\/www.tjes.jus.br\/corregedoria\/2016\/07\/13\/resolucao-no-0142016-disp-13072016\/\">Resolu\u00e7\u00e3o tjes n\u00ba 14\/2016<\/a>;<\/p>\n<p style=\"text-align: justify;\">CONSIDERANDO a <a href=\"https:\/\/www.tjes.jus.br\/corregedoria\/2016\/07\/13\/resolucao-no-0142016-disp-13072016\/\">Resolu\u00e7\u00e3o n\u00ba 14\/2016<\/a> que autoriza a instala\u00e7\u00e3o do 3\u00ba Centro Judici\u00e1rios de Solu\u00e7\u00e3o de Conflitos e Cidadania e incorpora a ele o Projeto Justi\u00e7a Comunit\u00e1ria, e que em seu Art. 18, revogam as Resolu\u00e7\u00f5es n\u00bas 36 e 37\/2002;<\/p>\n<p>RESOLVE:<\/p>\n<p align=\"center\">CAP\u00cdTULO I \u2013 DAS DISPOSI\u00c7\u00d5ES GERAIS<\/p>\n<p>&nbsp;<\/p>\n<p style=\"text-align: justify;\">Art. 1\u00ba A presta\u00e7\u00e3o de servi\u00e7o do Projeto Justi\u00e7a Comunit\u00e1ria ser\u00e1 realizada pelo 3\u00ba Centro Judici\u00e1rio de Solu\u00e7\u00e3o de Conflito e Cidadania \u2013 3\u00ba CEJUSC, em todo Estado do Espirito Santo, caracterizando-se pelo atendimento gratuito aos cidad\u00e3os comprovadamente hipossuficientes em a\u00e7\u00f5es consensuais de Fam\u00edlia.<\/p>\n<p style=\"text-align: justify;\">Art. 2\u00ba \u2013 O 3\u00ba Centro Judici\u00e1rio de Solu\u00e7\u00e3o de Conflito e Cidadania \u2013 CEJUSC gerenciar\u00e1 as atividades, o acervo, a estrutura material e humana do Projeto Justi\u00e7a Comunit\u00e1ria, que passar\u00e1 a ser denominado \u201cA\u00e7\u00e3o de Cidadania Justi\u00e7a Comunit\u00e1ria\u201d.<\/p>\n<p align=\"center\">SE\u00c7\u00c3O I \u2013 DO FUNCIONAMENTO<\/p>\n<p>&nbsp;<\/p>\n<p style=\"text-align: justify;\">Art. 3\u00ba \u2013 A A\u00e7\u00e3o de Cidadania Justi\u00e7a Comunit\u00e1ria ser\u00e1 realizada em N\u00facleos de Atendimentos, inicialmente nos munic\u00edpios da Regi\u00e3o Metropolitana da Grande Vit\u00f3ria.<\/p>\n<p style=\"text-align: justify;\">Paragrafo \u00fanico \u2013 A A\u00e7\u00e3o de Cidadania Justi\u00e7a Comunit\u00e1ria poder\u00e1 atuar tamb\u00e9m de forma ITINERANTE, atendendo, ainda, Comarcas em que forem firmados Termos de Conv\u00eanio para instala\u00e7\u00e3o de N\u00facleos de Atendimentos.<\/p>\n<p>&nbsp;<\/p>\n<p style=\"text-align: justify;\">Art. 4\u00ba \u2013 Os procedimentos orientar-se-\u00e3o pelos crit\u00e9rios da oralidade, simplicidade, informalidade, economia processual e celeridade, buscando sempre a solu\u00e7\u00e3o consensual.<\/p>\n<p style=\"text-align: justify;\">Art. 5\u00ba \u2013 Os N\u00facleos de Atendimento da A\u00e7\u00e3o de Cidadania Justi\u00e7a Comunit\u00e1ria ter\u00e3o compet\u00eancia para a\u00e7\u00f5es consensuais de Fam\u00edlia.<\/p>\n<p style=\"text-align: justify;\">Paragrafo \u00fanico \u2013 Ficam exclu\u00eddas da compet\u00eancia do N\u00facleo de Atendimento da A\u00e7\u00e3o de Cidadania Justi\u00e7a Comunit\u00e1ria as a\u00e7\u00f5es de Execu\u00e7\u00e3o na \u00e1rea de Fam\u00edlia, devendo os autos serem redistribu\u00eddos ao ju\u00edzo competente.<\/p>\n<p align=\"center\">SE\u00c7\u00c3O II \u2013 DO TERMO DE CONV\u00caNIO E LOCAL<\/p>\n<p>&nbsp;<\/p>\n<p style=\"text-align: justify;\">Art. 6\u00ba \u2013 Para a instala\u00e7\u00e3o de N\u00facleos de Atendimentos da A\u00e7\u00e3o de Cidadania Justi\u00e7a Comunit\u00e1ria devem ser firmados termos de conv\u00eanio ou parcerias com Munic\u00edpios, Institui\u00e7\u00f5es P\u00fablicas e Institui\u00e7\u00f5es de Ensino interessadas na presta\u00e7\u00e3o dos servi\u00e7os, em conformidade com o art. 4\u00ba da <a href=\"https:\/\/www.tjes.jus.br\/corregedoria\/2016\/07\/13\/resolucao-no-0142016-disp-13072016\/\">Resolu\u00e7\u00e3o n\u00ba 14\/2016<\/a>.<\/p>\n<p style=\"text-align: justify;\">Art. 7\u00ba \u2013 Poder\u00e3o atuar junto aos N\u00facleos de Atendimento da A\u00e7\u00e3o de Cidadania Justi\u00e7a Comunit\u00e1ria, representantes do Tribunal Regional Eleitoral, do Tribunal Regional do Trabalho, da Justi\u00e7a Federal, do Minist\u00e9rio P\u00fablico Estadual e Federal, da Defensoria P\u00fablica, com as atribui\u00e7\u00f5es previstas em lei e na forma que dispuser eventual ato administrativo a ser expedido pelos respectivos \u00f3rg\u00e3os de origem.<\/p>\n<p style=\"text-align: justify;\">Art. 8\u00ba \u2013 Os conv\u00eanios ou parcerias dever\u00e3o conter a previs\u00e3o de que as institui\u00e7\u00f5es conveniadas disponibilizar\u00e3o espa\u00e7o f\u00edsico adequado para o funcionamento do N\u00facleo de Atendimento da A\u00e7\u00e3o de Cidadania Justi\u00e7a Comunit\u00e1ria.<\/p>\n<p style=\"text-align: justify;\">\u00a7 1\u00ba \u2013 O espa\u00e7o dever\u00e1 ser local p\u00fablico ou sede de uma associa\u00e7\u00e3o comunit\u00e1ria, desde que compat\u00edvel com a atividade e realiza\u00e7\u00e3o das audi\u00eancias de concilia\u00e7\u00e3o\/media\u00e7\u00e3o.<\/p>\n<p style=\"text-align: justify;\">\u00a7 2\u00ba &#8211; N\u00e3o haver\u00e1 repasse de despesas entre o Tribunal de Justi\u00e7a e os conveniados ou parceiros e cada parte arcar\u00e1 com o \u00f4nus relativo \u00e0s respectivas obriga\u00e7\u00f5es definidas na ocasi\u00e3o da reda\u00e7\u00e3o do temo de parceria ou conv\u00eanio.<\/p>\n<p align=\"center\">SE\u00c7\u00c3O III \u2013 DA REALIZA\u00c7\u00c3O DAS ATIVIDADES<\/p>\n<p>&nbsp;<\/p>\n<p style=\"text-align: justify;\">Art. 9\u00ba \u2013 As atividades ser\u00e3o realizadas, preferencialmente, aos s\u00e1bados, em cada uma das localidades previamente indicadas pelos Munic\u00edpios ou Institui\u00e7\u00f5es de Ensino, de acordo com cronograma estabelecido pelo 3\u00ba Centro Judici\u00e1rio de Solu\u00e7\u00e3o de Conflito e Cidadania \u2013 CEJUSC, em locais de f\u00e1cil acesso da popula\u00e7\u00e3o atendida.<\/p>\n<p align=\"center\">CAP\u00cdTULO II \u2013 DA COMPOSI\u00c7\u00c3O<\/p>\n<p align=\"center\">SE\u00c7\u00c3O I \u2013 DA FOR\u00c7A DE TRABALHO<\/p>\n<p>&nbsp;<\/p>\n<p style=\"text-align: justify;\">Art. 10 \u2013 Atuar\u00e3o na A\u00e7\u00e3o de Cidadania Justi\u00e7a Comunit\u00e1ria os magistrados que integram o Grupo de Trabalho do 3\u00ba Centro Judici\u00e1rio de Solu\u00e7\u00e3o de Conflito e Cidadania \u2013 CEJUSC, sem preju\u00edzo de demais designa\u00e7\u00f5es.<\/p>\n<p style=\"text-align: justify;\">\u00a7 1\u00ba Demonstrada a necessidade, poder\u00e1 ser designado para atuar no N\u00facleo de Atendimento, Juiz de outra Comarca para atuar em conjunto nas atividades, sem preju\u00edzo de suas fun\u00e7\u00f5es habituais. Nesta hip\u00f3tese, a designa\u00e7\u00e3o ser\u00e1 precedida de consulta e anu\u00eancia do magistrado.<\/p>\n<p style=\"text-align: justify;\">\u00a7 2\u00ba Os magistrados que atuarem nas atividades do N\u00facleo de Atendimento na A\u00e7\u00e3o de Cidadania Justi\u00e7a Comunit\u00e1ria aos s\u00e1bados, far\u00e3o jus \u00e0 compensa\u00e7\u00e3o por presta\u00e7\u00e3o de servi\u00e7os extraordin\u00e1rios, nos termos da <a href=\"https:\/\/www.tjes.jus.br\/corregedoria\/2017\/02\/15\/resolucao-no-292010-publ-em-19052010-republicacao\/\">Resolu\u00e7\u00e3o n\u00ba 029\/2010<\/a> alterada pela <a href=\"https:\/\/www.tjes.jus.br\/corregedoria\/2016\/07\/05\/resolucao-no-0442013-disp-10092013-republicacao\/\">Resolu\u00e7\u00e3o n\u00ba 044\/2013<\/a>, at\u00e9 que sobrevenha nova legisla\u00e7\u00e3o;<\/p>\n<p style=\"text-align: justify;\">Art. 11 \u2013 Poder\u00e3o atuar nas A\u00e7\u00f5es de Cidadania Justi\u00e7a Comunit\u00e1ria, servidores do quadro do Poder Judici\u00e1rio, preferencialmente capacitados em Media\u00e7\u00e3o ou Concilia\u00e7\u00e3o, previamente indicados pelo 3\u00ba Centro Judici\u00e1rio de Solu\u00e7\u00e3o de Conflito e Cidadania \u2013 CEJUSC com anu\u00eancia do N\u00facleo Permanente de M\u00e9todos Consensuais de Solu\u00e7\u00e3o de Conflitos \u2013 NUPEMEC;<\/p>\n<p style=\"text-align: justify;\">Art. 12 \u2013 Os servidores que atuarem nas atividades da A\u00e7\u00e3o de Cidadania Justi\u00e7a Comunit\u00e1ria , far\u00e3o jus \u00e0 compensa\u00e7\u00e3o estabelecida nos termos da <a href=\"https:\/\/www.tjes.jus.br\/corregedoria\/2017\/02\/15\/resolucao-no-292010-publ-em-19052010-republicacao\/\">Resolu\u00e7\u00e3o TJES n\u00ba 029\/2010<\/a>, alterada pela<a href=\"https:\/\/www.tjes.jus.br\/corregedoria\/2016\/07\/05\/resolucao-no-0442013-disp-10092013-republicacao\/\"> Resolu\u00e7\u00e3o TJES n\u00ba 044\/2013<\/a>, at\u00e9 que sobrevenha nova legisla\u00e7\u00e3o;<\/p>\n<p>&nbsp;<\/p>\n<p style=\"text-align: justify;\">Paragrafo \u00fanico \u2013 Para apura\u00e7\u00e3o da compensa\u00e7\u00e3o, na forma do caput deste artigo, o magistrado coordenador da A\u00e7\u00e3o de Cidadania dever\u00e1 lavrar o Termo de Atendimento Judici\u00e1rio \u201cPlant\u00e3o Justi\u00e7a Comunit\u00e1ria\u201d, na qual constar\u00e3o os nomes dos participantes e dos servidores.<\/p>\n<p style=\"text-align: justify;\">Art. 13 \u2013 Poder\u00e3o atuar na A\u00e7\u00e3o de Cidadania Justi\u00e7a Comunit\u00e1ria os acad\u00eamicos das universidades e faculdades que tenham conv\u00eanio com o Tribunal de Justi\u00e7a para atividades complementares ou de est\u00e1gios.<\/p>\n<p style=\"text-align: justify;\">Paragrafo \u00fanico \u2013 A presta\u00e7\u00e3o de servi\u00e7os ser\u00e1 volunt\u00e1ria, de acordo com a Legisla\u00e7\u00e3o vigente que versa sobre o servi\u00e7o volunt\u00e1rio no \u00e2mbito do PJES, em hip\u00f3tese alguma configurando v\u00ednculo empregat\u00edcio.<\/p>\n<p align=\"center\">SE\u00c7\u00c3O II \u2013 DAS CUSTAS, DESPESAS E HONOR\u00c1RIOS<\/p>\n<p>&nbsp;<\/p>\n<p style=\"text-align: justify;\">Art. 14 \u2013 Na forma da lei, \u00e9 garantido o atendimento gratuito na A\u00e7\u00e3o de Cidadania Justi\u00e7a Comunit\u00e1ria isento de custas, honor\u00e1rios ou qualquer outra despesa processual.<\/p>\n<p align=\"center\">CAP\u00cdTULO III \u2013 DAS DISPOSI\u00c7\u00d5ES FINAIS<\/p>\n<p>&nbsp;<\/p>\n<p style=\"text-align: justify;\">Art. 15 \u2013 As quest\u00f5es controvertidas e omissas que surgirem da aplica\u00e7\u00e3o da presente Resolu\u00e7\u00e3o ser\u00e3o solucionadas pela Presid\u00eancia do Tribunal de Justi\u00e7a e pelo Supervisor do N\u00facleo Permanente de M\u00e9todos Consensuais de Solu\u00e7\u00e3o de Conflitos \u2013 NUPEMEC. Art. 16 \u2013 Esta resolu\u00e7\u00e3o entra em vigor na data de sua publica\u00e7\u00e3o.<\/p>\n<p>&nbsp;<\/p>\n<p>Vit\u00f3ria\/ES, 26 de mar\u00e7o de 2021.<\/p>\n<p align=\"center\"><strong>Desembargador. RONALDO GON\u00c7ALVES DE SOUSA<br \/>\nPRESIDENTE<\/strong><\/p>\n","protected":false},"excerpt":{"rendered":"<p>PODER JUDICI\u00c1RIO DO ESTADO DO ESP\u00cdRITO SANTO &#8211; PJES RUA DESEMBARGADOR HOMERO MAFRA,60 &#8211; Bairro ENSEADA DO SU\u00c1 &#8211; CEP 29050906 &#8211; Vit\u00f3ria &#8211; ES &#8211; www.tjes.jus.br \u00a0 RESOLU\u00c7\u00c3O N\u00ba 005\/2021 \u00a0 O Excelent\u00edssimo Desembargador RONALDO GON\u00c7ALVES DE SOUSA, DD. Presidente do Egr\u00e9gio Tribunal de Justi\u00e7a do Estado do Esp\u00edrito Santo, no uso de suas [&hellip;]<\/p>\n","protected":false},"author":8,"featured_media":0,"comment_status":"closed","ping_status":"closed","sticky":false,"template":"","format":"standard","meta":{"footnotes":""},"categories":[14,13],"tags":[],"_links":{"self":[{"href":"https:\/\/www.tjes.jus.br\/corregedoria\/wp-json\/wp\/v2\/posts\/31419"}],"collection":[{"href":"https:\/\/www.tjes.jus.br\/corregedoria\/wp-json\/wp\/v2\/posts"}],"about":[{"href":"https:\/\/www.tjes.jus.br\/corregedoria\/wp-json\/wp\/v2\/types\/post"}],"author":[{"embeddable":true,"href":"https:\/\/www.tjes.jus.br\/corregedoria\/wp-json\/wp\/v2\/users\/8"}],"replies":[{"embeddable":true,"href":"https:\/\/www.tjes.jus.br\/corregedoria\/wp-json\/wp\/v2\/comments?post=31419"}],"version-history":[{"count":3,"href":"https:\/\/www.tjes.jus.br\/corregedoria\/wp-json\/wp\/v2\/posts\/31419\/revisions"}],"predecessor-version":[{"id":31422,"href":"https:\/\/www.tjes.jus.br\/corregedoria\/wp-json\/wp\/v2\/posts\/31419\/revisions\/31422"}],"wp:attachment":[{"href":"https:\/\/www.tjes.jus.br\/corregedoria\/wp-json\/wp\/v2\/media?parent=31419"}],"wp:term":[{"taxonomy":"category","embeddable":true,"href":"https:\/\/www.tjes.jus.br\/corregedoria\/wp-json\/wp\/v2\/categories?post=31419"},{"taxonomy":"post_tag","embeddable":true,"href":"https:\/\/www.tjes.jus.br\/corregedoria\/wp-json\/wp\/v2\/tags?post=31419"}],"curies":[{"name":"wp","href":"https:\/\/api.w.org\/{rel}","templated":true}]}}