{"id":31444,"date":"2021-04-06T12:43:41","date_gmt":"2021-04-06T15:43:41","guid":{"rendered":"https:\/\/www.tjes.jus.br\/corregedoria\/?p=31444"},"modified":"2021-04-06T12:43:41","modified_gmt":"2021-04-06T15:43:41","slug":"provimento-no-46-2021-disp-06-04-2021","status":"publish","type":"post","link":"https:\/\/www.tjes.jus.br\/corregedoria\/2021\/04\/06\/provimento-no-46-2021-disp-06-04-2021\/","title":{"rendered":"PROVIMENTO N\u00ba 46\/2021 \u2013 DISP. 06\/04\/2021"},"content":{"rendered":"<p style=\"text-align: center;\"><strong>PROVIMENTO CGJES N\u00ba 46\/2021<\/strong><\/p>\n<p>&nbsp;<\/p>\n<p style=\"text-align: justify;\">O Desembargador\u00a0Ney Batista Coutinho, Corregedor Geral da Justi\u00e7a do Estado do Esp\u00edrito Santo, no uso de suas atribui\u00e7\u00f5es legais e,<\/p>\n<p>&nbsp;<\/p>\n<p style=\"text-align: justify;\"><strong>CONSIDERANDO\u00a0<\/strong>que o Governo do Estado do Esp\u00edrito Santo anunciou, em 2 de abril de 2021, o 49\u00ba Mapa de Risco Covid-19, que ter\u00e1 vig\u00eancia durante o per\u00edodo de 5 a 11 de abril, pelo qual os munic\u00edpios da Grande Vit\u00f3ria est\u00e3o classificados em risco extremo;<\/p>\n<p style=\"text-align: justify;\">\n<p style=\"text-align: justify;\"><strong>CONSIDERANDO<\/strong>\u00a0as novas medidas restritivas adotadas pelo Poder Executivo Estadual com a publica\u00e7\u00e3o do Decreto n\u00ba 4859-R, de 3 de abril de 2021;<\/p>\n<p style=\"text-align: justify;\">\n<p style=\"text-align: justify;\"><strong>CONSIDERANDO<\/strong>\u00a0que a e. Presid\u00eancia do Tribunal de Justi\u00e7a, por meio do\u00a0<a href=\"https:\/\/www.tjes.jus.br\/corregedoria\/2021\/04\/05\/ato-normativo-no-027-2021-disp-05-04-2021\/\">Ato Normativo n\u00ba 27\/2021<\/a>, prorrogou o Regime de Plant\u00e3o Extraordin\u00e1rio at\u00e9 11 de abril de 2021, seguindo as regras definidas pelos Atos Normativos TJES <a href=\"https:\/\/www.tjes.jus.br\/corregedoria\/2020\/03\/23\/ato-normativo-no-064-2020-disp-23-03-2020\/\">n\u00ba 64\/2020<\/a> (DJe de 23.3.2020) e <a href=\"https:\/\/www.tjes.jus.br\/corregedoria\/2020\/04\/28\/ato-normativo-no-068-2020-disp-28-04-2020\/\">n\u00ba 68\/2020<\/a> (DJe de 28.4.2020);<\/p>\n<p>&nbsp;<\/p>\n<p style=\"text-align: justify;\"><strong>CONSIDERANDO<\/strong>\u00a0que todos os procedimentos na Corregedoria Geral da Justi\u00e7a tramitam em meio eletr\u00f4nico (SEI e o PJeCor);<\/p>\n<p style=\"text-align: justify;\">\n<p style=\"text-align: justify;\"><strong>CONSIDERANDO<\/strong>\u00a0que a Corregedoria Geral da Justi\u00e7a, nos per\u00edodos em que houve suspens\u00e3o do expediente em raz\u00e3o da pandemia, trabalhou remotamente,\u00a0cujos resultados alcan\u00e7aram altos n\u00edveis de produtividade, com absoluta manuten\u00e7\u00e3o dos fluxos de trabalhos em todos os procedimentos, mantendo-se, inclusive, a continuidade da pr\u00e1tica das correi\u00e7\u00f5es nas unidades judici\u00e1rias;<\/p>\n<p style=\"text-align: justify;\">\n<p style=\"text-align: justify;\"><strong>CONSIDERANDO<\/strong>\u00a0que todas as demandas referentes ao atendimento ao p\u00fablico est\u00e3o sendo\u00a0amplamente solucionadas com a utiliza\u00e7\u00e3o de plataformas de v\u00eddeo confer\u00eancia, tendo os\u00a0resultados se mostrados\u00a0satisfat\u00f3rios;<\/p>\n<p>&nbsp;<\/p>\n<p><strong>RESOLVE:\u00a0<\/strong><\/p>\n<p>&nbsp;<\/p>\n<p style=\"text-align: justify;\">Art. 1\u00ba.\u00a0Determinar que as atividades no \u00e2mbito da Corregedoria Geral da Justi\u00e7a sejam realizadas remotamente (home office)\u00a0no\u00a0per\u00edodo de 5 de abril a 11 de abril de 2021.<\/p>\n<p style=\"text-align: justify;\">\n<p style=\"text-align: justify;\">Art. 2\u00ba.\u00a0As comunica\u00e7\u00f5es e pleitos urgentes poder\u00e3o ser realizados por meio dos telefones n\u00bas (27) 3145-3100 e (27) 99231-8118 e do endere\u00e7o eletr\u00f4nico\u00a0gabinete@tjes.jus.br.<\/p>\n<p style=\"text-align: justify;\">\n<p style=\"text-align: justify;\">Art. 3\u00ba.\u00a0Os prazos administrativos n\u00e3o ser\u00e3o suspensos.<\/p>\n<p style=\"text-align: justify;\">\n<p>Art. 4\u00ba.\u00a0Este Provimento entrar\u00e1 em vigor na data da publica\u00e7\u00e3o.<\/p>\n<p>&nbsp;<\/p>\n<p>Publique-se.<\/p>\n<p>Vit\u00f3ria\/ES, 5 de abril de 2021.<\/p>\n<p>&nbsp;<\/p>\n<p style=\"text-align: center;\"><strong>DES. NEY BATISTA COUTINHO<br \/>\n<\/strong><strong>Corregedor Geral da Justi\u00e7a<\/strong><\/p>\n","protected":false},"excerpt":{"rendered":"<p>PROVIMENTO CGJES N\u00ba 46\/2021 &nbsp; O Desembargador\u00a0Ney Batista Coutinho, Corregedor Geral da Justi\u00e7a do Estado do Esp\u00edrito Santo, no uso de suas atribui\u00e7\u00f5es legais e, &nbsp; CONSIDERANDO\u00a0que o Governo do Estado do Esp\u00edrito Santo anunciou, em 2 de abril de 2021, o 49\u00ba Mapa de Risco Covid-19, que ter\u00e1 vig\u00eancia durante o per\u00edodo de 5 [&hellip;]<\/p>\n","protected":false},"author":8,"featured_media":0,"comment_status":"closed","ping_status":"closed","sticky":false,"template":"","format":"standard","meta":{"footnotes":""},"categories":[14,16],"tags":[],"_links":{"self":[{"href":"https:\/\/www.tjes.jus.br\/corregedoria\/wp-json\/wp\/v2\/posts\/31444"}],"collection":[{"href":"https:\/\/www.tjes.jus.br\/corregedoria\/wp-json\/wp\/v2\/posts"}],"about":[{"href":"https:\/\/www.tjes.jus.br\/corregedoria\/wp-json\/wp\/v2\/types\/post"}],"author":[{"embeddable":true,"href":"https:\/\/www.tjes.jus.br\/corregedoria\/wp-json\/wp\/v2\/users\/8"}],"replies":[{"embeddable":true,"href":"https:\/\/www.tjes.jus.br\/corregedoria\/wp-json\/wp\/v2\/comments?post=31444"}],"version-history":[{"count":1,"href":"https:\/\/www.tjes.jus.br\/corregedoria\/wp-json\/wp\/v2\/posts\/31444\/revisions"}],"predecessor-version":[{"id":31445,"href":"https:\/\/www.tjes.jus.br\/corregedoria\/wp-json\/wp\/v2\/posts\/31444\/revisions\/31445"}],"wp:attachment":[{"href":"https:\/\/www.tjes.jus.br\/corregedoria\/wp-json\/wp\/v2\/media?parent=31444"}],"wp:term":[{"taxonomy":"category","embeddable":true,"href":"https:\/\/www.tjes.jus.br\/corregedoria\/wp-json\/wp\/v2\/categories?post=31444"},{"taxonomy":"post_tag","embeddable":true,"href":"https:\/\/www.tjes.jus.br\/corregedoria\/wp-json\/wp\/v2\/tags?post=31444"}],"curies":[{"name":"wp","href":"https:\/\/api.w.org\/{rel}","templated":true}]}}