{"id":31567,"date":"2021-04-19T16:25:57","date_gmt":"2021-04-19T19:25:57","guid":{"rendered":"https:\/\/www.tjes.jus.br\/corregedoria\/?p=31567"},"modified":"2021-04-19T16:25:57","modified_gmt":"2021-04-19T19:25:57","slug":"ato-normativo-no-033-2021-disp-19-04-2021","status":"publish","type":"post","link":"https:\/\/www.tjes.jus.br\/corregedoria\/2021\/04\/19\/ato-normativo-no-033-2021-disp-19-04-2021\/","title":{"rendered":"ATO NORMATIVO N\u00ba 033\/2021 \u2013 DISP. 19\/04\/2021"},"content":{"rendered":"<p align=\"center\">PODER JUDICI\u00c1RIO DO ESTADO DO ESP\u00cdRITO SANTO &#8211; PJES<\/p>\n<p align=\"center\">RUA DESEMBARGADOR HOMERO MAFRA,60 &#8211; Bairro ENSEADA DO SU\u00c1 &#8211; CEP 29050906 &#8211; Vit\u00f3ria &#8211; ES &#8211; www.tjes.jus.br<\/p>\n<p class=\"textocentralizado\" align=\"center\"><strong>\u00a0<\/strong><\/p>\n<p class=\"textocentralizado\" align=\"center\"><strong>ATO NORMATIVO\u00a0N\u00ba \u00a0033\u00a0 \/2021<\/strong><\/p>\n<p>&nbsp;<\/p>\n<p class=\"textojustificado\">O Exmo. Sr. Desembargador RONALDO GON\u00c7ALVES DE SOUSA, Presidente do Egr\u00e9gio Tribunal de Justi\u00e7a do Estado do Esp\u00edrito Santo, no uso de suas atribui\u00e7\u00f5es legais, e<\/p>\n<p>&nbsp;<\/p>\n<p class=\"textojustificado\"><strong>RESOLVE:<\/strong><\/p>\n<p>&nbsp;<\/p>\n<p class=\"textojustificado\">Art. 1\u00ba &#8211; ALTERAR o <a href=\"https:\/\/www.tjes.jus.br\/corregedoria\/2021\/03\/19\/ato-normativo-no-019-2021-disp-17-03-2021\/\">Ato Normativo n\u00b0 019\/2021<\/a>, publicado no Di\u00e1rio da Justi\u00e7a de 17\/03\/2021, modificando a composi\u00e7\u00e3o da Comiss\u00e3o Permanente de Licita\u00e7\u00e3o deste Egr\u00e9gio Tribunal de Justi\u00e7a, que passar\u00e1 a ser:<\/p>\n<p>&nbsp;<\/p>\n<p class=\"textojustificado\">Membros:<\/p>\n<p>&nbsp;<\/p>\n<p class=\"textojustificado\">I &#8211; Ana L\u00facia Brunoro &#8211; Presidente<\/p>\n<p class=\"textojustificado\">II &#8211; Marcos Calasans Silva<\/p>\n<p class=\"textojustificado\">III &#8211;\u00a0Vitor Rocha Dannemann<\/p>\n<p class=\"textojustificado\">IV \u2013\u00a0Karolliny Bortoloti Luppi Corr\u00eaa da Silva Brezinski<\/p>\n<p>&nbsp;<\/p>\n<p class=\"textojustificado\">Suplentes:<\/p>\n<p>&nbsp;<\/p>\n<p class=\"textojustificado\">I \u2013 Emanuel Silva de Mello<\/p>\n<p class=\"textojustificado\">II &#8211; \u00c9rika Rocha Zardini<\/p>\n<p>&nbsp;<\/p>\n<p class=\"textojustificado\">Em caso de aus\u00eancia ou impedimento do Presidente, este ser\u00e1 substitu\u00eddo por um dos membros da Comiss\u00e3o, na ordem II, III e IV.<\/p>\n<p>&nbsp;<\/p>\n<p class=\"textojustificado\">Art. 2\u00b0. Ficam revogadas as disposi\u00e7\u00f5es em contr\u00e1rio.<\/p>\n<p>&nbsp;<\/p>\n<p class=\"textojustificado\">Art. 3\u00b0. Este ato entra em vigor na data de sua publica\u00e7\u00e3o.<\/p>\n<p>&nbsp;<\/p>\n<p class=\"textojustificado\">Publique-se.<\/p>\n<p>&nbsp;<\/p>\n<p class=\"textoalinhadodireita\" style=\"text-align: left;\" align=\"right\">Vitoria,\u00a0 15 de\u00a0 abril\u00a0de 2021.<\/p>\n<p>&nbsp;<\/p>\n<p>&nbsp;<\/p>\n<p class=\"textocentralizado\" align=\"center\"><strong>DES. RONALDO GON\u00c7ALVES DE SOUSA<\/strong><\/p>\n<p class=\"textocentralizado\" align=\"center\"><strong>PRESIDENTE<\/strong><\/p>\n","protected":false},"excerpt":{"rendered":"<p>PODER JUDICI\u00c1RIO DO ESTADO DO ESP\u00cdRITO SANTO &#8211; PJES RUA DESEMBARGADOR HOMERO MAFRA,60 &#8211; Bairro ENSEADA DO SU\u00c1 &#8211; CEP 29050906 &#8211; Vit\u00f3ria &#8211; ES &#8211; www.tjes.jus.br \u00a0 ATO NORMATIVO\u00a0N\u00ba \u00a0033\u00a0 \/2021 &nbsp; O Exmo. Sr. Desembargador RONALDO GON\u00c7ALVES DE SOUSA, Presidente do Egr\u00e9gio Tribunal de Justi\u00e7a do Estado do Esp\u00edrito Santo, no uso de [&hellip;]<\/p>\n","protected":false},"author":15,"featured_media":0,"comment_status":"closed","ping_status":"closed","sticky":false,"template":"","format":"standard","meta":{"footnotes":""},"categories":[4,14],"tags":[],"_links":{"self":[{"href":"https:\/\/www.tjes.jus.br\/corregedoria\/wp-json\/wp\/v2\/posts\/31567"}],"collection":[{"href":"https:\/\/www.tjes.jus.br\/corregedoria\/wp-json\/wp\/v2\/posts"}],"about":[{"href":"https:\/\/www.tjes.jus.br\/corregedoria\/wp-json\/wp\/v2\/types\/post"}],"author":[{"embeddable":true,"href":"https:\/\/www.tjes.jus.br\/corregedoria\/wp-json\/wp\/v2\/users\/15"}],"replies":[{"embeddable":true,"href":"https:\/\/www.tjes.jus.br\/corregedoria\/wp-json\/wp\/v2\/comments?post=31567"}],"version-history":[{"count":1,"href":"https:\/\/www.tjes.jus.br\/corregedoria\/wp-json\/wp\/v2\/posts\/31567\/revisions"}],"predecessor-version":[{"id":31569,"href":"https:\/\/www.tjes.jus.br\/corregedoria\/wp-json\/wp\/v2\/posts\/31567\/revisions\/31569"}],"wp:attachment":[{"href":"https:\/\/www.tjes.jus.br\/corregedoria\/wp-json\/wp\/v2\/media?parent=31567"}],"wp:term":[{"taxonomy":"category","embeddable":true,"href":"https:\/\/www.tjes.jus.br\/corregedoria\/wp-json\/wp\/v2\/categories?post=31567"},{"taxonomy":"post_tag","embeddable":true,"href":"https:\/\/www.tjes.jus.br\/corregedoria\/wp-json\/wp\/v2\/tags?post=31567"}],"curies":[{"name":"wp","href":"https:\/\/api.w.org\/{rel}","templated":true}]}}