{"id":3165,"date":"2016-06-27T17:50:46","date_gmt":"2016-06-27T20:50:46","guid":{"rendered":"https:\/\/www.tjes.jus.br\/corregedoria\/?p=3165"},"modified":"2018-02-16T16:54:17","modified_gmt":"2018-02-16T18:54:17","slug":"ato-normativo-no-0122013-disp-06032013-revogado","status":"publish","type":"post","link":"https:\/\/www.tjes.jus.br\/corregedoria\/2016\/06\/27\/ato-normativo-no-0122013-disp-06032013-revogado\/","title":{"rendered":"ATO NORMATIVO N\u00ba 012\/2013 &#8211; DISP. 06\/03\/2013 &#8211; ALTERADO &#8211; REVOGADO"},"content":{"rendered":"<p style=\"text-align: center;\"><del><strong>ESTADO DO ESP\u00cdRITO SANTO<\/strong><\/del><\/p>\n<p style=\"text-align: center;\"><del><strong>PODER JUDICI\u00c1RIO<\/strong><\/del><\/p>\n<p style=\"text-align: center;\"><del><strong>TRIBUNAL DE JUSTI\u00c7A<\/strong><\/del><\/p>\n<p style=\"text-align: center;\"><del><strong>ATO NORMATIVO N\u00ba 012\/2013<\/strong><\/del><\/p>\n<p style=\"text-align: justify;\"><del><em>Institui Grupo de Trabalho para acompanhar o cumprimento da Meta 18 do CNJ<\/em><\/del><\/p>\n<p style=\"text-align: justify;\"><del>O Excelent\u00edssimo Senhor Desembargador PEDRO VALLS FEU ROSA, Presidente do Egr\u00e9gio Tribunal de Justi\u00e7a do Estado do Esp\u00edrito Santo, no uso de suas atribui\u00e7\u00f5es legais, e<\/del><\/p>\n<p style=\"text-align: justify;\"><del><strong>CONSIDERANDO<\/strong> a meta de identificar e julgar, at\u00e9 31\/12\/2013, as a\u00e7\u00f5es de improbidade administrativa e as a\u00e7\u00f5es penais relacionadas a crimes contra a administra\u00e7\u00e3o p\u00fablica distribu\u00eddas at\u00e9 31\/12\/2011, aprovada pelo Conselho Nacional de Justi\u00e7a;<\/del><\/p>\n<p style=\"text-align: justify;\"><del><strong>CONSIDERANDO<\/strong> o disposto no artigo 58 da Resolu\u00e7\u00e3o 15\/95 &#8211; Regimento Interno do Tribunal de Justi\u00e7a do Estado do Esp\u00edrito Santo &#8211; que atribui ao Presidente compet\u00eancia geral para exercer a superintend\u00eancia de todo o servi\u00e7o judici\u00e1rio, na qualidade de Chefe da Magistratura do Estado:<\/del><\/p>\n<p style=\"text-align: justify;\"><del><strong>RESOLVE<\/strong>.<\/del><\/p>\n<p style=\"text-align: justify;\"><del><strong>Art. 1<\/strong>\u00ba Instituir Grupo de Trabalho que ter\u00e1 por finalidade o acompanhamento detalhado e cumprimento da Meta 18 do CNJ (identificar e julgar, at\u00e9 31\/12\/2013, as a\u00e7\u00f5es de improbidade administrativa e a\u00e7\u00f5es penais relacionadas a crimes contra a administra\u00e7\u00e3o p\u00fablica, distribu\u00eddas at\u00e9 31\/12\/2011), que ser\u00e1 integrado pelos seguintes membros:<\/del><\/p>\n<p style=\"text-align: justify;\"><del>I &#8211; Paulino Jos\u00e9 Louren\u00e7o &#8211; Juiz Assessor Especial da Presid\u00eancia;<\/del><\/p>\n<p style=\"text-align: justify;\"><del>II &#8211; Jorge Henrique Vale dos Santos &#8211; Juiz da 3\u00aa Vara da Fazenda P\u00fablica Estadual da Capital;<\/del><\/p>\n<p style=\"text-align: justify;\"><del>III &#8211; Gustavo Mar\u00e7al da Silva e Silva &#8211; Juiz da Vara da Fazenda P\u00fablica Estadual, Municipal, Registros P\u00fablicos e Meio Ambiente de Guarapari;<\/del><\/p>\n<p style=\"text-align: justify;\"><del>IV &#8211; Ana Clara D&#8217;\u00c1vila Guedes &#8211; Analista Judici\u00e1rio 02 &#8211; Estat\u00edstica;<\/del><\/p>\n<p style=\"text-align: justify;\"><del>V &#8211; Renata Capelini Soares &#8211; Assessora de N\u00edvel Superior para Assuntos Jur\u00eddicos 01.<\/del><\/p>\n<p style=\"text-align: justify;\"><del>Par\u00e1grafo \u00fanico. O grupo reunir-se-\u00e1 neste Tribunal de Justi\u00e7a sempre que necess\u00e1rio.<\/del><\/p>\n<p style=\"text-align: justify;\"><del><strong>Art. 2<\/strong>\u00ba O grupo ficar\u00e1 encarregado de planejar, organizar e executar as a\u00e7\u00f5es necess\u00e1rias ao cumprimento da Meta.<\/del><\/p>\n<p style=\"text-align: justify;\"><del><strong>Art. 3<\/strong>\u00ba Este Ato Normativo entra em vigor na data de publica\u00e7\u00e3o.<\/del><\/p>\n<p style=\"text-align: justify;\"><del><strong>Publique-se<\/strong>.<\/del><\/p>\n<p style=\"text-align: justify;\"><del>Vit\u00f3ria\/ES, 28 de fevereiro de 2013<\/del><\/p>\n<p style=\"text-align: center;\"><del><strong>Desembargador PEDRO VALLS FEU ROSA<br \/>\nPresidente<\/strong><\/del><\/p>\n<h2 class=\"contentheadingresolucoes_css\" style=\"text-align: center;\"><span style=\"color: #ff0000;\">INCLUS\u00c3O PELO\u00a0<a href=\"https:\/\/www.tjes.jus.br\/corregedoria\/index.php\/2016\/06\/21\/ato-normativo-n-1852013-disp-19122013-republicacao\/\" target=\"_blank\" rel=\"noopener\">ATO NORMATIVO N\u00ba 185\/2013<\/a> &#8211; DISP. 19\/12\/2013<\/span><\/h2>\n<h2 class=\"contentheadingresolucoes_css\" style=\"text-align: center;\"><span style=\"color: #ff0000;\">REVOGADO PELO <a href=\"https:\/\/www.tjes.jus.br\/corregedoria\/index.php\/2016\/06\/20\/ato-normativo-no-0412014-disp-06032014\/\" target=\"_blank\" rel=\"noopener\">ATO NORMATIVO N\u00ba 041\/2014<\/a> &#8211; DISP. 06\/03\/2014<\/span><\/h2>\n","protected":false},"excerpt":{"rendered":"<p>ESTADO DO ESP\u00cdRITO SANTO PODER JUDICI\u00c1RIO TRIBUNAL DE JUSTI\u00c7A ATO NORMATIVO N\u00ba 012\/2013 Institui Grupo de Trabalho para acompanhar o cumprimento da Meta 18 do CNJ O Excelent\u00edssimo Senhor Desembargador PEDRO VALLS FEU ROSA, Presidente do Egr\u00e9gio Tribunal de Justi\u00e7a do Estado do Esp\u00edrito Santo, no uso de suas atribui\u00e7\u00f5es legais, e CONSIDERANDO a meta [&hellip;]<\/p>\n","protected":false},"author":1,"featured_media":0,"comment_status":"open","ping_status":"open","sticky":false,"template":"","format":"standard","meta":{"footnotes":""},"categories":[4,14],"tags":[],"_links":{"self":[{"href":"https:\/\/www.tjes.jus.br\/corregedoria\/wp-json\/wp\/v2\/posts\/3165"}],"collection":[{"href":"https:\/\/www.tjes.jus.br\/corregedoria\/wp-json\/wp\/v2\/posts"}],"about":[{"href":"https:\/\/www.tjes.jus.br\/corregedoria\/wp-json\/wp\/v2\/types\/post"}],"author":[{"embeddable":true,"href":"https:\/\/www.tjes.jus.br\/corregedoria\/wp-json\/wp\/v2\/users\/1"}],"replies":[{"embeddable":true,"href":"https:\/\/www.tjes.jus.br\/corregedoria\/wp-json\/wp\/v2\/comments?post=3165"}],"version-history":[{"count":5,"href":"https:\/\/www.tjes.jus.br\/corregedoria\/wp-json\/wp\/v2\/posts\/3165\/revisions"}],"predecessor-version":[{"id":22613,"href":"https:\/\/www.tjes.jus.br\/corregedoria\/wp-json\/wp\/v2\/posts\/3165\/revisions\/22613"}],"wp:attachment":[{"href":"https:\/\/www.tjes.jus.br\/corregedoria\/wp-json\/wp\/v2\/media?parent=3165"}],"wp:term":[{"taxonomy":"category","embeddable":true,"href":"https:\/\/www.tjes.jus.br\/corregedoria\/wp-json\/wp\/v2\/categories?post=3165"},{"taxonomy":"post_tag","embeddable":true,"href":"https:\/\/www.tjes.jus.br\/corregedoria\/wp-json\/wp\/v2\/tags?post=3165"}],"curies":[{"name":"wp","href":"https:\/\/api.w.org\/{rel}","templated":true}]}}