{"id":31743,"date":"2021-05-03T14:01:14","date_gmt":"2021-05-03T17:01:14","guid":{"rendered":"https:\/\/www.tjes.jus.br\/corregedoria\/?p=31743"},"modified":"2026-04-01T13:26:05","modified_gmt":"2026-04-01T16:26:05","slug":"provimento-no-50-2021-disp-03-05-2021-republicacao","status":"publish","type":"post","link":"https:\/\/www.tjes.jus.br\/corregedoria\/2021\/05\/03\/provimento-no-50-2021-disp-03-05-2021-republicacao\/","title":{"rendered":"PROVIMENTO N\u00ba 50\/2021 \u2013 DISP. 03\/05\/2021 &#8211; REPUBLICA\u00c7\u00c3O \u2013 ALTERADO \u2013 REVOGADO"},"content":{"rendered":"<p style=\"text-align: center;\"><span style=\"color: #ff0000;\"><strong>REVOGADO PELO<\/strong>\u00a0<a href=\"https:\/\/www.tjes.jus.br\/corregedoria\/2026\/04\/01\/provimento-no-08-2026-disp-01-04-2026\/\"><strong>PROVIMENTO N\u00ba 08\/2026<\/strong><\/a><strong> DISPONIBILIZADO EM 01\/04\/2026<\/strong><\/span><\/p>\n<p style=\"text-align: center;\"><del><span style=\"color: #ff0000;\"><strong>Alterado pelo<\/strong><strong>\u00a0<a href=\"https:\/\/www.tjes.jus.br\/corregedoria\/2025\/12\/11\/provimento-no-24-2025-disp-11-12-2025\/\">PROVIMENTO N\u00ba 24\/2025<\/a>\u00a0<\/strong>\u2013\u00a0<strong>Disp. 11\/12\/2025<\/strong><\/span><\/del><\/p>\n<p class=\"Texto_Centralizado\" style=\"text-align: center;\"><del><strong>PROVIMENTO CGJES N\u00ba<\/strong>\u00a0<strong>50 \/2021<\/strong><\/del><\/p>\n<p class=\"Texto_Ementa\" style=\"text-align: justify;\"><del>Regulamenta o Programa de Monitoramento das Metas Nacionais e do excesso de prazo de conclus\u00e3o no \u00e2mbito das unidades judici\u00e1rias de primeiro grau do Tribunal de Justi\u00e7a do Estado do Esp\u00edrito Santo.<\/del><\/p>\n<p class=\"Texto_Justificado\" style=\"text-align: justify;\"><del>O Excelent\u00edssimo Senhor Desembargador\u00a0<strong>NEY BATISTA COUTINHO<\/strong>, Corregedor Geral da Justi\u00e7a do Estado do Esp\u00edrito Santo, no uso de suas atribui\u00e7\u00f5es legais e,<\/del><\/p>\n<p class=\"Texto_Justificado\" style=\"text-align: justify;\"><del><strong>CONSIDERANDO<\/strong>\u00a0que a Corregedoria Geral da Justi\u00e7a \u00e9 \u00f3rg\u00e3o de fiscaliza\u00e7\u00e3o, disciplina e orienta\u00e7\u00e3o administrativa, com jurisdi\u00e7\u00e3o em todo o Estado, conforme art. 35 da Lei Complementar Estadual n. 234\/02 e art. 8\u00ba, Tomo I, do C\u00f3digo de Normas;<\/del><\/p>\n<p class=\"Texto_Justificado\" style=\"text-align: justify;\"><del><strong>CONSIDERANDO<\/strong>\u00a0a Estrat\u00e9gia Nacional do Poder Judici\u00e1rio para o sex\u00eanio 2021-2026 (Resolu\u00e7\u00e3o CNJ n. 325\/2020), que estabelece como Macrodesafios a agilidade e a produtividade na presta\u00e7\u00e3o jurisdicional, cujo monitoramento e avalia\u00e7\u00e3o ser\u00e3o feitos a partir da an\u00e1lise dos resultados das Metas Nacionais;<\/del><\/p>\n<p class=\"Texto_Justificado\" style=\"text-align: justify;\"><del><strong>CONSIDERANDO<\/strong>\u00a0que as Metas Nacionais 1 e 2 visam, respectivamente, a preven\u00e7\u00e3o de forma\u00e7\u00e3o de estoque e a redu\u00e7\u00e3o de passivo processual e comp\u00f5em, obrigatoriamente, o monitoramento da Estrat\u00e9gia Nacional do Poder Judici\u00e1rio 2021-2026;<\/del><\/p>\n<p class=\"Texto_Justificado\" style=\"text-align: justify;\"><del><strong>CONSIDERANDO<\/strong>\u00a0que a Diretriz Estrat\u00e9gica 1 estabelecida pela Corregedoria Nacional de Justi\u00e7a imp\u00f5e \u00e0s Corregedorias Regionais a identifica\u00e7\u00e3o e desenvolvimento de plano de trabalho para o aperfei\u00e7oamento das unidades jurisdicionais com maior dificuldade em atingir as\u00a0Metas Nacionais 1 e 2 ou com recorrente excesso de prazo de conclus\u00e3o;<\/del><\/p>\n<p class=\"Texto_Justificado\" style=\"text-align: justify;\"><del><strong>CONSIDERANDO<\/strong>\u00a0o Enunciado firmado no 84\u00ba Encontro do Col\u00e9gio Permanente de Corregedores Gerais dos Tribunais de Justi\u00e7a do Brasil, no sentido de que a realiza\u00e7\u00e3o de uma gest\u00e3o judicial estruturada constr\u00f3i um Judici\u00e1rio mais eficaz;<\/del><\/p>\n<p class=\"Texto_Justificado\" style=\"text-align: justify;\"><del><strong>RESOLVE<\/strong>:<\/del><\/p>\n<p class=\"Texto_Justificado\" style=\"text-align: justify;\"><del><strong>Art. 1\u00ba<\/strong>\u00a0Instituir o \u201cPrograma de Monitoramento das Unidades Judici\u00e1rias de Primeiro Grau\u201d que apresentem baixo \u00edndice de cumprimento das Metas Nacionais 1 e 2 do Conselho Nacional de Justi\u00e7a e recorrente excesso de prazo de conclus\u00e3o, nos termos da Diretriz Estrat\u00e9gica 1 da Corregedoria Nacional de Justi\u00e7a, observando-se as seguintes balizas:<\/del><\/p>\n<p class=\"Texto_Justificado\" style=\"text-align: justify;\"><del>I \u2013 Meta 1: tem como foco a produtividade e consiste no julgamento de quantidade maior de processos de conhecimento do que os distribu\u00eddos no corrente ano, exclu\u00eddos os suspensos e sobrestados;<\/del><\/p>\n<p class=\"Texto_Justificado\" style=\"text-align: justify;\"><del>II \u2013 Meta 2: tem como foco a celeridade e consiste na redu\u00e7\u00e3o do estoque de processos pendentes de julgamento, sobretudo os distribu\u00eddos h\u00e1 longo tempo;<\/del><\/p>\n<p class=\"Texto_Justificado\" style=\"text-align: justify;\"><del>III \u2013 Considera-se excesso de prazo de conclus\u00e3o o par\u00e2metro m\u00e1ximo de 100 (cem) dias corridos.<\/del><\/p>\n<p align=\"justify\"><del><strong>Art. 1\u00ba<\/strong> Instituir o \u2018Programa de Monitoramento das Unidades Judici\u00e1rias de Primeiro Grau\u2019 que apresentem baixo \u00edndice de cumprimento das Metas Nacionais 1 e 2 do Conselho Nacional de Justi\u00e7a e recorrente excesso de prazo de conclus\u00e3o, nos termos da Diretriz Estrat\u00e9gica 1 da Corregedoria Nacional de Justi\u00e7a, observando-se as seguintes balizas:<\/del><\/p>\n<p align=\"justify\"><del>I \u2013 Meta 1: tem como foco a produtividade e consiste no julgamento de quantidade maior de processos de conhecimento do que os distribu\u00eddos no corrente ano, exclu\u00eddos os suspensos e sobrestados;<\/del><\/p>\n<p align=\"justify\"><del>II \u2013 Meta 2: tem como foco a celeridade e consiste na redu\u00e7\u00e3o do estoque de processos pendentes de julgamento, sobretudo os distribu\u00eddos h\u00e1 longo tempo;<\/del><\/p>\n<p align=\"justify\"><del>III \u2013 Considera-se excesso de prazo de conclus\u00e3o o par\u00e2metro m\u00e1ximo de 120 (cento e vinte) dias corridos;<\/del><\/p>\n<p align=\"justify\"><del>IV \u2013 A baixa processual (arquivamento definitivo) dever\u00e1 ser promovida tempestivamente, especialmente nos processos j\u00e1 solucionados jurisdicionalmente, por se tratar de medida diretamente relacionada ao adequado desempenho das Metas 1 e 2 e \u00e0 fidedignidade dos indicadores estat\u00edsticos da unidade;<\/del><\/p>\n<p align=\"justify\"><del>V \u2013 A unidade judici\u00e1ria dever\u00e1 adotar medidas permanentes de corre\u00e7\u00e3o e higieniza\u00e7\u00e3o dos dados cadastrais das partes, advogados e demais participantes do processo, incluindo CPF\/CNPJ, n\u00famero da OAB e demais informa\u00e7\u00f5es essenciais, de modo a evitar preju\u00edzos ao regular andamento processual e \u00e0 correta apura\u00e7\u00e3o dos resultados das Metas 1 e 2. <span style=\"color: #ff0000;\"><strong>Alterado pelo<\/strong><strong>\u00a0<a href=\"https:\/\/www.tjes.jus.br\/corregedoria\/2025\/12\/11\/provimento-no-24-2025-disp-11-12-2025\/\">PROVIMENTO N\u00ba 24\/2025<\/a>\u00a0<\/strong>\u2013\u00a0<strong>Disp. 11\/12\/2025<\/strong><\/span><\/del><\/p>\n<p class=\"Texto_Justificado\" style=\"text-align: justify;\"><del><strong>Art. 2\u00ba<\/strong>\u00a0Para a implementa\u00e7\u00e3o da Diretriz Estrat\u00e9gica 1, a Corregedoria Geral da Justi\u00e7a realizar\u00e1 o monitoramento das unidades judici\u00e1rias de primeiro grau para identificar aquelas com baixo n\u00edvel de produtividade, com vistas a execu\u00e7\u00e3o de plano de trabalho para o alcance das Metas 1 e 2 e a redu\u00e7\u00e3o dos prazos de conclus\u00e3o dos processos.<\/del><\/p>\n<p class=\"Texto_Justificado\" style=\"text-align: justify;\"><del>\u00a7 1\u00ba Compete ao magistrado de primeiro grau gerir administrativamente a sua unidade, sem preju\u00edzo da presta\u00e7\u00e3o jurisdicional.<\/del><\/p>\n<p class=\"Texto_Justificado\" style=\"text-align: justify;\"><del>\u00a7 2\u00ba Compete ao magistrado e aos servidores, sob a sua supervis\u00e3o, a implementa\u00e7\u00e3o de medidas voltadas ao cumprimento das Metas 1 e 2 e a observ\u00e2ncia dos prazos de conclus\u00e3o.<\/del><\/p>\n<p class=\"Texto_Justificado\" style=\"text-align: justify;\"><del><strong>Do Programa de Monitoramento<\/strong><\/del><\/p>\n<p class=\"Texto_Justificado\" style=\"text-align: justify;\"><del><strong>Art. 3\u00ba\u00a0<\/strong>O acompanhamento do desempenho das unidades judici\u00e1rias ser\u00e1 feito pela Se\u00e7\u00e3o de Controle e An\u00e1lise de Dados Estat\u00edsticos da Corregedoria Geral da Justi\u00e7a, a partir do exame dos relat\u00f3rios dos sistemas de gerenciamento dos processos f\u00edsicos e eletr\u00f4nicos, bem como aqueles gerados pelo N\u00facleo de Processamento de Estat\u00edstica.<\/del><\/p>\n<p class=\"Texto_Justificado\" style=\"text-align: justify;\"><del><strong>Art. 4\u00ba\u00a0<\/strong>Ser\u00e3o expedidos of\u00edcios, trimestralmente, para as unidades judici\u00e1rias que apresentarem baixo \u00edndice de cumprimento das Metas 1 e 2 e elevado n\u00famero de processos com mais de 100 (cem) dias corridos de conclus\u00e3o, para que regularizem os problemas identificados.<\/del><\/p>\n<p class=\"Texto_Justificado\" style=\"text-align: justify;\"><del><strong>Da sele\u00e7\u00e3o das unidades judici\u00e1rias<\/strong><\/del><\/p>\n<p class=\"Texto_Justificado\" style=\"text-align: justify;\"><del><strong>Art. 5\u00ba<\/strong>\u00a0A partir da an\u00e1lise dos relat\u00f3rios, a Se\u00e7\u00e3o de Controle e An\u00e1lise de Dados Estat\u00edsticos identificar\u00e1 as unidades judici\u00e1rias de primeiro grau que apresentarem baixo \u00edndice de cumprimento das Metas Nacionais 1 e 2 e elevado n\u00famero de processos com mais de 100 (cem) dias corridos de conclus\u00e3o.<\/del><\/p>\n<p class=\"Texto_Justificado\" style=\"text-align: justify;\"><del><strong>Art. 6\u00ba\u00a0<\/strong>O Corregedor Geral da Justi\u00e7a selecionar\u00e1 as unidades para inclus\u00e3o no Programa de Monitoramento, determinando ao magistrado respons\u00e1vel o desenvolvimento de Plano de Trabalho, que dever\u00e1 contar com a colabora\u00e7\u00e3o de todos os servidores lotados na unidade.<\/del><\/p>\n<p class=\"Texto_Justificado\" style=\"text-align: justify;\"><del>Par\u00e1grafo \u00fanico. A Corregedoria Geral da Justi\u00e7a poder\u00e1 limitar o n\u00famero de unidades a serem inclu\u00eddas no programa, levando em considera\u00e7\u00e3o a sua for\u00e7a de trabalho.<\/del><\/p>\n<p class=\"Texto_Justificado\" style=\"text-align: justify;\"><del><strong>Art. 7\u00ba\u00a0<\/strong>Para a inclus\u00e3o das unidades judici\u00e1rias no Programa de Monitoramento, considerar-se-\u00e3o:<\/del><\/p>\n<p class=\"Texto_Justificado\" style=\"text-align: justify;\"><del>I \u2013 O hist\u00f3rico de desempenho das Metas 1 e 2 dos \u00faltimos dois anos;<\/del><\/p>\n<p class=\"Texto_Justificado\" style=\"text-align: justify;\"><del>II \u2013 O v\u00ednculo do magistrado respons\u00e1vel \u2013 se titular ou designado \u2013 considerando, inclusive, os casos em que haja cumula\u00e7\u00e3o de fun\u00e7\u00f5es;<\/del><\/p>\n<p class=\"Texto_Justificado\" style=\"text-align: justify;\"><del>III \u2013 O afastamento prolongado do magistrado;<\/del><\/p>\n<p class=\"Texto_Justificado\" style=\"text-align: justify;\"><del>IV \u2013 O quantitativo de servidores lotados;<\/del><\/p>\n<p class=\"Texto_Justificado\" style=\"text-align: justify;\"><del>V \u2013 O quantitativo de demandas distribu\u00eddas em rela\u00e7\u00e3o \u00e0 complexidade dos conflitos submetidos \u00e0 jurisdi\u00e7\u00e3o.<\/del><\/p>\n<p class=\"Texto_Justificado\" style=\"text-align: justify;\"><del><strong>Da execu\u00e7\u00e3o do Plano de Trabalho<\/strong><\/del><\/p>\n<p class=\"Texto_Justificado\" style=\"text-align: justify;\"><del><strong>Art. 8\u00ba<\/strong>\u00a0Para cada unidade judici\u00e1ria inclu\u00edda no Programa de Monitoramento ser\u00e1 instaurado processo eletr\u00f4nico, a ser instru\u00eddo com relat\u00f3rio de desempenho das Metas 1 e 2 dos \u00faltimos dois anos, relat\u00f3rio de processos conclusos h\u00e1 mais de 100 (cem) dias e relat\u00f3rio da \u00faltima correi\u00e7\u00e3o e inspe\u00e7\u00e3o judicial.<\/del><\/p>\n<p class=\"Texto_Justificado\" style=\"text-align: justify;\"><del><strong>Art. 9\u00ba<\/strong>\u00a0O magistrado respons\u00e1vel pela unidade judici\u00e1ria ser\u00e1 cientificado da respectiva inclus\u00e3o no Programa de Monitoramento \u2013 cujo prazo de dura\u00e7\u00e3o ser\u00e1 de 6 (seis) meses \u2013 e da necessidade de elabora\u00e7\u00e3o do respectivo Plano de Trabalho.<\/del><\/p>\n<p class=\"Texto_Justificado\" style=\"text-align: justify;\"><del><strong>Art. 10<\/strong>. No desenvolvimento do Plano de Trabalho a unidade judici\u00e1ria dever\u00e1 empreender esfor\u00e7os para:<\/del><\/p>\n<p class=\"Texto_Justificado\" style=\"text-align: justify;\"><del>I \u2013 aumentar o n\u00famero de processos julgados, de acordo com os crit\u00e9rios da Meta 1, de modo que se possa verificar a evolu\u00e7\u00e3o do percentual da referida meta;<\/del><\/p>\n<p class=\"Texto_Justificado\" style=\"text-align: justify;\"><del>II \u2013 julgar os processos inclu\u00eddos na Meta 2, de modo que se possa verificar a evolu\u00e7\u00e3o do percentual da referida meta;<\/del><\/p>\n<p class=\"Texto_Justificado\" style=\"text-align: justify;\"><del>III \u2013 dar andamento aos processos conclusos h\u00e1 mais de 100 (cem) dias, de modo que se possa verificar a redu\u00e7\u00e3o do estoque de processos em gabinete.<\/del><\/p>\n<p class=\"Texto_Justificado\" style=\"text-align: justify;\"><del>Par\u00e1grafo \u00fanico. Poder\u00e1 o magistrado, em caso de necessidade, solicitar a colabora\u00e7\u00e3o do Grupo de Trabalho para Acompanhamento das Metas Nacionais do CNJ (Ato Normativo Conjunto n. 18\/2020) a esta Corregedoria, a qual se ocupar\u00e1 de seu encaminhamento.<\/del><\/p>\n<p class=\"Texto_Justificado\" style=\"text-align: justify;\"><del><strong>Art. 11<\/strong>. Durante a execu\u00e7\u00e3o do Plano de Trabalho, o magistrado e, pelo menos, 1\/3 dos servidores da unidade, dever\u00e3o participar de curso voltado \u00e0 gest\u00e3o judici\u00e1ria, vinculado \u00e0 disponibiliza\u00e7\u00e3o pela Escola da Magistratura do Esp\u00edrito Santo \u2013 EMES, com apresenta\u00e7\u00e3o de certificado na entrega do relat\u00f3rio final.<\/del><\/p>\n<p class=\"Texto_Justificado\" style=\"text-align: justify;\"><del><strong>Do acompanhamento do Plano de Trabalho<\/strong><\/del><\/p>\n<p class=\"Texto_Justificado\" style=\"text-align: justify;\"><del><strong>Art. 12<\/strong>. Decorridos 3 (tr\u00eas) meses do in\u00edcio do Plano de Trabalho, o magistrado encaminhar\u00e1 relat\u00f3rio parcial dos resultados alcan\u00e7ados \u00e0 Se\u00e7\u00e3o de Controle e An\u00e1lise de Dados Estat\u00edsticos.<\/del><\/p>\n<p class=\"Texto_Justificado\" style=\"text-align: justify;\"><del><strong>Art. 13<\/strong>. A Corregedoria Geral da Justi\u00e7a, durante a execu\u00e7\u00e3o do Plano de Trabalho, poder\u00e1 realizar dilig\u00eancias<em>\u00a0in loco<\/em>\u00a0ou virtual para dirimir quest\u00f5es relevantes.<\/del><\/p>\n<p class=\"Texto_Justificado\" style=\"text-align: justify;\"><del><strong>Art. 14<\/strong>. Decorrido o prazo de execu\u00e7\u00e3o do Plano de Trabalho, o magistrado encaminhar\u00e1 relat\u00f3rio final das a\u00e7\u00f5es empreendidas para melhoria do desempenho da unidade judici\u00e1ria.<\/del><\/p>\n<p class=\"Texto_Justificado\" style=\"text-align: justify;\"><del>\u00a7 1\u00ba O relat\u00f3rio final ser\u00e1 submetido \u00e0 aprecia\u00e7\u00e3o do Corregedor Geral da Justi\u00e7a, que analisando os resultados, o aprovar\u00e1 ou o reprovar\u00e1.<\/del><\/p>\n<p class=\"Texto_Justificado\" style=\"text-align: justify;\"><del>\u00a7 2\u00ba Na hip\u00f3tese de aprova\u00e7\u00e3o, a unidade judici\u00e1ria ser\u00e1 exclu\u00edda do Programa de Monitoramento.<\/del><\/p>\n<p class=\"Texto_Justificado\" style=\"text-align: justify;\"><del>\u00a7 3\u00ba Na hip\u00f3tese de reprova\u00e7\u00e3o, a unidade judici\u00e1ria poder\u00e1 ser inclu\u00edda no Programa de Monitoramento do ano subsequente.<\/del><\/p>\n<p class=\"Texto_Justificado\" style=\"text-align: justify;\"><del><strong>Art. 15<\/strong>. A execu\u00e7\u00e3o do Plano de Trabalho n\u00e3o ser\u00e1 suspensa por gozo de f\u00e9rias do magistrado ou de qualquer integrante da unidade judici\u00e1ria.<\/del><\/p>\n<p class=\"Texto_Justificado\" style=\"text-align: justify;\"><del><strong>Art. 16<\/strong>. Este Provimento entra em vigor na data de sua publica\u00e7\u00e3o.<\/del><\/p>\n<p class=\"Texto_Justificado\" style=\"text-align: justify;\"><del>Publique-se.<\/del><\/p>\n<p class=\"Texto_Justificado\" style=\"text-align: justify;\"><del>Vit\u00f3ria\/ES, 30 de abril de 2021.<\/del><\/p>\n<p class=\"Texto_Centralizado\" style=\"text-align: center;\"><del><strong>Desembargador NEY BATISTA COUTINHO<\/strong><\/del><\/p>\n<p class=\"Texto_Centralizado\" style=\"text-align: center;\"><del><strong>Corregedor Geral da Justi\u00e7a<\/strong><\/del><\/p>\n<p style=\"text-align: center;\"><del><strong>REPUBLICADO POR CONTER INCORRE\u00c7\u00c3O<\/strong><\/del><\/p>\n","protected":false},"excerpt":{"rendered":"<p>REVOGADO PELO\u00a0PROVIMENTO N\u00ba 08\/2026 DISPONIBILIZADO EM 01\/04\/2026 Alterado pelo\u00a0PROVIMENTO N\u00ba 24\/2025\u00a0\u2013\u00a0Disp. 11\/12\/2025 PROVIMENTO CGJES N\u00ba\u00a050 \/2021 Regulamenta o Programa de Monitoramento das Metas Nacionais e do excesso de prazo de conclus\u00e3o no \u00e2mbito das unidades judici\u00e1rias de primeiro grau do Tribunal de Justi\u00e7a do Estado do Esp\u00edrito Santo. O Excelent\u00edssimo Senhor Desembargador\u00a0NEY BATISTA COUTINHO, Corregedor [&hellip;]<\/p>\n","protected":false},"author":15,"featured_media":0,"comment_status":"closed","ping_status":"closed","sticky":false,"template":"","format":"standard","meta":{"footnotes":""},"categories":[14,16],"tags":[],"_links":{"self":[{"href":"https:\/\/www.tjes.jus.br\/corregedoria\/wp-json\/wp\/v2\/posts\/31743"}],"collection":[{"href":"https:\/\/www.tjes.jus.br\/corregedoria\/wp-json\/wp\/v2\/posts"}],"about":[{"href":"https:\/\/www.tjes.jus.br\/corregedoria\/wp-json\/wp\/v2\/types\/post"}],"author":[{"embeddable":true,"href":"https:\/\/www.tjes.jus.br\/corregedoria\/wp-json\/wp\/v2\/users\/15"}],"replies":[{"embeddable":true,"href":"https:\/\/www.tjes.jus.br\/corregedoria\/wp-json\/wp\/v2\/comments?post=31743"}],"version-history":[{"count":4,"href":"https:\/\/www.tjes.jus.br\/corregedoria\/wp-json\/wp\/v2\/posts\/31743\/revisions"}],"predecessor-version":[{"id":46841,"href":"https:\/\/www.tjes.jus.br\/corregedoria\/wp-json\/wp\/v2\/posts\/31743\/revisions\/46841"}],"wp:attachment":[{"href":"https:\/\/www.tjes.jus.br\/corregedoria\/wp-json\/wp\/v2\/media?parent=31743"}],"wp:term":[{"taxonomy":"category","embeddable":true,"href":"https:\/\/www.tjes.jus.br\/corregedoria\/wp-json\/wp\/v2\/categories?post=31743"},{"taxonomy":"post_tag","embeddable":true,"href":"https:\/\/www.tjes.jus.br\/corregedoria\/wp-json\/wp\/v2\/tags?post=31743"}],"curies":[{"name":"wp","href":"https:\/\/api.w.org\/{rel}","templated":true}]}}