{"id":31776,"date":"2021-05-06T15:33:26","date_gmt":"2021-05-06T18:33:26","guid":{"rendered":"https:\/\/www.tjes.jus.br\/corregedoria\/?p=31776"},"modified":"2021-05-06T15:33:26","modified_gmt":"2021-05-06T18:33:26","slug":"ato-normativo-conjunto-no-007-2021-disp-06-05-2021","status":"publish","type":"post","link":"https:\/\/www.tjes.jus.br\/corregedoria\/2021\/05\/06\/ato-normativo-conjunto-no-007-2021-disp-06-05-2021\/","title":{"rendered":"ATO NORMATIVO CONJUNTO N\u00ba 007\/2021 \u2013 DISP. 06\/05\/2021"},"content":{"rendered":"<p style=\"text-align: center;\"><strong>PODER JUDICI\u00c1RIO DO ESTADO DO ESP\u00cdRITO SANTO &#8211; PJES<\/strong><\/p>\n<p style=\"text-align: center;\"><strong>RUA DESEMBARGADOR HOMERO MAFRA,60 &#8211; Bairro ENSEADA DO SU\u00c1 &#8211; CEP 29050906 &#8211; Vit\u00f3ria &#8211; ES &#8211; www.tjes.jus.br<\/strong><\/p>\n<p style=\"text-align: center;\">\n<p style=\"text-align: center;\"><strong>Ato Normativo Conjunto \u00ba 007 \/2021<\/strong><\/p>\n<p>&nbsp;<\/p>\n<p style=\"text-align: justify;\">Considerando o<a href=\"https:\/\/www.tjes.jus.br\/corregedoria\/2021\/03\/22\/ato-normativo-conjunto-no-004-2021-disp-18-03-2021\/\"> Ato Normativo Conjunto 004\/2021<\/a>, de 18 de mar\u00e7o de 2021,\u00a0atrav\u00e9s do qual as medidas protetivas em vigor ou prestes a expirar dever\u00e3o ter sua efic\u00e1cia prorrogada at\u00e9 04\/04\/2021, nos pr\u00f3prios autos e independente de manifesta\u00e7\u00e3o da v\u00edtima, dentre outras provid\u00eancias;<\/p>\n<p style=\"text-align: justify;\">\n<p style=\"text-align: justify;\">Considerando o <a href=\"https:\/\/www.tjes.jus.br\/corregedoria\/2021\/04\/07\/ato-normativo-conjunto-no-005-2021-disp-07-04-2021\/\">Ato Normativo Conjunto 005\/2021<\/a>, de 07 de abril de 2021,\u00a0atrav\u00e9s do qual as medidas protetivas em vigor ou prestes a expirar dever\u00e3o ter sua efic\u00e1cia prorrogada at\u00e9 18\/04\/2021, nos pr\u00f3prios autos e independente de manifesta\u00e7\u00e3o da v\u00edtima, dentre outras provid\u00eancias;<\/p>\n<p style=\"text-align: justify;\">\n<p style=\"text-align: justify;\">Considerando o <a href=\"https:\/\/www.tjes.jus.br\/corregedoria\/2021\/04\/27\/ato-normativo-conjunto-no-006-2021-disp-27-04-2021\/\">Ato Normativo Conjunto 006\/2021<\/a>, de 27 de abril de 2021,\u00a0atrav\u00e9s do qual as medidas protetivas em vigor ou prestes a expirar dever\u00e3o ter sua efic\u00e1cia prorrogada at\u00e9\u00a0 02\/05\/2021, nos pr\u00f3prios autos e independente de manifesta\u00e7\u00e3o da v\u00edtima, dentre outras provid\u00eancias;<\/p>\n<p style=\"text-align: justify;\">\n<p style=\"text-align: justify;\">Considerando o <a href=\"https:\/\/www.tjes.jus.br\/corregedoria\/2021\/05\/03\/ato-normativo-no-036-2021-disp-03-05-2021\/\">Ato Normativo 36\/2021<\/a>, deste Egr\u00e9gio Tribunal de Justi\u00e7a, o qual revoga o <a href=\"https:\/\/www.tjes.jus.br\/corregedoria\/2021\/04\/05\/ato-normativo-no-027-2021-disp-05-04-2021\/\">Ato Normativo 27\/2021<\/a> a partir de 03\/05\/21,\u00a0determinando que\u00a0 o Poder Judici\u00e1rio do Estado do Esp\u00edrito Santo permane\u00e7a na fase intermedi\u00e1ria prevista no\u00a0<a href=\"https:\/\/www.tjes.jus.br\/corregedoria\/2020\/08\/07\/ato-normativo-no-088-2020-disp-07-08-2020\/\">Ato\u00a0Normativo 88\/2020<\/a> do TJES, dos dias 03\/05\/2021 a 09\/05\/2021 e que progrida \u00e0 fase final prevista no mesmo Ato, a partir de 10\/05\/2021;<\/p>\n<p style=\"text-align: justify;\">\n<p style=\"text-align: justify;\">Fica prorrogado o <a href=\"https:\/\/www.tjes.jus.br\/corregedoria\/2021\/03\/22\/ato-normativo-conjunto-no-004-2021-disp-18-03-2021\/\">Ato Normativo\u00a0Conjunto 004\/2021<\/a> at\u00e9 09\/05\/21.<\/p>\n<p>&nbsp;<\/p>\n<p>Vit\u00f3ria, 04 de maio de 2021<\/p>\n<p>&nbsp;<\/p>\n<p>&nbsp;<\/p>\n<p>&nbsp;<\/p>\n<p align=\"center\"><strong>FERNANDO ZARDINI ANTONIO<\/strong><\/p>\n<p align=\"center\"><strong>Desembargador Supervisor das Varas Criminais,<\/strong><\/p>\n<p align=\"center\"><strong>\u00a0de Execu\u00e7\u00e3o e Viol\u00eancia Dom\u00e9stica<\/strong><\/p>\n<p>&nbsp;<\/p>\n<p>&nbsp;<\/p>\n<p>&nbsp;<\/p>\n<p align=\"center\"><strong>HERM\u00cdNIA MARIA SILVEIRA AZOURY<\/strong><\/p>\n<p align=\"center\"><strong>Ju\u00edza de Direito Coordenadora Estadual da Mulher em<\/strong><\/p>\n<p align=\"center\"><strong>Situa\u00e7\u00e3o de Viol\u00eancia Dom\u00e9stica e Familiar<\/strong><\/p>\n<p>&nbsp;<\/p>\n","protected":false},"excerpt":{"rendered":"<p>PODER JUDICI\u00c1RIO DO ESTADO DO ESP\u00cdRITO SANTO &#8211; PJES RUA DESEMBARGADOR HOMERO MAFRA,60 &#8211; Bairro ENSEADA DO SU\u00c1 &#8211; CEP 29050906 &#8211; Vit\u00f3ria &#8211; ES &#8211; www.tjes.jus.br Ato Normativo Conjunto \u00ba 007 \/2021 &nbsp; Considerando o Ato Normativo Conjunto 004\/2021, de 18 de mar\u00e7o de 2021,\u00a0atrav\u00e9s do qual as medidas protetivas em vigor ou prestes [&hellip;]<\/p>\n","protected":false},"author":8,"featured_media":0,"comment_status":"closed","ping_status":"closed","sticky":false,"template":"","format":"standard","meta":{"footnotes":""},"categories":[4,14],"tags":[],"_links":{"self":[{"href":"https:\/\/www.tjes.jus.br\/corregedoria\/wp-json\/wp\/v2\/posts\/31776"}],"collection":[{"href":"https:\/\/www.tjes.jus.br\/corregedoria\/wp-json\/wp\/v2\/posts"}],"about":[{"href":"https:\/\/www.tjes.jus.br\/corregedoria\/wp-json\/wp\/v2\/types\/post"}],"author":[{"embeddable":true,"href":"https:\/\/www.tjes.jus.br\/corregedoria\/wp-json\/wp\/v2\/users\/8"}],"replies":[{"embeddable":true,"href":"https:\/\/www.tjes.jus.br\/corregedoria\/wp-json\/wp\/v2\/comments?post=31776"}],"version-history":[{"count":1,"href":"https:\/\/www.tjes.jus.br\/corregedoria\/wp-json\/wp\/v2\/posts\/31776\/revisions"}],"predecessor-version":[{"id":31777,"href":"https:\/\/www.tjes.jus.br\/corregedoria\/wp-json\/wp\/v2\/posts\/31776\/revisions\/31777"}],"wp:attachment":[{"href":"https:\/\/www.tjes.jus.br\/corregedoria\/wp-json\/wp\/v2\/media?parent=31776"}],"wp:term":[{"taxonomy":"category","embeddable":true,"href":"https:\/\/www.tjes.jus.br\/corregedoria\/wp-json\/wp\/v2\/categories?post=31776"},{"taxonomy":"post_tag","embeddable":true,"href":"https:\/\/www.tjes.jus.br\/corregedoria\/wp-json\/wp\/v2\/tags?post=31776"}],"curies":[{"name":"wp","href":"https:\/\/api.w.org\/{rel}","templated":true}]}}