{"id":31783,"date":"2021-05-07T13:31:27","date_gmt":"2021-05-07T16:31:27","guid":{"rendered":"https:\/\/www.tjes.jus.br\/corregedoria\/?p=31783"},"modified":"2021-05-07T14:21:45","modified_gmt":"2021-05-07T17:21:45","slug":"oficio-circular-cgjes-0743314-2021-disp-07-05-2021","status":"publish","type":"post","link":"https:\/\/www.tjes.jus.br\/corregedoria\/2021\/05\/07\/oficio-circular-cgjes-0743314-2021-disp-07-05-2021\/","title":{"rendered":"OF\u00cdCIO CIRCULAR CGJES 0743314\/2021 &#8211; DISP. 07\/05\/2021"},"content":{"rendered":"<p class=\"Texto_Centralizado_Maiusculas\" style=\"text-align: center;\"><strong>OF\u00cdCIO CIRCULAR CGJES\u00a00743314\/7002235-84.2021.8.08.0000<\/strong><\/p>\n<p>&nbsp;<\/p>\n<p>&nbsp;<\/p>\n<p class=\"Texto_Justificado\" style=\"text-align: justify;\">O Desembargador\u00a0<strong>NEY BATISTA COUTINHO<\/strong>, Corregedor Geral da Justi\u00e7a do Estado do Esp\u00edrito Santo, no uso de suas atribui\u00e7\u00f5es legais,<\/p>\n<p class=\"Texto_Justificado\" style=\"text-align: justify;\"><strong>CONSIDERANDO<\/strong>\u00a0que a Corregedoria Geral da Justi\u00e7a \u00e9 \u00f3rg\u00e3o de fiscaliza\u00e7\u00e3o, disciplina e orienta\u00e7\u00e3o administrativa do foro judicial e extrajudicial, com jurisdi\u00e7\u00e3o em todo o Estado, conforme artigo 35 da Lei Complementar Estadual n.\u00ba 234\/2002 (COJES);<\/p>\n<p class=\"Texto_Justificado\" style=\"text-align: justify;\"><strong>CONSIDERANDO<\/strong>\u00a0os termos da Resolu\u00e7\u00e3o CNJ n\u00ba 100, de 24\/11\/2009, que disp\u00f4s, em resumo, acerca da comunica\u00e7\u00e3o oficial, por meio eletr\u00f4nico, no \u00e2mbito do Poder Judici\u00e1rio;<\/p>\n<p class=\"Texto_Justificado\" style=\"text-align: justify;\"><strong>CONSIDERANDO<\/strong>\u00a0os termos do Of\u00edcio Circular n\u00ba 25\/2014, disponibilizado no e-di\u00e1rio de 25\/04\/2014, que regulamentou o uso do Sistema Hermes \u2013 Malote Digital para comunica\u00e7\u00f5es oficiais e de mero expediente no \u00e2mbito do Poder Judici\u00e1rio;<\/p>\n<p class=\"Texto_Justificado\" style=\"text-align: justify;\"><strong>CONSIDERANDO<\/strong>\u00a0os termos da Resolu\u00e7\u00e3o n\u00ba 70\/2013, disponibilizada no DJES de 05 de dezembro de 2013 e republicada em 09 de dezembro de 2013, que determinou a implanta\u00e7\u00e3o do Sistema Eletr\u00f4nico de Informa\u00e7\u00f5es \u2013 SEI, no \u00e2mbito administrativo do Poder Judici\u00e1rio do Estado do Esp\u00edrito Santo;<\/p>\n<p class=\"Texto_Justificado\" style=\"text-align: justify;\"><strong>CONSIDERANDO<\/strong>\u00a0os termos da Ordem de Servi\u00e7o n\u00ba 03\/2018, disponibilizada no DJES de 13 de abril de 2018, que determinou a utiliza\u00e7\u00e3o obrigat\u00f3ria do Sistema Eletr\u00f4nico de Informa\u00e7\u00f5es \u2013 SEI, a partir de 20 de abril de 2018, para registro e processamento de documentos\/procedimentos, nesta Corregedoria Geral da Justi\u00e7a do Estado do Esp\u00edrito Santo;<\/p>\n<p class=\"Texto_Justificado\" style=\"text-align: justify;\"><strong>CONSIDERANDO<\/strong>, por fim, as dificuldades causadas pelos m\u00faltiplos envios de malotes digitais e processos instaurados no SEI \u2013 Sistema Eletr\u00f4nico de Informa\u00e7\u00f5es, para as diversas unidades administrativas desta Corregedoria.<\/p>\n<p class=\"Texto_Justificado\" style=\"text-align: justify;\"><strong>RESOLVE<\/strong>:<\/p>\n<p class=\"Texto_Justificado\" style=\"text-align: justify;\"><strong>Artigo 1\u00ba.\u00a0<\/strong><strong>O<\/strong><strong>RIENTAR\u00a0<\/strong>a todos os magistrados, servidores e estagi\u00e1rios do Poder Judici\u00e1rio do Estado do Esp\u00edrito Santo que encaminhem os documentos\u00a0gerados no 1\u00ba Grau\u00a0<strong>unicamente<\/strong>\u00a0ao setor competente ou\u00a0demandante, quando do envio de respostas e comunica\u00e7\u00f5es a esta Corregedoria Geral da Justi\u00e7a do Estado do Esp\u00edrito Santo.<\/p>\n<p class=\"Texto_Justificado\" style=\"text-align: justify;\"><strong>Artigo\u00a0<\/strong><strong>2<\/strong><strong>\u00ba.\u00a0<\/strong><strong>ORIENTAR<\/strong>, ainda, que\u00a0as Portarias referentes \u00e0s\u00a0<strong>I<\/strong><strong>nspe\u00e7<\/strong><strong>\u00f5es<\/strong><strong>\u00a0<\/strong><strong>J<\/strong><strong>udicia<\/strong><strong>is<\/strong><strong>\u00a0e\u00a0<\/strong><strong>E<\/strong><strong>xtrajudicia<\/strong><strong>is\u00a0<\/strong>sejam encaminhadas para a\u00a0<strong>Secretaria de Monitoramento Judicial e Extrajudicial\u00a0<\/strong><strong>exclusivamente\u00a0<\/strong>via Sistema Hermes \u2013 Malote Digital, na forma determinada pelo \u00a71\u00ba, art. 21, do C\u00f3digo de Normas \u2013 Foro Judicial \u2013 Tomo I.<\/p>\n<p class=\"Texto_Justificado\" style=\"text-align: justify;\"><strong>Artigo\u00a0<\/strong><strong>3<\/strong><strong>\u00ba.\u00a0<\/strong>Este Of\u00edcio Circular entra em vigor na data de sua publica\u00e7\u00e3o.<\/p>\n<p class=\"Tabela_Texto_Alinhado_Esquerda\" style=\"text-align: justify;\">Vit\u00f3ria\/ES, 22 de abril de 2021.<\/p>\n<p>&nbsp;<\/p>\n<p>&nbsp;<\/p>\n<p class=\"Tabela_Texto_Centralizado\" style=\"text-align: center;\"><strong>DESEMBARGADOR NEY BATISTA COUTINHO<\/strong><\/p>\n<p class=\"Tabela_Texto_Centralizado\" style=\"text-align: center;\"><strong>Corregedor Geral da Justi\u00e7a<\/strong><\/p>\n","protected":false},"excerpt":{"rendered":"<p>OF\u00cdCIO CIRCULAR CGJES\u00a00743314\/7002235-84.2021.8.08.0000 &nbsp; &nbsp; O Desembargador\u00a0NEY BATISTA COUTINHO, Corregedor Geral da Justi\u00e7a do Estado do Esp\u00edrito Santo, no uso de suas atribui\u00e7\u00f5es legais, CONSIDERANDO\u00a0que a Corregedoria Geral da Justi\u00e7a \u00e9 \u00f3rg\u00e3o de fiscaliza\u00e7\u00e3o, disciplina e orienta\u00e7\u00e3o administrativa do foro judicial e extrajudicial, com jurisdi\u00e7\u00e3o em todo o Estado, conforme artigo 35 da Lei Complementar [&hellip;]<\/p>\n","protected":false},"author":15,"featured_media":0,"comment_status":"closed","ping_status":"closed","sticky":false,"template":"","format":"standard","meta":{"footnotes":""},"categories":[14,5],"tags":[],"_links":{"self":[{"href":"https:\/\/www.tjes.jus.br\/corregedoria\/wp-json\/wp\/v2\/posts\/31783"}],"collection":[{"href":"https:\/\/www.tjes.jus.br\/corregedoria\/wp-json\/wp\/v2\/posts"}],"about":[{"href":"https:\/\/www.tjes.jus.br\/corregedoria\/wp-json\/wp\/v2\/types\/post"}],"author":[{"embeddable":true,"href":"https:\/\/www.tjes.jus.br\/corregedoria\/wp-json\/wp\/v2\/users\/15"}],"replies":[{"embeddable":true,"href":"https:\/\/www.tjes.jus.br\/corregedoria\/wp-json\/wp\/v2\/comments?post=31783"}],"version-history":[{"count":2,"href":"https:\/\/www.tjes.jus.br\/corregedoria\/wp-json\/wp\/v2\/posts\/31783\/revisions"}],"predecessor-version":[{"id":31786,"href":"https:\/\/www.tjes.jus.br\/corregedoria\/wp-json\/wp\/v2\/posts\/31783\/revisions\/31786"}],"wp:attachment":[{"href":"https:\/\/www.tjes.jus.br\/corregedoria\/wp-json\/wp\/v2\/media?parent=31783"}],"wp:term":[{"taxonomy":"category","embeddable":true,"href":"https:\/\/www.tjes.jus.br\/corregedoria\/wp-json\/wp\/v2\/categories?post=31783"},{"taxonomy":"post_tag","embeddable":true,"href":"https:\/\/www.tjes.jus.br\/corregedoria\/wp-json\/wp\/v2\/tags?post=31783"}],"curies":[{"name":"wp","href":"https:\/\/api.w.org\/{rel}","templated":true}]}}