{"id":31790,"date":"2021-05-07T15:06:30","date_gmt":"2021-05-07T18:06:30","guid":{"rendered":"https:\/\/www.tjes.jus.br\/corregedoria\/?p=31790"},"modified":"2021-05-07T15:35:32","modified_gmt":"2021-05-07T18:35:32","slug":"provimento-no-51-2021-disp-07-05-2021","status":"publish","type":"post","link":"https:\/\/www.tjes.jus.br\/corregedoria\/2021\/05\/07\/provimento-no-51-2021-disp-07-05-2021\/","title":{"rendered":"PROVIMENTO N\u00ba 51\/2021 &#8211; DISP. 07\/05\/2021"},"content":{"rendered":"<p class=\"Texto_Centralizado\" style=\"text-align: center;\"><strong>PROVIMENTO N\u00ba 51\/2021<\/strong><\/p>\n<p>&nbsp;<\/p>\n<p>&nbsp;<\/p>\n<p class=\"Texto_Justificado\" style=\"text-align: justify;\">O Desembargador\u00a0<strong>NEY BATISTA COUTINHO<\/strong>, Corregedor Geral da Justi\u00e7a do Estado do Esp\u00edrito Santo, no uso de suas atribui\u00e7\u00f5es legais,<\/p>\n<p class=\"Texto_Justificado\" style=\"text-align: justify;\"><strong>CONSIDERANDO\u00a0<\/strong>que a Corregedoria Geral da Justi\u00e7a \u00e9 \u00f3rg\u00e3o de fiscaliza\u00e7\u00e3o, que disciplina a orienta\u00e7\u00e3o administrativa com jurisdi\u00e7\u00e3o em todo o Estado do Espirito Santo, conforme artigo 35,\u00a0<em>caput,\u00a0<\/em>da Lei Complementar Estadual n\u00ba 234\/02 (C\u00f3digo de Organiza\u00e7\u00e3o Judici\u00e1ria);<\/p>\n<p class=\"Texto_Justificado\" style=\"text-align: justify;\"><strong>CONSIDERANDO\u00a0<\/strong>que compete aos Ju\u00edzes Corregedores examinar e emitir pareceres em processos administrativos e disciplinares, despachando de ordem do Corregedor Geral nos expedientes sob seu exame, nos termos do art. 5\u00ba, al\u00ednea \u201c<em>c<\/em>\u201d, do Provimento n\u00b0\u00a045\/2011;<\/p>\n<p class=\"Texto_Justificado\" style=\"text-align: justify;\"><strong>CONSIDERANDO\u00a0<\/strong>a necessidade de aprimorar as atribui\u00e7\u00f5es dos setores administrativos desta Corregedoria, visando a maior efici\u00eancia e qualidade da presta\u00e7\u00e3o de servi\u00e7o neste \u00f3rg\u00e3o;<\/p>\n<p class=\"Texto_Justificado\" style=\"text-align: justify;\"><strong>RESOLVE:<\/strong><\/p>\n<p class=\"Texto_Justificado\" style=\"text-align: justify;\"><strong>Art. 1\u00b0\u00a0<\/strong>Alterar a reda\u00e7\u00e3o do \u00a71\u00ba e do \u00a72\u00ba, do art. 1\u00ba do <a href=\"https:\/\/www.tjes.jus.br\/corregedoria\/2019\/02\/13\/provimento-no-18-2019-disp-25-01-2019\/\">Provimento n\u00ba 18\/2019<\/a>, nos seguintes termos:<\/p>\n<p class=\"Texto_Justificado\" style=\"text-align: justify;\">\u201c<em>[<\/em><em>&#8230;<\/em><em>]<\/em><\/p>\n<p class=\"Texto_Justificado\" style=\"text-align: justify;\"><em>\u00a7 1\u00ba. N\u00e3o dependem de despacho os atos ordin\u00e1rios de compet\u00eancia dos setores administrativos deste \u00f3rg\u00e3o, tais como juntada de documentos, concess\u00e3o de vista obrigat<\/em><em>\u00f3ria,\u00a0<\/em><em>pedidos de informa\u00e7\u00f5es relativas a cumprimento de cartas precat\u00f3rias\u00a0<\/em><em>distribu\u00eddas a Ju\u00edzos\u00a0<\/em><em>vinculados ao<\/em><em>\u00a0Poder Judici\u00e1rio\u00a0<\/em><em>do Estado do Esp\u00edrito Santo<\/em><em>,<\/em><em>\u00a0expedi\u00e7\u00e3o de of\u00edcios regulares de controle,\u00a0<\/em><em>bem como<\/em><em>\u00a0reitera\u00e7\u00e3o,\u00a0<\/em><em>pelo prazo impreter\u00edvel de 5 (cinco) dias,<\/em><em>\u00a0de of\u00edcios\u00a0<\/em><em>n\u00e3o respondidos,<\/em><em>\u00a0<\/em><em>endere\u00e7ados a magistrados, servidores\u00a0<\/em><em>e\u00a0<\/em><em>delegat\u00e1rios,\u00a0<\/em><em>devendo, quando necess\u00e1rio,\u00a0<\/em><em>ser<\/em><em>em<\/em><em>\u00a0<\/em><em>revistos<\/em><em>\u00a0pelos Ju\u00edzes Corregedores;<\/em><\/p>\n<p class=\"Texto_Justificado\" style=\"text-align: justify;\"><em>\u00a7 2\u00ba. Os despachos e of\u00edcios subscritos pelos ju\u00edzes auxiliares ou pelos setores administrativos deste \u00f3rg\u00e3o dever\u00e3o conter a express\u00e3o \u201cde ordem\u201d para a indica\u00e7\u00e3o da compet\u00eancia delegada;<\/em><\/p>\n<p class=\"Texto_Justificado\" style=\"text-align: justify;\"><strong>Artigo\u00a0<\/strong><strong>2<\/strong><strong>\u00ba.\u00a0<\/strong>Acrescentar ao artigo 2\u00ba, do <a href=\"https:\/\/www.tjes.jus.br\/corregedoria\/2019\/02\/13\/provimento-no-18-2019-disp-25-01-2019\/\">Provimento n\u00ba 18\/2019<\/a>, o seguinte par\u00e1grafo \u00fanico:<\/p>\n<p class=\"Texto_Justificado\" style=\"text-align: justify;\">\u201c<em>Artigo 2\u00ba. [\u2026]<\/em><\/p>\n<p class=\"Texto_Justificado\" style=\"text-align: justify;\"><em>Par\u00e1grafo \u00fanico. As Portarias de instaura\u00e7\u00e3o de Inspe\u00e7\u00e3o Judicial e Extrajudicial que forem encaminhadas a esta Corregedoria Geral da Justi\u00e7a e estiverem fundamentadas em legisla\u00e7\u00e3o revogada ser\u00e3o imediatamente devolvidas ao \u00f3rg\u00e3o de origem, independentemente de despacho dos Ju\u00edzes Corregedores.\u201d.<\/em><\/p>\n<p class=\"Texto_Justificado\" style=\"text-align: justify;\"><strong>Artigo\u00a0<\/strong><strong>3<\/strong><strong>\u00ba.\u00a0<\/strong>Este Provimento entrar\u00e1 em vigor na data de sua publica\u00e7\u00e3o.<\/p>\n<p>&nbsp;<\/p>\n<p>&nbsp;<\/p>\n<p class=\"Texto_Justificado\">Vit\u00f3ria, 23\u00a0de abril\u00a0de 2021.<\/p>\n<p>&nbsp;<\/p>\n<p class=\"Tabela_Texto_Centralizado\" style=\"text-align: center;\"><strong>DESEMBARGADOR NEY BATISTA COUTINHO<\/strong><\/p>\n<p class=\"Tabela_Texto_Centralizado\" style=\"text-align: center;\"><strong>Corregedor Geral da Justi\u00e7a<\/strong><\/p>\n","protected":false},"excerpt":{"rendered":"<p>PROVIMENTO N\u00ba 51\/2021 &nbsp; &nbsp; O Desembargador\u00a0NEY BATISTA COUTINHO, Corregedor Geral da Justi\u00e7a do Estado do Esp\u00edrito Santo, no uso de suas atribui\u00e7\u00f5es legais, CONSIDERANDO\u00a0que a Corregedoria Geral da Justi\u00e7a \u00e9 \u00f3rg\u00e3o de fiscaliza\u00e7\u00e3o, que disciplina a orienta\u00e7\u00e3o administrativa com jurisdi\u00e7\u00e3o em todo o Estado do Espirito Santo, conforme artigo 35,\u00a0caput,\u00a0da Lei Complementar Estadual n\u00ba [&hellip;]<\/p>\n","protected":false},"author":15,"featured_media":0,"comment_status":"closed","ping_status":"closed","sticky":false,"template":"","format":"standard","meta":{"footnotes":""},"categories":[14,16],"tags":[],"_links":{"self":[{"href":"https:\/\/www.tjes.jus.br\/corregedoria\/wp-json\/wp\/v2\/posts\/31790"}],"collection":[{"href":"https:\/\/www.tjes.jus.br\/corregedoria\/wp-json\/wp\/v2\/posts"}],"about":[{"href":"https:\/\/www.tjes.jus.br\/corregedoria\/wp-json\/wp\/v2\/types\/post"}],"author":[{"embeddable":true,"href":"https:\/\/www.tjes.jus.br\/corregedoria\/wp-json\/wp\/v2\/users\/15"}],"replies":[{"embeddable":true,"href":"https:\/\/www.tjes.jus.br\/corregedoria\/wp-json\/wp\/v2\/comments?post=31790"}],"version-history":[{"count":3,"href":"https:\/\/www.tjes.jus.br\/corregedoria\/wp-json\/wp\/v2\/posts\/31790\/revisions"}],"predecessor-version":[{"id":31800,"href":"https:\/\/www.tjes.jus.br\/corregedoria\/wp-json\/wp\/v2\/posts\/31790\/revisions\/31800"}],"wp:attachment":[{"href":"https:\/\/www.tjes.jus.br\/corregedoria\/wp-json\/wp\/v2\/media?parent=31790"}],"wp:term":[{"taxonomy":"category","embeddable":true,"href":"https:\/\/www.tjes.jus.br\/corregedoria\/wp-json\/wp\/v2\/categories?post=31790"},{"taxonomy":"post_tag","embeddable":true,"href":"https:\/\/www.tjes.jus.br\/corregedoria\/wp-json\/wp\/v2\/tags?post=31790"}],"curies":[{"name":"wp","href":"https:\/\/api.w.org\/{rel}","templated":true}]}}