{"id":31898,"date":"2021-05-21T13:24:17","date_gmt":"2021-05-21T16:24:17","guid":{"rendered":"https:\/\/www.tjes.jus.br\/corregedoria\/?p=31898"},"modified":"2021-05-21T13:24:17","modified_gmt":"2021-05-21T16:24:17","slug":"ato-normativo-no-042-2021-disp-21-05-2021","status":"publish","type":"post","link":"https:\/\/www.tjes.jus.br\/corregedoria\/2021\/05\/21\/ato-normativo-no-042-2021-disp-21-05-2021\/","title":{"rendered":"ATO NORMATIVO N\u00ba 042\/2021 &#8211; DISP. 21\/05\/2021"},"content":{"rendered":"<p style=\"text-align: center;\">PODER JUDICI\u00c1RIO DO ESTADO DO ESP\u00cdRITO SANTO &#8211; PJES<\/p>\n<p style=\"text-align: center;\">RUA DESEMBARGADOR HOMERO MAFRA,60 &#8211; Bairro ENSEADA DO SU\u00c1 &#8211; CEP 29050906 &#8211; Vit\u00f3ria &#8211; ES &#8211; www.tjes.jus.br<\/p>\n<p style=\"text-align: center;\">\n<p style=\"text-align: center;\"><strong>ATO NORMATIVO N\u00ba 042 \/\u00a0 2021.<\/strong><\/p>\n<p>&nbsp;<\/p>\n<p>O Excelent\u00edssimo Senhor Desembargador Ronaldo Gon\u00e7alves de Sousa, Presidente do Egr\u00e9gio Tribunal de Justi\u00e7a do Estado do Esp\u00edrito Santo, no uso de suas atribui\u00e7\u00f5es legais,<\/p>\n<p>&nbsp;<\/p>\n<p>CONSIDERANDO o teor do expediente protocolado\u00a0neste Egr\u00e9gio Tribunal de Justi\u00e7a sob o\u00a0n\u00famero\u00a07002726-91.2021.8.08.0000, encaminhado pelos Exmos Ju\u00edzes de Direito, Dra. Lorena Miranda Laranja do Amaral e Dr. Bernardo Alcuri de Souza,\u00a0por meio do qual requerem a\u00a0suspens\u00e3o dos prazos processuais no\u00a0dia 17\/05\/2021, em virtude da interrup\u00e7\u00e3o do fornecimento de \u00e1gua no pr\u00e9dio do Juizado Especial da Inf\u00e2ncia de Vit\u00f3ria\/ES e o Juizado Especial da Fazenda P\u00fablica de Vit\u00f3ria\/ES, localizado na Rua Em\u00edlio Ferreira da Silva, n\u00ba 135, Santa Martha, Vit\u00f3ria\/ES,<\/p>\n<p>&nbsp;<\/p>\n<p>RESOLVE:<\/p>\n<p>&nbsp;<\/p>\n<p><strong>SUSPENDER os\u00a0prazos processuais no\u00a0dia 17\/05\/2021<\/strong>,\u00a0\u00a0na Comarca de Vit\u00f3ria\/ES, especificamente nas unidades jurisdicionais localizadas na Rua Em\u00edlio Ferreira da Silva, n\u00ba 135, Santa Martha, Vit\u00f3ria\/ES, ressalvados os atos que tenham side regularmente praticado.<\/p>\n<p>&nbsp;<\/p>\n<p>Publique-se.<\/p>\n<p>&nbsp;<\/p>\n<p>Vit\u00f3ria, 20 de maio de 2021.<\/p>\n<p>&nbsp;<\/p>\n<p>&nbsp;<\/p>\n<p style=\"text-align: center;\">Desembargador RONALDO GON\u00c7ALVES DE SOUSA<\/p>\n<p style=\"text-align: center;\">Presidente &#8211; TJES<\/p>\n","protected":false},"excerpt":{"rendered":"<p>PODER JUDICI\u00c1RIO DO ESTADO DO ESP\u00cdRITO SANTO &#8211; PJES RUA DESEMBARGADOR HOMERO MAFRA,60 &#8211; Bairro ENSEADA DO SU\u00c1 &#8211; CEP 29050906 &#8211; Vit\u00f3ria &#8211; ES &#8211; www.tjes.jus.br ATO NORMATIVO N\u00ba 042 \/\u00a0 2021. &nbsp; O Excelent\u00edssimo Senhor Desembargador Ronaldo Gon\u00e7alves de Sousa, Presidente do Egr\u00e9gio Tribunal de Justi\u00e7a do Estado do Esp\u00edrito Santo, no uso [&hellip;]<\/p>\n","protected":false},"author":15,"featured_media":0,"comment_status":"closed","ping_status":"closed","sticky":false,"template":"","format":"standard","meta":{"footnotes":""},"categories":[4,14],"tags":[],"_links":{"self":[{"href":"https:\/\/www.tjes.jus.br\/corregedoria\/wp-json\/wp\/v2\/posts\/31898"}],"collection":[{"href":"https:\/\/www.tjes.jus.br\/corregedoria\/wp-json\/wp\/v2\/posts"}],"about":[{"href":"https:\/\/www.tjes.jus.br\/corregedoria\/wp-json\/wp\/v2\/types\/post"}],"author":[{"embeddable":true,"href":"https:\/\/www.tjes.jus.br\/corregedoria\/wp-json\/wp\/v2\/users\/15"}],"replies":[{"embeddable":true,"href":"https:\/\/www.tjes.jus.br\/corregedoria\/wp-json\/wp\/v2\/comments?post=31898"}],"version-history":[{"count":1,"href":"https:\/\/www.tjes.jus.br\/corregedoria\/wp-json\/wp\/v2\/posts\/31898\/revisions"}],"predecessor-version":[{"id":31899,"href":"https:\/\/www.tjes.jus.br\/corregedoria\/wp-json\/wp\/v2\/posts\/31898\/revisions\/31899"}],"wp:attachment":[{"href":"https:\/\/www.tjes.jus.br\/corregedoria\/wp-json\/wp\/v2\/media?parent=31898"}],"wp:term":[{"taxonomy":"category","embeddable":true,"href":"https:\/\/www.tjes.jus.br\/corregedoria\/wp-json\/wp\/v2\/categories?post=31898"},{"taxonomy":"post_tag","embeddable":true,"href":"https:\/\/www.tjes.jus.br\/corregedoria\/wp-json\/wp\/v2\/tags?post=31898"}],"curies":[{"name":"wp","href":"https:\/\/api.w.org\/{rel}","templated":true}]}}